{"id":109651,"date":"2025-12-06T23:38:11","date_gmt":"2025-12-06T23:38:11","guid":{"rendered":"https:\/\/www.europesays.com\/fi\/109651\/"},"modified":"2025-12-06T23:38:11","modified_gmt":"2025-12-06T23:38:11","slug":"keskeisia-verkkosivuja-kaatui-hs-fi","status":"publish","type":"post","link":"https:\/\/www.europesays.com\/fi\/109651\/","title":{"rendered":"Keskeisi\u00e4 verkkosivuja kaatui | HS.fi"},"content":{"rendered":"<p>Internet|Cloudflare-pilvipalvelun toiminnassa on ollut j\u00e4lleen ongelmia.<\/p>\n<p>5.12. 11:11 | P\u00e4ivitetty 5.12. 11:15<\/p>\n<p class=\"article-body mb-nof-24 px-nof-16\">Pilvipalveluita ja sis\u00e4ll\u00f6njakeluverkkoa tarjoavan Cloudflare-yhti\u00f6ll\u00e4 on perjantaina ollut j\u00e4lleen ongelmia. Muun muassa elokuvateatteriketju Finnkinon ja sosiaalisen median palvelun Linkedinin sivut olivat perjantaina aamup\u00e4iv\u00e4ll\u00e4 ainakin hetken aikaa poissa k\u00e4yt\u00f6st\u00e4.<\/p>\n<p class=\"article-body mb-nof-24 px-nof-16\">Viimeksi <a class=\"article-genericlink\" href=\"https:\/\/www.hs.fi\/talous\/art-2000011635607.html\" rel=\"nofollow noopener\" target=\"_blank\">marraskuussa<\/a> pilvipalvelussa oli pulmia. Tuolloinkin muun muassa Finnkinon sivut kaatuivat.<\/p>\n","protected":false},"excerpt":{"rendered":"Internet|Cloudflare-pilvipalvelun toiminnassa on ollut j\u00e4lleen ongelmia. 5.12. 11:11 | P\u00e4ivitetty 5.12. 11:15 Pilvipalveluita ja sis\u00e4ll\u00f6njakeluverkkoa tarjoavan Cloudflare-yhti\u00f6ll\u00e4 on&hellip;\n","protected":false},"author":2,"featured_media":96697,"comment_status":"","ping_status":"","sticky":false,"template":"","format":"standard","meta":{"footnotes":""},"categories":[87],"tags":[33,31,30,46,148,32,91,92],"class_list":{"0":"post-109651","1":"post","2":"type-post","3":"status-publish","4":"format-standard","5":"has-post-thumbnail","7":"category-internet","8":"tag-fi","9":"tag-finland","10":"tag-finnish","11":"tag-helsingin-sanomat","12":"tag-internet","13":"tag-suomi","14":"tag-technology","15":"tag-teknologia"},"share_on_mastodon":{"url":"https:\/\/pubeurope.com\/@fi\/115675260738680426","error":""},"_links":{"self":[{"href":"https:\/\/www.europesays.com\/fi\/wp-json\/wp\/v2\/posts\/109651","targetHints":{"allow":["GET"]}}],"collection":[{"href":"https:\/\/www.europesays.com\/fi\/wp-json\/wp\/v2\/posts"}],"about":[{"href":"https:\/\/www.europesays.com\/fi\/wp-json\/wp\/v2\/types\/post"}],"author":[{"embeddable":true,"href":"https:\/\/www.europesays.com\/fi\/wp-json\/wp\/v2\/users\/2"}],"replies":[{"embeddable":true,"href":"https:\/\/www.europesays.com\/fi\/wp-json\/wp\/v2\/comments?post=109651"}],"version-history":[{"count":0,"href":"https:\/\/www.europesays.com\/fi\/wp-json\/wp\/v2\/posts\/109651\/revisions"}],"wp:featuredmedia":[{"embeddable":true,"href":"https:\/\/www.europesays.com\/fi\/wp-json\/wp\/v2\/media\/96697"}],"wp:attachment":[{"href":"https:\/\/www.europesays.com\/fi\/wp-json\/wp\/v2\/media?parent=109651"}],"wp:term":[{"taxonomy":"category","embeddable":true,"href":"https:\/\/www.europesays.com\/fi\/wp-json\/wp\/v2\/categories?post=109651"},{"taxonomy":"post_tag","embeddable":true,"href":"https:\/\/www.europesays.com\/fi\/wp-json\/wp\/v2\/tags?post=109651"}],"curies":[{"name":"wp","href":"https:\/\/api.w.org\/{rel}","templated":true}]}}