{"id":109654,"date":"2025-12-06T23:48:09","date_gmt":"2025-12-06T23:48:09","guid":{"rendered":"https:\/\/www.europesays.com\/fi\/109654\/"},"modified":"2025-12-06T23:48:09","modified_gmt":"2025-12-06T23:48:09","slug":"haikaiseva-maali-jatkoajalla-supertahti-piti-coloradon-lennossa","status":"publish","type":"post","link":"https:\/\/www.europesays.com\/fi\/109654\/","title":{"rendered":"H\u00e4ik\u00e4isev\u00e4 maali jatkoajalla! Supert\u00e4hti piti Coloradon lennossa"},"content":{"rendered":"<p>Colorado Avalanche voitti taas.<\/p>\n<p>6.12. 22:55<\/p>\n<p class=\"article-body mb-nof-24 px-nof-16\">Colorado Avalanchen huima alkukausi jatkui Madison Square Gardenissa New Yorkissa.<\/p>\n<p class=\"article-body mb-nof-24 px-nof-16\">Avalanche l\u00f6i New York Rangersin 3\u20132 supert\u00e4hti <a class=\"article-personlink\" href=\"https:\/\/www.is.fi\/haku\/?query=Nathan%20MacKinnonin\" rel=\"nofollow noopener\" target=\"_blank\">Nathan MacKinnonin<\/a> jatkoaikamaalilla. MacKinnon osui joukkueelleen kahdesti.<\/p>\n<p class=\"article-body mb-nof-24 px-nof-16\">Voittomaali syntyi n\u00e4ytt\u00e4v\u00e4n soolon p\u00e4\u00e4tteeksi. MacKinnon sai hy\u00f6kk\u00e4ysalueella j\u00e4tt\u00f6sy\u00f6t\u00f6n <a class=\"article-personlink\" href=\"https:\/\/www.is.fi\/haku\/?query=Cale%20Makarilta\" rel=\"nofollow noopener\" target=\"_blank\">Cale Makarilta<\/a> ja py\u00f6ri sek\u00e4 purjehti Rangers-puolustuksen sekaisin.<\/p>\n<p class=\"article-body mb-nof-24 px-nof-16\">Lopulta kanadalainen nosti rystyll\u00e4 ohi maalivahti <a class=\"article-personlink\" href=\"https:\/\/www.is.fi\/haku\/?query=Igor%20Shestjorkinin\" rel=\"nofollow noopener\" target=\"_blank\">Igor Shestjorkinin<\/a>.<\/p>\n<p class=\"article-body mb-nof-24 px-nof-16\">MacKinnon nosti osumilla kauden maalisaldonsa jo 24:\u00e4\u00e4n. <a class=\"article-personlink\" href=\"https:\/\/www.is.fi\/haku\/?query=Parker%20Kelly\" rel=\"nofollow noopener\" target=\"_blank\">Parker Kelly<\/a> osui my\u00f6s Coloradolle.<\/p>\n<p class=\"article-body mb-nof-24 px-nof-16\">Voitto oli 20:s Coloradolle t\u00e4ll\u00e4 kaudella. Sen saldolla on vain kaksi tappiota varsinaisella peliajalla ja kuusi jatkoajalla. Avalanchella on NHL:n suurin pistepotti 28 pelatun ottelun j\u00e4lkeen.<\/p>\n","protected":false},"excerpt":{"rendered":"Colorado Avalanche voitti taas. 6.12. 22:55 Colorado Avalanchen huima alkukausi jatkui Madison Square Gardenissa New Yorkissa. Avalanche l\u00f6i&hellip;\n","protected":false},"author":2,"featured_media":109655,"comment_status":"","ping_status":"","sticky":false,"template":"","format":"standard","meta":{"footnotes":""},"categories":[158],"tags":[33,31,30,34,159,32,160],"class_list":{"0":"post-109654","1":"post","2":"type-post","3":"status-publish","4":"format-standard","5":"has-post-thumbnail","7":"category-urheilu","8":"tag-fi","9":"tag-finland","10":"tag-finnish","11":"tag-ilta-sanomat","12":"tag-sports","13":"tag-suomi","14":"tag-urheilu"},"share_on_mastodon":{"url":"https:\/\/pubeurope.com\/@fi\/115675300279062646","error":""},"_links":{"self":[{"href":"https:\/\/www.europesays.com\/fi\/wp-json\/wp\/v2\/posts\/109654","targetHints":{"allow":["GET"]}}],"collection":[{"href":"https:\/\/www.europesays.com\/fi\/wp-json\/wp\/v2\/posts"}],"about":[{"href":"https:\/\/www.europesays.com\/fi\/wp-json\/wp\/v2\/types\/post"}],"author":[{"embeddable":true,"href":"https:\/\/www.europesays.com\/fi\/wp-json\/wp\/v2\/users\/2"}],"replies":[{"embeddable":true,"href":"https:\/\/www.europesays.com\/fi\/wp-json\/wp\/v2\/comments?post=109654"}],"version-history":[{"count":0,"href":"https:\/\/www.europesays.com\/fi\/wp-json\/wp\/v2\/posts\/109654\/revisions"}],"wp:featuredmedia":[{"embeddable":true,"href":"https:\/\/www.europesays.com\/fi\/wp-json\/wp\/v2\/media\/109655"}],"wp:attachment":[{"href":"https:\/\/www.europesays.com\/fi\/wp-json\/wp\/v2\/media?parent=109654"}],"wp:term":[{"taxonomy":"category","embeddable":true,"href":"https:\/\/www.europesays.com\/fi\/wp-json\/wp\/v2\/categories?post=109654"},{"taxonomy":"post_tag","embeddable":true,"href":"https:\/\/www.europesays.com\/fi\/wp-json\/wp\/v2\/tags?post=109654"}],"curies":[{"name":"wp","href":"https:\/\/api.w.org\/{rel}","templated":true}]}}