{"id":109660,"date":"2025-12-06T23:54:13","date_gmt":"2025-12-06T23:54:13","guid":{"rendered":"https:\/\/www.europesays.com\/fi\/109660\/"},"modified":"2025-12-06T23:54:13","modified_gmt":"2025-12-06T23:54:13","slug":"sanna-marin-ja-suzanne-innes-stubb-olivat-kuin-kaksi-marjaa","status":"publish","type":"post","link":"https:\/\/www.europesays.com\/fi\/109660\/","title":{"rendered":"Sanna Marin ja Suzanne Innes-Stubb olivat &#8221;kuin kaksi marjaa&#8221;"},"content":{"rendered":"<p>Linnan juhlat|Linnan juhlien k\u00e4ttelyjonossa n\u00e4htiin hopeanhohtoinen yhteensattuma.<\/p>\n<p>6.12. 21:28<\/p>\n<p>Lue tiivistelm\u00e4<\/p>\n<p>Tiivistelm\u00e4 on teko\u00e4lyn tekem\u00e4 ja ihmisen tarkistama.<\/p>\n<p class=\"article-body mb-nof-24 px-nof-16 sndp-summary-bullet-point-font\">Entisen p\u00e4\u00e4ministerin Sanna Marinin ja presidentin puolison Suzanne Innes-Stubbin hopeiset puvut muistuttivat toisiaan Linnan juhlissa.<\/p>\n<p class=\"article-body mb-nof-24 px-nof-16 sndp-summary-bullet-point-font\">Muotiasiantuntija Miro H\u00e4m\u00e4l\u00e4inen kehuu Innes-Stubbin puvun vinojen leikkausten teknist\u00e4 toteutusta.<\/p>\n<p class=\"article-body mb-nof-24 px-nof-16 sndp-summary-bullet-point-font\">Marinin puku n\u00e4htiin illan aikana my\u00f6s mustana versiona fysioterapeutti Tony Elomaan seuralaisen yll\u00e4.<\/p>\n<p class=\"article-body mb-nof-24 px-nof-16\">Jotain samaa heiss\u00e4 on.<\/p>\n<p class=\"article-body mb-nof-24 px-nof-16\">Linnan juhlien k\u00e4ttelyjonossa entisen p\u00e4\u00e4ministerin <a class=\"article-personlink\" href=\"https:\/\/www.hs.fi\/haku\/?query=Sanna%20Marinin\" rel=\"nofollow noopener\" target=\"_blank\">Sanna Marinin<\/a> ja Tasavallan presidentin puolison <a class=\"article-personlink\" href=\"https:\/\/www.hs.fi\/haku\/?query=Suzanne%20Innes-Stubbin\" rel=\"nofollow noopener\" target=\"_blank\">Suzanne Innes-Stubbin<\/a> hopeiset puvut sointuivat n\u00e4ytt\u00e4v\u00e4sti yhteen.<\/p>\n<p class=\"article-body mb-nof-24 px-nof-16\">HS:n valokuvassa puvut n\u00e4ytt\u00e4v\u00e4t l\u00e4hes identtisilt\u00e4. Aivan kuin he olisivat sopineet yhteisest\u00e4 v\u00e4rikoodista ennen iltaa.<\/p>\n<p class=\"article-body mb-nof-24 px-nof-16\">\u201dEiv\u00e4t ihan kuin kaksi marjaa, mutta ehk\u00e4 serkukset\u201d, kuvailee HS:n haastattelema muotiasiantuntija <a class=\"article-personlink\" href=\"https:\/\/www.hs.fi\/haku\/?query=Miro%20H%C3%A4m%C3%A4l%C3%A4inen\" rel=\"nofollow noopener\" target=\"_blank\">Miro H\u00e4m\u00e4l\u00e4inen<\/a>.<\/p>\n<p class=\"article-body mb-nof-24 px-nof-16\">Vaaleanharmaa on H\u00e4m\u00e4l\u00e4isen mukaan juuri nyt trendik\u00e4s valinta. Kummankin asun ilme perustuu kankaan laskeutumiseen ja valon heijastumiseen, ja kangasta on k\u00e4ytetty suunnilleen yht\u00e4 paljon, mutta eri tavoin. Marinin puvussa kangasta on runsaasti helmassa, kun taas Innes-Stubbin asussa sama m\u00e4\u00e4r\u00e4 on siirretty olalle viittamaiseksi laahukseksi.<\/p>\n<p class=\"article-body mb-nof-24 px-nof-16\">Innes-Stubbin puvun on suunnitellut Liina Studion vaatesuunnittelija ja taiteellinen johtaja <a class=\"article-personlink\" href=\"https:\/\/www.hs.fi\/haku\/?query=Kaisa%20Turunen\" rel=\"nofollow noopener\" target=\"_blank\">Kaisa Turunen<\/a>. Asuun on yhdistetty Guldviva-korut. Puvun inspiraationa on toiminut utuinen meri. Sen kangas liukui l\u00e4hetyksess\u00e4 kauniin seesteisesti, kommentoi H\u00e4m\u00e4l\u00e4inen.<\/p>\n<p class=\"article-body mb-nof-24 px-nof-16\">\u201dInnes-Stubbin vy\u00f6t\u00e4r\u00f6n yli kulkeva vino leikkaus on imarteleva, eik\u00e4 teknisesti helpoimmasta p\u00e4\u00e4st\u00e4 toteuttaa. Nostan siit\u00e4 hattua\u201d, H\u00e4m\u00e4l\u00e4inen kehuu.<\/p>\n<p class=\"article-body mb-nof-24 px-nof-16\">Marinin asuvalinta tylsistytti H\u00e4m\u00e4l\u00e4ist\u00e4, sill\u00e4 sama puku n\u00e4htiin illan aikana aiemmin mustana versiona fysioterapeutti <a class=\"article-personlink\" href=\"https:\/\/www.hs.fi\/haku\/?query=Tony%20Elomaan\" rel=\"nofollow noopener\" target=\"_blank\">Tony Elomaan<\/a> seuralaisen <a class=\"article-personlink\" href=\"https:\/\/www.hs.fi\/haku\/?query=Janette%20Johanssonin\" rel=\"nofollow noopener\" target=\"_blank\">Janette Johanssonin<\/a> yll\u00e4.<\/p>\n<p class=\"article-body mb-nof-24 px-nof-16\">Puku on <a class=\"article-personlink\" href=\"https:\/\/www.hs.fi\/haku\/?query=Anne-Mari%20Pahkalan\" rel=\"nofollow noopener\" target=\"_blank\">Anne-Mari Pahkalan<\/a> k\u00e4sialaa. Korvakorut ovat Lumoava-merkin Bohemian-sarjaa.<\/p>\n<p class=\"article-body mb-nof-24 px-nof-16\">Marinin avoimet k\u00e4densuut tuovat H\u00e4m\u00e4l\u00e4isen mieleen festivaalityylin, jossa t-paidasta on leikattu hihat pois.<\/p>\n<p class=\"article-body mb-nof-24 px-nof-16\">\u201dSuuren maailman menij\u00e4lt\u00e4 toivoisi paljon enemm\u00e4n\u201d, H\u00e4m\u00e4l\u00e4inen kiteytti.<\/p>\n","protected":false},"excerpt":{"rendered":"Linnan juhlat|Linnan juhlien k\u00e4ttelyjonossa n\u00e4htiin hopeanhohtoinen yhteensattuma. 6.12. 21:28 Lue tiivistelm\u00e4 Tiivistelm\u00e4 on teko\u00e4lyn tekem\u00e4 ja ihmisen tarkistama.&hellip;\n","protected":false},"author":2,"featured_media":109661,"comment_status":"","ping_status":"","sticky":false,"template":"","format":"standard","meta":{"footnotes":""},"categories":[12],"tags":[22,23,26,27,33,31,30,17,46,24,25,28,29,15,18,21,32,19,20,16],"class_list":{"0":"post-109660","1":"post","2":"type-post","3":"status-publish","4":"format-standard","5":"has-post-thumbnail","7":"category-suomi","8":"tag-breaking-news","9":"tag-breakingnews","10":"tag-featured-news","11":"tag-featurednews","12":"tag-fi","13":"tag-finland","14":"tag-finnish","15":"tag-headlines","16":"tag-helsingin-sanomat","17":"tag-latest-news","18":"tag-latestnews","19":"tag-main-news","20":"tag-mainnews","21":"tag-news","22":"tag-otsikot","23":"tag-paauutiset","24":"tag-suomi","25":"tag-top-stories","26":"tag-topstories","27":"tag-uutiset"},"share_on_mastodon":{"url":"https:\/\/pubeurope.com\/@fi\/115675323708631407","error":""},"_links":{"self":[{"href":"https:\/\/www.europesays.com\/fi\/wp-json\/wp\/v2\/posts\/109660","targetHints":{"allow":["GET"]}}],"collection":[{"href":"https:\/\/www.europesays.com\/fi\/wp-json\/wp\/v2\/posts"}],"about":[{"href":"https:\/\/www.europesays.com\/fi\/wp-json\/wp\/v2\/types\/post"}],"author":[{"embeddable":true,"href":"https:\/\/www.europesays.com\/fi\/wp-json\/wp\/v2\/users\/2"}],"replies":[{"embeddable":true,"href":"https:\/\/www.europesays.com\/fi\/wp-json\/wp\/v2\/comments?post=109660"}],"version-history":[{"count":0,"href":"https:\/\/www.europesays.com\/fi\/wp-json\/wp\/v2\/posts\/109660\/revisions"}],"wp:featuredmedia":[{"embeddable":true,"href":"https:\/\/www.europesays.com\/fi\/wp-json\/wp\/v2\/media\/109661"}],"wp:attachment":[{"href":"https:\/\/www.europesays.com\/fi\/wp-json\/wp\/v2\/media?parent=109660"}],"wp:term":[{"taxonomy":"category","embeddable":true,"href":"https:\/\/www.europesays.com\/fi\/wp-json\/wp\/v2\/categories?post=109660"},{"taxonomy":"post_tag","embeddable":true,"href":"https:\/\/www.europesays.com\/fi\/wp-json\/wp\/v2\/tags?post=109660"}],"curies":[{"name":"wp","href":"https:\/\/api.w.org\/{rel}","templated":true}]}}