{"id":109662,"date":"2025-12-06T23:55:12","date_gmt":"2025-12-06T23:55:12","guid":{"rendered":"https:\/\/www.europesays.com\/fi\/109662\/"},"modified":"2025-12-06T23:55:12","modified_gmt":"2025-12-06T23:55:12","slug":"joukkio-tonaisi-ulkomaalaisen-naisen-katuun-helsingissa","status":"publish","type":"post","link":"https:\/\/www.europesays.com\/fi\/109662\/","title":{"rendered":"Joukkio t\u00f6n\u00e4isi ulkomaalaisen naisen katuun Helsingiss\u00e4"},"content":{"rendered":"<p><strong class=\"typography-bold\">Silminn\u00e4kij\u00e4 kertoi STT:lle todistaneensa itsen\u00e4isyysp\u00e4iv\u00e4n\u00e4, kuinka naamioitunut joukkio t\u00f6n\u00e4isi ulkomaalaisen naisen katuun T\u00f6\u00f6l\u00f6ntorin kulmalla.<\/strong><\/p>\n<p>T\u00f6\u00f6l\u00f6ntorilla kokoontui itsen\u00e4isyysp\u00e4iv\u00e4n\u00e4 \u00e4\u00e4rioikeistoa kokoava 612-soihtukulkue.<\/p>\n<p>\u2013\u2009Olin aika l\u00e4hell\u00e4 T\u00f6\u00f6l\u00f6ntorin sis\u00e4\u00e4nk\u00e4ynti\u00e4 Tykist\u00f6nkadulla, miss\u00e4 oli sellainen poliisirivist\u00f6. Sielt\u00e4 tuli tummiin pilottirotseihin ja naamioihin pukeutunut porukka, heit\u00e4 oli ainakin kymmenen, silminn\u00e4kij\u00e4 kertoi STT:lle.\u00a0<\/p>\n<p>Silminn\u00e4kij\u00e4n henkil\u00f6llisyys on STT:n tiedossa.\u00a0<\/p>\n<p>Silminn\u00e4kij\u00e4n mukaan naamiot olivat joko sinivalkoisia tai mustavalkoisia.\u00a0<\/p>\n<p>Aiemmin p\u00e4iv\u00e4ll\u00e4 j\u00e4rjestettyyn sinimustan liikkeen Suomi her\u00e4\u00e4 -mielenosoitukseen osallistui sinivalkoisiin hiihtomaskeihin sonnustautuneita nuoria miehi\u00e4, jotka kantoivat \u00e4\u00e4rioikeistolaisen kamppailukerho Active Clubin lippuja.\u00a0<\/p>\n<p>STT:n tiedossa ei ole, liittyv\u00e4tk\u00f6 t\u00f6n\u00e4isij\u00e4t Active Clubiin vai eiv\u00e4t.<\/p>\n<p>\u2013\u2009N\u00e4in, kun he tulivat maahanmuuttajataustaisen naisen takaa ja t\u00f6n\u00e4isiv\u00e4t h\u00e4net tarkoituksella maahan. Se oli vaarallisen n\u00e4k\u00f6ist\u00e4, koska siin\u00e4 oli kivinen rotvalli, silminn\u00e4kij\u00e4 kertoi.<\/p>\n<p>Silminn\u00e4kij\u00e4n mukaan nainen kertoi h\u00e4nelle olevansa ulkomaalainen. Nainen ei n\u00e4ytt\u00e4nyt loukkaantuneen vakavasti.<\/p>\n<p>Lue my\u00f6s: <a class=\"underline\" data-testid=\"internal-link\" role=\"link\" data-sentry-element=\"Link\" data-sentry-component=\"InternalLink\" data-sentry-source-file=\"InternalLink.tsx\" href=\"https:\/\/www.mtvuutiset.fi\/artikkeli\/suora-lahetys-kello-17-30-mtv-seuraa-itsenaisyyspaivan-mielenosoituksia-helsingissa\/9266240\" rel=\"nofollow noopener\" target=\"_blank\">Mielenosoittajat kohtasivat Helsingiss\u00e4, poliisi otti kiinni nelj\u00e4 protestoijaa<\/a><strong class=\"typography-bold\">Poliisi vahvistaa h\u00e4t\u00e4puhelun<\/strong><\/p>\n<p>Silminn\u00e4kij\u00e4 kertoi tilanteesta paikalla olleille poliiseille, mutta h\u00e4nen mukaansa n\u00e4m\u00e4 eiv\u00e4t puuttuneet asiaan, vaan ohjeistivat soittamaan h\u00e4t\u00e4keskukseen.<\/p>\n<p>\u2013\u2009Seurasin t\u00e4t\u00e4 porukkaa ja huusin poliisia, ett\u00e4 t\u00e4\u00e4ll\u00e4 on pahoinpitely. Sitten poliisi sanoi minulle, ett\u00e4 lopeta h\u00e4irik\u00f6inti.<\/p>\n<p>Silminn\u00e4kij\u00e4n mukaan poliisit ilmoittivat h\u00e4nelle, ett\u00e4 eiv\u00e4t puutu asiaan, koska heill\u00e4 on toinen teht\u00e4v\u00e4.<\/p>\n<p>Helsingin poliisin viestinn\u00e4st\u00e4 vahvistetaan silminn\u00e4kij\u00e4n kuvailema h\u00e4t\u00e4puhelu. Poliisilla ei ole omia havaintoja tapahtumista.\u00a0<\/p>\n","protected":false},"excerpt":{"rendered":"Silminn\u00e4kij\u00e4 kertoi STT:lle todistaneensa itsen\u00e4isyysp\u00e4iv\u00e4n\u00e4, kuinka naamioitunut joukkio t\u00f6n\u00e4isi ulkomaalaisen naisen katuun T\u00f6\u00f6l\u00f6ntorin kulmalla. T\u00f6\u00f6l\u00f6ntorilla kokoontui itsen\u00e4isyysp\u00e4iv\u00e4n\u00e4 \u00e4\u00e4rioikeistoa&hellip;\n","protected":false},"author":2,"featured_media":109663,"comment_status":"","ping_status":"","sticky":false,"template":"","format":"standard","meta":{"footnotes":""},"categories":[5],"tags":[22,23,26,27,33,31,30,17,24,25,28,29,15,18,21,32,19,20,16],"class_list":{"0":"post-109662","1":"post","2":"type-post","3":"status-publish","4":"format-standard","5":"has-post-thumbnail","7":"category-otsikot","8":"tag-breaking-news","9":"tag-breakingnews","10":"tag-featured-news","11":"tag-featurednews","12":"tag-fi","13":"tag-finland","14":"tag-finnish","15":"tag-headlines","16":"tag-latest-news","17":"tag-latestnews","18":"tag-main-news","19":"tag-mainnews","20":"tag-news","21":"tag-otsikot","22":"tag-paauutiset","23":"tag-suomi","24":"tag-top-stories","25":"tag-topstories","26":"tag-uutiset"},"share_on_mastodon":{"url":"https:\/\/pubeurope.com\/@fi\/115675327583160583","error":""},"_links":{"self":[{"href":"https:\/\/www.europesays.com\/fi\/wp-json\/wp\/v2\/posts\/109662","targetHints":{"allow":["GET"]}}],"collection":[{"href":"https:\/\/www.europesays.com\/fi\/wp-json\/wp\/v2\/posts"}],"about":[{"href":"https:\/\/www.europesays.com\/fi\/wp-json\/wp\/v2\/types\/post"}],"author":[{"embeddable":true,"href":"https:\/\/www.europesays.com\/fi\/wp-json\/wp\/v2\/users\/2"}],"replies":[{"embeddable":true,"href":"https:\/\/www.europesays.com\/fi\/wp-json\/wp\/v2\/comments?post=109662"}],"version-history":[{"count":0,"href":"https:\/\/www.europesays.com\/fi\/wp-json\/wp\/v2\/posts\/109662\/revisions"}],"wp:featuredmedia":[{"embeddable":true,"href":"https:\/\/www.europesays.com\/fi\/wp-json\/wp\/v2\/media\/109663"}],"wp:attachment":[{"href":"https:\/\/www.europesays.com\/fi\/wp-json\/wp\/v2\/media?parent=109662"}],"wp:term":[{"taxonomy":"category","embeddable":true,"href":"https:\/\/www.europesays.com\/fi\/wp-json\/wp\/v2\/categories?post=109662"},{"taxonomy":"post_tag","embeddable":true,"href":"https:\/\/www.europesays.com\/fi\/wp-json\/wp\/v2\/tags?post=109662"}],"curies":[{"name":"wp","href":"https:\/\/api.w.org\/{rel}","templated":true}]}}