{"id":109665,"date":"2025-12-07T00:07:09","date_gmt":"2025-12-07T00:07:09","guid":{"rendered":"https:\/\/www.europesays.com\/fi\/109665\/"},"modified":"2025-12-07T00:07:09","modified_gmt":"2025-12-07T00:07:09","slug":"kaj-yhtye-paljastaa-mita-alexander-stubb-vitsaili-heille-kattelyssa","status":"publish","type":"post","link":"https:\/\/www.europesays.com\/fi\/109665\/","title":{"rendered":"KAJ-yhtye paljastaa, mit\u00e4 Alexander Stubb vitsaili heille k\u00e4ttelyss\u00e4"},"content":{"rendered":"<p><strong class=\"typography-bold\">KAJ-yhtyeen j\u00e4senet kertovat, ett\u00e4 halusivat tehd\u00e4 Euroviisuissa selv\u00e4ksi, ett\u00e4 he ovat suomalaisia ja erityisesti, ett\u00e4 sauna on suomalainen keksint\u00f6.\u00a0<\/strong><\/p>\n<p><a class=\"underline\" data-testid=\"internal-link\" role=\"link\" data-sentry-element=\"Link\" data-sentry-component=\"InternalLink\" data-sentry-source-file=\"InternalLink.tsx\" href=\"https:\/\/www.mtvuutiset.fi\/aihe\/kaj\/9114178\" rel=\"nofollow noopener\" target=\"_blank\">KAJ<\/a>-yhtyeen j\u00e4senet <strong class=\"typography-bold\">Jakob Norrg\u00e5rd<\/strong>, <strong class=\"typography-bold\">Kevin Holmstr\u00f6m<\/strong> ja <strong class=\"typography-bold\">Axel \u00c5hman<\/strong> kertoivat <a class=\"underline\" data-testid=\"external-link\" href=\"https:\/\/www.mtv.fi\/video\/fcc7569bebb51cd008dd\/jakso-1-linnan-juhlat\" rel=\"noopener noreferrer nofollow\" data-sentry-component=\"ExternalLink\" data-sentry-source-file=\"ExternalLink.tsx\" target=\"_blank\">MTV Uutisten haastattelussa<\/a> <a class=\"underline\" data-testid=\"internal-link\" role=\"link\" data-sentry-element=\"Link\" data-sentry-component=\"InternalLink\" data-sentry-source-file=\"InternalLink.tsx\" href=\"https:\/\/www.mtvuutiset.fi\/aihe\/linnan-juhlat\/2839424\" rel=\"nofollow noopener\" target=\"_blank\">Linnan juhlissa<\/a>, ett\u00e4 heille oli t\u00e4rke\u00e4\u00e4 tehd\u00e4 <a class=\"underline\" data-testid=\"internal-link\" role=\"link\" data-sentry-element=\"Link\" data-sentry-component=\"InternalLink\" data-sentry-source-file=\"InternalLink.tsx\" href=\"https:\/\/www.mtvuutiset.fi\/aihe\/euroviisut\/2838618\" rel=\"nofollow noopener\" target=\"_blank\">Euroviisuissa<\/a> selv\u00e4ksi, ett\u00e4 sauna tulee nimenomaan Suomesta.\u00a0<\/p>\n<p>\u2013 Pidimme kyll\u00e4 huolen siit\u00e4, ett\u00e4 kaikki tiet\u00e4v\u00e4t, ett\u00e4 sauna tulee Suomesta ja ett\u00e4 olemme suomalaisia, jotka edustavat Ruotsia, yhtyeen j\u00e4senet kertoivat.\u00a0<\/p>\n<p>He paljastavat, ett\u00e4 vitsailivat <strong class=\"typography-bold\">Alexander Stubbin<\/strong> kanssa Bara Bada Bastu -kappaleen lyriikoilla k\u00e4ttelyss\u00e4.\u00a0<\/p>\n<p>\u2013 H\u00e4n kysyi, ett\u00e4 &#8221;e va&#8217; p\u00e5 v\u00e4rman j\u00e4r&#8221;, miehet kertovat.\u00a0<\/p>\n<p>Videolla yhtyeen j\u00e4senet kertovat, mit\u00e4 mielt\u00e4 he ovat Euroviisujen ymp\u00e4rill\u00e4 py\u00f6rineest\u00f6 keskustelusta. Katso video!\u00a0<\/p>\n","protected":false},"excerpt":{"rendered":"KAJ-yhtyeen j\u00e4senet kertovat, ett\u00e4 halusivat tehd\u00e4 Euroviisuissa selv\u00e4ksi, ett\u00e4 he ovat suomalaisia ja erityisesti, ett\u00e4 sauna on suomalainen&hellip;\n","protected":false},"author":2,"featured_media":109666,"comment_status":"","ping_status":"","sticky":false,"template":"","format":"standard","meta":{"footnotes":""},"categories":[136],"tags":[407,137,33,31,30,408,32,109],"class_list":{"0":"post-109665","1":"post","2":"type-post","3":"status-publish","4":"format-standard","5":"has-post-thumbnail","7":"category-julkkikset","8":"tag-celebrities","9":"tag-entertainment","10":"tag-fi","11":"tag-finland","12":"tag-finnish","13":"tag-julkkikset","14":"tag-suomi","15":"tag-viihde"},"share_on_mastodon":{"url":"https:\/\/pubeurope.com\/@fi\/115675374749615573","error":""},"_links":{"self":[{"href":"https:\/\/www.europesays.com\/fi\/wp-json\/wp\/v2\/posts\/109665","targetHints":{"allow":["GET"]}}],"collection":[{"href":"https:\/\/www.europesays.com\/fi\/wp-json\/wp\/v2\/posts"}],"about":[{"href":"https:\/\/www.europesays.com\/fi\/wp-json\/wp\/v2\/types\/post"}],"author":[{"embeddable":true,"href":"https:\/\/www.europesays.com\/fi\/wp-json\/wp\/v2\/users\/2"}],"replies":[{"embeddable":true,"href":"https:\/\/www.europesays.com\/fi\/wp-json\/wp\/v2\/comments?post=109665"}],"version-history":[{"count":0,"href":"https:\/\/www.europesays.com\/fi\/wp-json\/wp\/v2\/posts\/109665\/revisions"}],"wp:featuredmedia":[{"embeddable":true,"href":"https:\/\/www.europesays.com\/fi\/wp-json\/wp\/v2\/media\/109666"}],"wp:attachment":[{"href":"https:\/\/www.europesays.com\/fi\/wp-json\/wp\/v2\/media?parent=109665"}],"wp:term":[{"taxonomy":"category","embeddable":true,"href":"https:\/\/www.europesays.com\/fi\/wp-json\/wp\/v2\/categories?post=109665"},{"taxonomy":"post_tag","embeddable":true,"href":"https:\/\/www.europesays.com\/fi\/wp-json\/wp\/v2\/tags?post=109665"}],"curies":[{"name":"wp","href":"https:\/\/api.w.org\/{rel}","templated":true}]}}