{"id":109679,"date":"2025-12-07T00:33:17","date_gmt":"2025-12-07T00:33:17","guid":{"rendered":"https:\/\/www.europesays.com\/fi\/109679\/"},"modified":"2025-12-07T00:33:17","modified_gmt":"2025-12-07T00:33:17","slug":"tata-suomalaista-piirretta-jenni-vartiaisen-newyorkilaiset-ystavat-arvostavat","status":"publish","type":"post","link":"https:\/\/www.europesays.com\/fi\/109679\/","title":{"rendered":"T\u00e4t\u00e4 suomalaista piirrett\u00e4 Jenni Vartiaisen newyorkilaiset yst\u00e4v\u00e4t arvostavat"},"content":{"rendered":"<p><strong class=\"typography-bold\">Artisti Jenni Vartiainen on asunut aiemmin perheineen New Yorkissa.\u00a0<\/strong><\/p>\n<p>Artisti <a class=\"underline\" data-testid=\"internal-link\" role=\"link\" data-sentry-element=\"Link\" data-sentry-component=\"InternalLink\" data-sentry-source-file=\"InternalLink.tsx\" href=\"https:\/\/www.mtvuutiset.fi\/aihe\/jenni-vartiainen\/2839004\" rel=\"nofollow noopener\" target=\"_blank\"><strong class=\"typography-bold\">Jenni Vartiainen<\/strong> <\/a>esitti <a class=\"underline\" data-testid=\"internal-link\" role=\"link\" data-sentry-element=\"Link\" data-sentry-component=\"InternalLink\" data-sentry-source-file=\"InternalLink.tsx\" href=\"https:\/\/www.mtvuutiset.fi\/aihe\/linnan-juhlat\/2839424\" rel=\"nofollow noopener\" target=\"_blank\">Linnan juhlissa<\/a> kappaleensa Miss\u00e4 muruseni on, jonka tahtiin presidenttipari tanssi ensimm\u00e4isen tanssinsa.\u00a0<\/p>\n<p>Vartiaisen mukaan Presidentinlinnassa esiintymisess\u00e4 on jotakin todella kohottavaa.\u00a0<\/p>\n<p>\u2013 Siin\u00e4 on jotakin todella arvokasta ja ikuista, kun olemme t\u00e4llaisissa puitteissa. N\u00f6yr\u00e4ksi pist\u00e4\u00e4, Vartiainen kertoi <a class=\"underline\" data-testid=\"external-link\" href=\"https:\/\/www.mtv.fi\/video\/fcc7569bebb51cd008dd\/jakso-1-linnan-juhlat\" rel=\"noopener noreferrer nofollow\" data-sentry-component=\"ExternalLink\" data-sentry-source-file=\"ExternalLink.tsx\" target=\"_blank\">MTV Uutisten erikoisl\u00e4hetyksess\u00e4.<\/a>\u00a0<\/p>\n","protected":false},"excerpt":{"rendered":"Artisti Jenni Vartiainen on asunut aiemmin perheineen New Yorkissa.\u00a0 Artisti Jenni Vartiainen esitti Linnan juhlissa kappaleensa Miss\u00e4 muruseni&hellip;\n","protected":false},"author":2,"featured_media":109680,"comment_status":"","ping_status":"","sticky":false,"template":"","format":"standard","meta":{"footnotes":""},"categories":[136],"tags":[407,137,33,31,30,408,32,109],"class_list":{"0":"post-109679","1":"post","2":"type-post","3":"status-publish","4":"format-standard","5":"has-post-thumbnail","7":"category-julkkikset","8":"tag-celebrities","9":"tag-entertainment","10":"tag-fi","11":"tag-finland","12":"tag-finnish","13":"tag-julkkikset","14":"tag-suomi","15":"tag-viihde"},"share_on_mastodon":{"url":"https:\/\/pubeurope.com\/@fi\/115675476988120304","error":""},"_links":{"self":[{"href":"https:\/\/www.europesays.com\/fi\/wp-json\/wp\/v2\/posts\/109679","targetHints":{"allow":["GET"]}}],"collection":[{"href":"https:\/\/www.europesays.com\/fi\/wp-json\/wp\/v2\/posts"}],"about":[{"href":"https:\/\/www.europesays.com\/fi\/wp-json\/wp\/v2\/types\/post"}],"author":[{"embeddable":true,"href":"https:\/\/www.europesays.com\/fi\/wp-json\/wp\/v2\/users\/2"}],"replies":[{"embeddable":true,"href":"https:\/\/www.europesays.com\/fi\/wp-json\/wp\/v2\/comments?post=109679"}],"version-history":[{"count":0,"href":"https:\/\/www.europesays.com\/fi\/wp-json\/wp\/v2\/posts\/109679\/revisions"}],"wp:featuredmedia":[{"embeddable":true,"href":"https:\/\/www.europesays.com\/fi\/wp-json\/wp\/v2\/media\/109680"}],"wp:attachment":[{"href":"https:\/\/www.europesays.com\/fi\/wp-json\/wp\/v2\/media?parent=109679"}],"wp:term":[{"taxonomy":"category","embeddable":true,"href":"https:\/\/www.europesays.com\/fi\/wp-json\/wp\/v2\/categories?post=109679"},{"taxonomy":"post_tag","embeddable":true,"href":"https:\/\/www.europesays.com\/fi\/wp-json\/wp\/v2\/tags?post=109679"}],"curies":[{"name":"wp","href":"https:\/\/api.w.org\/{rel}","templated":true}]}}