{"id":109681,"date":"2025-12-07T00:40:12","date_gmt":"2025-12-07T00:40:12","guid":{"rendered":"https:\/\/www.europesays.com\/fi\/109681\/"},"modified":"2025-12-07T00:40:12","modified_gmt":"2025-12-07T00:40:12","slug":"tero-seppala-ainoana-suomalaismiehena-ostersundin-takaa-ajoon","status":"publish","type":"post","link":"https:\/\/www.europesays.com\/fi\/109681\/","title":{"rendered":"Tero Sepp\u00e4l\u00e4 ainoana suomalaismiehen\u00e4 \u00d6stersundin takaa-ajoon"},"content":{"rendered":"<p>    <img decoding=\"async\" class=\"responsive-image article__image-image lozad\"   src=\"https:\/\/www.europesays.com\/fi\/wp-content\/uploads\/2025\/12\/9cgrHYE2594-lNBcVe1gEmoLm-IFR8czhaQGeRv3clb1eIjDSfFIFy08bahsC4BZJ7fYkB_ZWLEf8c3Os_DS3d3vW0LAUmiMdKBZ.jpeg\" alt=\"Tero Sepp\u00e4l\u00e4 p\u00e4\u00e4see ainoana suomalaisena starttaamaan sunnuntain takaa-ajoon.\"\/><\/p>\n<p>\n                Tero Sepp\u00e4l\u00e4 p\u00e4\u00e4see ainoana suomalaisena starttaamaan sunnuntain takaa-ajoon.\n              <\/p>\n<p>\n                Kuva: Vesa Moilanen \/ Lehtikuva\/Arkisto\n              <\/p>\n<p class=\"article__paragraph\">\n      Tero Sepp\u00e4l\u00e4 ylsi ainoana suomalaismiehen\u00e4 ampumahiihdon maailmancup-viikon p\u00e4\u00e4tt\u00e4v\u00e4\u00e4n takaa-ajoon Ruotsin \u00d6stersundissa. Sepp\u00e4l\u00e4 sijoittui lauantaina miesten pikakilpailussa 26:nneksi ja varmisti paikkansa sunnuntain takaa-ajokisassa.\n    <\/p>\n<p class=\"article__paragraph\">\n      Sepp\u00e4l\u00e4 ampui pikamatkalla ohilaukauksen sek\u00e4 makuu- ett\u00e4 pystypaikalta. Eroa kilpailun norjalaiseen voittajaan Johan-Olav Botniin kertyi minuutti ja 45 sekuntia.\n    <\/p>\n<p class=\"article__paragraph\">\n      \u2013\u2009Harmittavasti v\u00e4h\u00e4n liikaa meni ohi. Yhden sakon olisi ehk\u00e4 kest\u00e4nyt, niin olisi voinut p\u00e4\u00e4st\u00e4 tiukassa kisassa hyville sijoille, Sepp\u00e4l\u00e4 summasi Ylelle.\n    <\/p>\n<p class=\"article__paragraph\">\n      Norja otti pikamatkalla kaksoisvoiton, kun Martin Uldal oli toinen. Ranskan Quentin Fillon Maillet sijoittui kolmanneksi.\n    <\/p>\n<p class=\"article__paragraph\">\n      Suomen Tuomas Harjula oli nelj\u00e4ll\u00e4 sakolla 67:s ja Kalle Loukkaanhuhta yhdell\u00e4 sakolla 82:s. Takaa-ajoon p\u00e4\u00e4si kisan 60 parasta.\n    <\/p>\n<p class=\"article__paragraph\">\n      Suvi Minkkinen l\u00e4htee sunnuntaina naisten takaa-ajoon k\u00e4rkisijalta. Minkkinen voitti \u00d6stersundissa perjantaina naisten pikamatkan.\n    <\/p>\n","protected":false},"excerpt":{"rendered":"Tero Sepp\u00e4l\u00e4 p\u00e4\u00e4see ainoana suomalaisena starttaamaan sunnuntain takaa-ajoon. Kuva: Vesa Moilanen \/ Lehtikuva\/Arkisto Tero Sepp\u00e4l\u00e4 ylsi ainoana suomalaismiehen\u00e4&hellip;\n","protected":false},"author":2,"featured_media":109682,"comment_status":"","ping_status":"","sticky":false,"template":"","format":"standard","meta":{"footnotes":""},"categories":[158],"tags":[33,31,30,159,32,160],"class_list":{"0":"post-109681","1":"post","2":"type-post","3":"status-publish","4":"format-standard","5":"has-post-thumbnail","7":"category-urheilu","8":"tag-fi","9":"tag-finland","10":"tag-finnish","11":"tag-sports","12":"tag-suomi","13":"tag-urheilu"},"share_on_mastodon":{"url":"https:\/\/pubeurope.com\/@fi\/115675504769989353","error":""},"_links":{"self":[{"href":"https:\/\/www.europesays.com\/fi\/wp-json\/wp\/v2\/posts\/109681","targetHints":{"allow":["GET"]}}],"collection":[{"href":"https:\/\/www.europesays.com\/fi\/wp-json\/wp\/v2\/posts"}],"about":[{"href":"https:\/\/www.europesays.com\/fi\/wp-json\/wp\/v2\/types\/post"}],"author":[{"embeddable":true,"href":"https:\/\/www.europesays.com\/fi\/wp-json\/wp\/v2\/users\/2"}],"replies":[{"embeddable":true,"href":"https:\/\/www.europesays.com\/fi\/wp-json\/wp\/v2\/comments?post=109681"}],"version-history":[{"count":0,"href":"https:\/\/www.europesays.com\/fi\/wp-json\/wp\/v2\/posts\/109681\/revisions"}],"wp:featuredmedia":[{"embeddable":true,"href":"https:\/\/www.europesays.com\/fi\/wp-json\/wp\/v2\/media\/109682"}],"wp:attachment":[{"href":"https:\/\/www.europesays.com\/fi\/wp-json\/wp\/v2\/media?parent=109681"}],"wp:term":[{"taxonomy":"category","embeddable":true,"href":"https:\/\/www.europesays.com\/fi\/wp-json\/wp\/v2\/categories?post=109681"},{"taxonomy":"post_tag","embeddable":true,"href":"https:\/\/www.europesays.com\/fi\/wp-json\/wp\/v2\/tags?post=109681"}],"curies":[{"name":"wp","href":"https:\/\/api.w.org\/{rel}","templated":true}]}}