{"id":109685,"date":"2025-12-07T00:45:09","date_gmt":"2025-12-07T00:45:09","guid":{"rendered":"https:\/\/www.europesays.com\/fi\/109685\/"},"modified":"2025-12-07T00:45:09","modified_gmt":"2025-12-07T00:45:09","slug":"kaj-edustaa-linnan-juhlissa-frakkien-yksityiskohdat-kiinnittivat-huomion","status":"publish","type":"post","link":"https:\/\/www.europesays.com\/fi\/109685\/","title":{"rendered":"KAJ edustaa Linnan juhlissa \u2013 Frakkien yksityiskohdat kiinnittiv\u00e4t huomion"},"content":{"rendered":"<p>Ruotsia Euroviisuissa edustanut yhtye saapui puolisoidensa kanssa Linnan juhliin.<\/p>\n<p><img decoding=\"async\" class=\"image image-show image-preview\" src=\"https:\/\/www.europesays.com\/fi\/wp-content\/uploads\/2025\/12\/83916762b5f561f1e7622cccae3896bb7bfaea403029a7dd492152dab2da9a03.jpg\" alt=\"\"\/><img decoding=\"async\" class=\"image image-show\" src=\"https:\/\/www.europesays.com\/fi\/wp-content\/uploads\/2025\/12\/1765068309_186_83916762b5f561f1e7622cccae3896bb7bfaea403029a7dd492152dab2da9a03.jpg\" alt=\"\"\/><\/p>\n<p>Viisumenestyst\u00e4 t\u00e4n\u00e4 vuonna tahkonneet KAJ eli Kevin Holmstr\u00f6m, Axel \u00c5hman ja Jakob Norrg\u00e5rd. Roosa Br\u00f6ijer<\/p>\n<p class=\"paragraph\">KAJ-yhtyeen j\u00e4senet <a href=\"https:\/\/www.iltalehti.fi\/henkilot\/Kevin Holmstr\u00f6m\" class=\"article-link-person-page\" rel=\"nofollow noopener\" target=\"_blank\">Kevin Holmstr\u00f6m<\/a>, <a href=\"https:\/\/www.iltalehti.fi\/henkilot\/Axel \u00c5hman\" class=\"article-link-person-page\" rel=\"nofollow noopener\" target=\"_blank\">Axel \u00c5hman<\/a> ja <a href=\"https:\/\/www.iltalehti.fi\/henkilot\/Jakob Norrg\u00e5rd\" class=\"article-link-person-page\" rel=\"nofollow noopener\" target=\"_blank\">Jakob Norrg\u00e5rd<\/a> saapuivat puolisoidensa kanssa Linnan juhliin.<\/p>\n<p class=\"paragraph\">V\u00f6yril\u00e4isyhtye edustaa ensimm\u00e4ist\u00e4 kertaa itsen\u00e4isyysp\u00e4iv\u00e4n vastaanotolla Presidentinlinnassa. Kolmikko kertoo Iltalehden suorassa l\u00e4hetyksess\u00e4, ett\u00e4 aika on mennyt l\u00e4hinn\u00e4 haastattelujen antamiseen ja kuvien ottamiseen.<\/p>\n<p class=\"paragraph\">\u2013 En ole n\u00e4hnyt boolia, en ole n\u00e4hnyt tansseja. L\u00f6ysin pari viinilasia, \u00c5hman kertoo juhlakiireist\u00e4.<\/p>\n<p class=\"paragraph\">Valtaisan euroviisumenestyksen ja mediapy\u00f6rityst\u00e4 t\u00e4ynn\u00e4 olleen vuoden j\u00e4lkeen yhtye aikoo ensi vuonna ottaa hieman rauhallisemmin.<\/p>\n<p class=\"paragraph\">\u2013 Uusia biisej\u00e4 on tulossa, uusia keikkoja kyll\u00e4. Yritet\u00e4\u00e4n p\u00e4\u00e4st\u00e4, ett\u00e4 ainakin kes\u00e4ll\u00e4 kaikilla, jotka haluaisivat n\u00e4hd\u00e4 meid\u00e4t, olisi tilaisuus tulla meit\u00e4 katsomaan, Holmstr\u00f6m sanoo.<\/p>\n<p class=\"paragraph\">\u2013 Sauna on viel\u00e4 kuuma, Norrg\u00e5rd sanoo vieress\u00e4.<\/p>\n<p class=\"paragraph\">Tasavallan presidentti Alexander Stubb on yhtyeen j\u00e4senten mukaan milloin tahansa tervetullut saunomaan.<\/p>\n<p class=\"paragraph\">\u2013 H\u00e4n saa tulla milloin vain, sovitaan joku p\u00e4iv\u00e4m\u00e4\u00e4r\u00e4, Holmstr\u00f6m sanoo.<\/p>\n<p>T\u00e4llaisiin asuihin KAJ\u2019n j\u00e4senet olivat pukeutuneet Linnan juhlissa.  Roosa Br\u00f6ijer<\/p>\n<p class=\"paragraph\">Iltalehden haastattelun j\u00e4lkeen kolmikolla oli aikeissa suunnata vihdoin tanssimaan ja l\u00f6yt\u00e4\u00e4 Linnan juhlien kuuluisa booli jostakin.<\/p>\n<p class=\"paragraph\">Holmstr\u00f6min, \u00c5hmanin ja Norrg\u00e5rdin frakit suunnitteli <a href=\"https:\/\/www.iltalehti.fi\/henkilot\/Mert Otsamo\" class=\"article-link-person-page\" rel=\"nofollow noopener\" target=\"_blank\">Mert Otsamo<\/a>. Kaikkien kolmen artistin puvussa on koivun lehden muotokielest\u00e4 inspiroituneita koristeluja.<\/p>\n<p class=\"paragraph\">Holmstr\u00f6min puoliso <strong>Lina Raunio<\/strong> edustaa linnassa <a href=\"https:\/\/www.iltalehti.fi\/henkilot\/Katri Niskanen\" class=\"article-link-person-page\" rel=\"nofollow noopener\" target=\"_blank\">Katri Niskasen<\/a> luomuksessa. Rauniolla on yll\u00e4 okran kultainen taftiviitta, jonka hihoissa n\u00e4hd\u00e4\u00e4n \u201drunsaasti veistoksellista volyymia\u201d. Sen kanssa h\u00e4nell\u00e4 on klassinen, linjakas musta iltapuku, joka on niin ik\u00e4\u00e4n Niskasen k\u00e4sialaa. Iltapuvussa on levenev\u00e4t hihat.<\/p>\n<p>Kevin Holmstr\u00f6min takana presidenttiparia k\u00e4ttelee h\u00e4nen puolisonsa Lina Raunio.  Timo Korhonen\/AOP<\/p>\n","protected":false},"excerpt":{"rendered":"Ruotsia Euroviisuissa edustanut yhtye saapui puolisoidensa kanssa Linnan juhliin. Viisumenestyst\u00e4 t\u00e4n\u00e4 vuonna tahkonneet KAJ eli Kevin Holmstr\u00f6m, Axel&hellip;\n","protected":false},"author":2,"featured_media":109686,"comment_status":"","ping_status":"","sticky":false,"template":"","format":"standard","meta":{"footnotes":""},"categories":[14],"tags":[35,138,22,23,26,27,33,31,30,17,3674,763,24,25,28,29,47,15,18,21,32,397,484,19,20,56,16,59,60,61],"class_list":{"0":"post-109685","1":"post","2":"type-post","3":"status-publish","4":"format-standard","5":"has-post-thumbnail","7":"category-ulkomaat","8":"tag-24h","9":"tag-audio","10":"tag-breaking-news","11":"tag-breakingnews","12":"tag-featured-news","13":"tag-featurednews","14":"tag-fi","15":"tag-finland","16":"tag-finnish","17":"tag-headlines","18":"tag-juhla-ja-vapaapaivat","19":"tag-kulttuuri-ja-viihde","20":"tag-latest-news","21":"tag-latestnews","22":"tag-main-news","23":"tag-mainnews","24":"tag-musiikki","25":"tag-news","26":"tag-otsikot","27":"tag-paauutiset","28":"tag-suomi","29":"tag-taide","30":"tag-taiteellinen-ilmaisu-ja-mediat","31":"tag-top-stories","32":"tag-topstories","33":"tag-ulkomaat","34":"tag-uutiset","35":"tag-world","36":"tag-world-news","37":"tag-worldnews"},"share_on_mastodon":{"url":"https:\/\/pubeurope.com\/@fi\/115675524516099661","error":""},"_links":{"self":[{"href":"https:\/\/www.europesays.com\/fi\/wp-json\/wp\/v2\/posts\/109685","targetHints":{"allow":["GET"]}}],"collection":[{"href":"https:\/\/www.europesays.com\/fi\/wp-json\/wp\/v2\/posts"}],"about":[{"href":"https:\/\/www.europesays.com\/fi\/wp-json\/wp\/v2\/types\/post"}],"author":[{"embeddable":true,"href":"https:\/\/www.europesays.com\/fi\/wp-json\/wp\/v2\/users\/2"}],"replies":[{"embeddable":true,"href":"https:\/\/www.europesays.com\/fi\/wp-json\/wp\/v2\/comments?post=109685"}],"version-history":[{"count":0,"href":"https:\/\/www.europesays.com\/fi\/wp-json\/wp\/v2\/posts\/109685\/revisions"}],"wp:featuredmedia":[{"embeddable":true,"href":"https:\/\/www.europesays.com\/fi\/wp-json\/wp\/v2\/media\/109686"}],"wp:attachment":[{"href":"https:\/\/www.europesays.com\/fi\/wp-json\/wp\/v2\/media?parent=109685"}],"wp:term":[{"taxonomy":"category","embeddable":true,"href":"https:\/\/www.europesays.com\/fi\/wp-json\/wp\/v2\/categories?post=109685"},{"taxonomy":"post_tag","embeddable":true,"href":"https:\/\/www.europesays.com\/fi\/wp-json\/wp\/v2\/tags?post=109685"}],"curies":[{"name":"wp","href":"https:\/\/api.w.org\/{rel}","templated":true}]}}