{"id":109687,"date":"2025-12-07T00:46:08","date_gmt":"2025-12-07T00:46:08","guid":{"rendered":"https:\/\/www.europesays.com\/fi\/109687\/"},"modified":"2025-12-07T00:46:08","modified_gmt":"2025-12-07T00:46:08","slug":"mahdollinen-ampumistilanne-haminassa-itsenaisyyspaivana-mtv-uutiset","status":"publish","type":"post","link":"https:\/\/www.europesays.com\/fi\/109687\/","title":{"rendered":"Mahdollinen ampumistilanne Haminassa itsen\u00e4isyysp\u00e4iv\u00e4n\u00e4 | MTV Uutiset"},"content":{"rendered":"<p><strong class=\"typography-bold\">Kaakkois-Suomen poliisi <\/strong><a class=\"underline\" data-testid=\"external-link\" href=\"https:\/\/poliisi.fi\/-\/poliisilla-monipartiotehtava-haminassa\" rel=\"noopener noreferrer nofollow\" data-sentry-component=\"ExternalLink\" data-sentry-source-file=\"ExternalLink.tsx\" target=\"_blank\"><strong class=\"typography-bold\">kertoo <\/strong><\/a><strong class=\"typography-bold\">selvitt\u00e4v\u00e4ns\u00e4 mahdollista ampumistilannetta Haminassa.\u00a0<\/strong><\/p>\n<p>Poliisi kertoi saaneensa t\u00e4n\u00e4\u00e4n lauantaina teht\u00e4v\u00e4n hieman puoli seitsem\u00e4n j\u00e4lkeen illalla Haminassa sijaitsevaan ravintolaan, jossa ep\u00e4iltiin ammutun aseella.<\/p>\n<p>Paikalla oli useita partioita. Poliisi kertoi ottaneensa kiinni kaksi ihmist\u00e4.<\/p>\n<p>Poliisista ei kerrottu lauantaina STT:lle, tapahtuiko ep\u00e4ilty ampuminen sis\u00e4ll\u00e4 ravintolassa tai esimerkiksi sen edustalla.<\/p>\n<p>Poliisin mukaan henkil\u00f6vahinkoja ei ampumisessa tapahtunut eik\u00e4 tilanteesta ollut sivullisille vaaraa en\u00e4\u00e4 iltakahdeksan j\u00e4lkeen.<\/p>\n<p>Poliisi ei lauantaina kertonut asiasta enemp\u00e4\u00e4. Tiedottamisesta vastaa my\u00f6hemmin tapauksen tutkinnanjohtaja.<\/p>\n<p><strong class=\"typography-bold\">Lue my\u00f6s: <\/strong><a class=\"underline\" data-testid=\"internal-link\" role=\"link\" data-sentry-element=\"Link\" data-sentry-component=\"InternalLink\" data-sentry-source-file=\"InternalLink.tsx\" href=\"https:\/\/www.mtvuutiset.fi\/artikkeli\/kolari-eteni-pahoinpitelyksi-haminassa-poliisi-pyytaa-vihjeita-ja-kuvia\/9265874\" rel=\"nofollow noopener\" target=\"_blank\"><strong class=\"typography-bold\">Kolari eteni t\u00f6rke\u00e4ksi pahoinpitelyksi Haminassa: Poliisi pyyt\u00e4\u00e4 vihjeit\u00e4 ja kuvia<\/strong><\/a><\/p>\n","protected":false},"excerpt":{"rendered":"Kaakkois-Suomen poliisi kertoo selvitt\u00e4v\u00e4ns\u00e4 mahdollista ampumistilannetta Haminassa.\u00a0 Poliisi kertoi saaneensa t\u00e4n\u00e4\u00e4n lauantaina teht\u00e4v\u00e4n hieman puoli seitsem\u00e4n j\u00e4lkeen illalla&hellip;\n","protected":false},"author":2,"featured_media":109688,"comment_status":"","ping_status":"","sticky":false,"template":"","format":"standard","meta":{"footnotes":""},"categories":[12],"tags":[22,23,26,27,33,31,30,17,24,25,28,29,15,18,21,32,19,20,16],"class_list":{"0":"post-109687","1":"post","2":"type-post","3":"status-publish","4":"format-standard","5":"has-post-thumbnail","7":"category-suomi","8":"tag-breaking-news","9":"tag-breakingnews","10":"tag-featured-news","11":"tag-featurednews","12":"tag-fi","13":"tag-finland","14":"tag-finnish","15":"tag-headlines","16":"tag-latest-news","17":"tag-latestnews","18":"tag-main-news","19":"tag-mainnews","20":"tag-news","21":"tag-otsikot","22":"tag-paauutiset","23":"tag-suomi","24":"tag-top-stories","25":"tag-topstories","26":"tag-uutiset"},"share_on_mastodon":{"url":"https:\/\/pubeurope.com\/@fi\/115675528189955788","error":""},"_links":{"self":[{"href":"https:\/\/www.europesays.com\/fi\/wp-json\/wp\/v2\/posts\/109687","targetHints":{"allow":["GET"]}}],"collection":[{"href":"https:\/\/www.europesays.com\/fi\/wp-json\/wp\/v2\/posts"}],"about":[{"href":"https:\/\/www.europesays.com\/fi\/wp-json\/wp\/v2\/types\/post"}],"author":[{"embeddable":true,"href":"https:\/\/www.europesays.com\/fi\/wp-json\/wp\/v2\/users\/2"}],"replies":[{"embeddable":true,"href":"https:\/\/www.europesays.com\/fi\/wp-json\/wp\/v2\/comments?post=109687"}],"version-history":[{"count":0,"href":"https:\/\/www.europesays.com\/fi\/wp-json\/wp\/v2\/posts\/109687\/revisions"}],"wp:featuredmedia":[{"embeddable":true,"href":"https:\/\/www.europesays.com\/fi\/wp-json\/wp\/v2\/media\/109688"}],"wp:attachment":[{"href":"https:\/\/www.europesays.com\/fi\/wp-json\/wp\/v2\/media?parent=109687"}],"wp:term":[{"taxonomy":"category","embeddable":true,"href":"https:\/\/www.europesays.com\/fi\/wp-json\/wp\/v2\/categories?post=109687"},{"taxonomy":"post_tag","embeddable":true,"href":"https:\/\/www.europesays.com\/fi\/wp-json\/wp\/v2\/tags?post=109687"}],"curies":[{"name":"wp","href":"https:\/\/api.w.org\/{rel}","templated":true}]}}