{"id":109689,"date":"2025-12-07T00:47:08","date_gmt":"2025-12-07T00:47:08","guid":{"rendered":"https:\/\/www.europesays.com\/fi\/109689\/"},"modified":"2025-12-07T00:47:08","modified_gmt":"2025-12-07T00:47:08","slug":"goan-turistikohteessa-intiassa-yokerhopalo-useita-kuollut-uutisia-lyhyesti","status":"publish","type":"post","link":"https:\/\/www.europesays.com\/fi\/109689\/","title":{"rendered":"Goan turistikohteessa Intiassa y\u00f6kerhopalo \u2013 useita kuollut | Uutisia lyhyesti"},"content":{"rendered":"<p class=\"aw-1gybjub aw-5vja16 kEtdKx kmuxyA yle__article__paragraph\">Suurin osa uhreista on todenn\u00e4k\u00f6isesti y\u00f6kerhon ty\u00f6ntekij\u00f6it\u00e4, arvioi poliisi the Indian Express -lehden mukaan.<\/p>\n<p class=\"aw-1gybjub aw-1p7kakr kEtdKx cEmitX yle__article__paragraph\">Intiassa ainakin 23 ihmist\u00e4 on kuollut y\u00f6kerhossa syttyneess\u00e4 tulipalossa tunnetussa Goan lomakohteessa, kertovat viranomaiset.<\/p>\n<p class=\"aw-1gybjub aw-1p7kakr kEtdKx cEmitX yle__article__paragraph\">Poliisin mukaan suurin osa uhreista on todenn\u00e4k\u00f6isesti y\u00f6kerhon ty\u00f6ntekij\u00f6it\u00e4, kirjoittaa <a class=\"aw-iao6s4 iHOxEa yle__article__link\" href=\"https:\/\/indianexpress.com\/article\/india\/23-dead-in-midnight-fire-at-goa-club-cylinder-blast-suspected-to-be-behind-the-blaze-police-say-most-victims-appear-to-be-club-staff-10406666\/\" role=\"link\" rel=\"nofollow noopener\" target=\"_blank\">the Indian Express<\/a>. Osavaltion p\u00e4\u00e4ministeri <strong class=\"aw-ak79eh KyCXm yle__article__strong\">Pramod Sawant<\/strong> sanoi toimittajille, ett\u00e4 palossa menehtyi 3-4 turistia.<\/p>\n<p class=\"aw-1gybjub aw-1p7kakr kEtdKx cEmitX yle__article__paragraph\">Palo syttyi suositussa Birch by Romeo Lane -nimisess\u00e4 y\u00f6kerhossa Arporan alueella Pohjois-Goassa.<\/p>\n<p class=\"aw-1gybjub aw-1p7kakr kEtdKx cEmitX yle__article__paragraph\">Poliisi ep\u00e4ilee, ett\u00e4 palo sai alkunsa kaasus\u00e4ili\u00f6n r\u00e4j\u00e4hdetty\u00e4 y\u00f6kerhossa, kertoo the Indian Express -lehti.<\/p>\n<p class=\"aw-1gybjub aw-1p7kakr kEtdKx cEmitX yle__article__paragraph\">Uutinen p\u00e4ivittyy.<\/p>\n<p class=\"aw-1gybjub aw-1p7kakr kEtdKx cEmitX yle__article__paragraph\">L\u00e4hteet: AFP, Reuters<\/p>\n","protected":false},"excerpt":{"rendered":"Suurin osa uhreista on todenn\u00e4k\u00f6isesti y\u00f6kerhon ty\u00f6ntekij\u00f6it\u00e4, arvioi poliisi the Indian Express -lehden mukaan. Intiassa ainakin 23 ihmist\u00e4&hellip;\n","protected":false},"author":2,"featured_media":74,"comment_status":"","ping_status":"","sticky":false,"template":"","format":"standard","meta":{"footnotes":""},"categories":[5],"tags":[22,23,26,27,33,31,30,20452,17,24,25,28,29,15,837,18,21,32,19,20,56,16],"class_list":{"0":"post-109689","1":"post","2":"type-post","3":"status-publish","4":"format-standard","5":"has-post-thumbnail","7":"category-otsikot","8":"tag-breaking-news","9":"tag-breakingnews","10":"tag-featured-news","11":"tag-featurednews","12":"tag-fi","13":"tag-finland","14":"tag-finnish","15":"tag-goa","16":"tag-headlines","17":"tag-latest-news","18":"tag-latestnews","19":"tag-main-news","20":"tag-mainnews","21":"tag-news","22":"tag-onnettomuudet","23":"tag-otsikot","24":"tag-paauutiset","25":"tag-suomi","26":"tag-top-stories","27":"tag-topstories","28":"tag-ulkomaat","29":"tag-uutiset"},"share_on_mastodon":{"url":"https:\/\/pubeurope.com\/@fi\/115675532040508807","error":""},"_links":{"self":[{"href":"https:\/\/www.europesays.com\/fi\/wp-json\/wp\/v2\/posts\/109689","targetHints":{"allow":["GET"]}}],"collection":[{"href":"https:\/\/www.europesays.com\/fi\/wp-json\/wp\/v2\/posts"}],"about":[{"href":"https:\/\/www.europesays.com\/fi\/wp-json\/wp\/v2\/types\/post"}],"author":[{"embeddable":true,"href":"https:\/\/www.europesays.com\/fi\/wp-json\/wp\/v2\/users\/2"}],"replies":[{"embeddable":true,"href":"https:\/\/www.europesays.com\/fi\/wp-json\/wp\/v2\/comments?post=109689"}],"version-history":[{"count":0,"href":"https:\/\/www.europesays.com\/fi\/wp-json\/wp\/v2\/posts\/109689\/revisions"}],"wp:featuredmedia":[{"embeddable":true,"href":"https:\/\/www.europesays.com\/fi\/wp-json\/wp\/v2\/media\/74"}],"wp:attachment":[{"href":"https:\/\/www.europesays.com\/fi\/wp-json\/wp\/v2\/media?parent=109689"}],"wp:term":[{"taxonomy":"category","embeddable":true,"href":"https:\/\/www.europesays.com\/fi\/wp-json\/wp\/v2\/categories?post=109689"},{"taxonomy":"post_tag","embeddable":true,"href":"https:\/\/www.europesays.com\/fi\/wp-json\/wp\/v2\/tags?post=109689"}],"curies":[{"name":"wp","href":"https:\/\/api.w.org\/{rel}","templated":true}]}}