{"id":109690,"date":"2025-12-07T00:59:08","date_gmt":"2025-12-07T00:59:08","guid":{"rendered":"https:\/\/www.europesays.com\/fi\/109690\/"},"modified":"2025-12-07T00:59:08","modified_gmt":"2025-12-07T00:59:08","slug":"minja-koskela-suuteli-kiihkeasti-linnan-tanssilattialla","status":"publish","type":"post","link":"https:\/\/www.europesays.com\/fi\/109690\/","title":{"rendered":"Minja Koskela suuteli kiihke\u00e4sti Linnan tanssilattialla"},"content":{"rendered":"<p><strong class=\"typography-bold\">Linnan juhlissa n\u00e4htiin itsen\u00e4isyysp\u00e4iv\u00e4n\u00e4 joitain hyvin tunteikkaita hetki\u00e4.<\/strong><\/p>\n<p><strong class=\"typography-bold\">Jenni Vartiaisen <\/strong>Min\u00e4 sinua vaan -kappale kirvoitti tunteita tanssilattialla Linnan juhlissa lauantai-iltana.<\/p>\n<p>Ylen suorassa l\u00e4hetyksess\u00e4 vasemmistoliiton puheenjohtaja <strong class=\"typography-bold\">Minja Koskela <\/strong>suuteli pitk\u00e4\u00e4n kumppaniaan <strong class=\"typography-bold\">Timo Furuholmia<\/strong>.<\/p>\n<p>Tv-kameroiden taltioima kohtaus tanssilattialla oli kuin y\u00f6kerhosta, jossa ei v\u00e4litet\u00e4, mit\u00e4 ymp\u00e4rill\u00e4 tapahtuu tai kuvaako joku.<\/p>\n<p>Minja Koskela ja ex-jalkapalloilija ja kansanedustaja Timo Furuholm (vas.) vahvistivat seurustelevansa elokuussa 2024.<\/p>\n<p><strong class=\"typography-bold\">Lue my\u00f6s: <\/strong><a class=\"underline\" data-testid=\"internal-link\" role=\"link\" data-sentry-element=\"Link\" data-sentry-component=\"InternalLink\" data-sentry-source-file=\"InternalLink.tsx\" href=\"https:\/\/www.mtvuutiset.fi\/artikkeli\/il-timo-furuholmilla-ja-minja-koskelalla-suhde-istuvat-eduskunnassa-vierekkain\/8992650\" rel=\"nofollow noopener\" target=\"_blank\"><strong class=\"typography-bold\">IL: Timo Furuholmilla ja Minja Koskelalla suhde<\/strong><\/a><strong class=\"typography-bold\">Asusteena jalkapallon muotoinen laukku<\/strong><\/p>\n<p><a class=\"underline\" data-testid=\"internal-link\" role=\"link\" data-sentry-element=\"Link\" data-sentry-component=\"InternalLink\" data-sentry-source-file=\"InternalLink.tsx\" href=\"https:\/\/www.mtvuutiset.fi\/aihe\/minja-koskela\/8991326\" rel=\"nofollow noopener\" target=\"_blank\"><strong class=\"typography-bold\">Koskelalla <\/strong><\/a>n\u00e4htiin <a class=\"underline\" data-testid=\"internal-link\" role=\"link\" data-sentry-element=\"Link\" data-sentry-component=\"InternalLink\" data-sentry-source-file=\"InternalLink.tsx\" href=\"https:\/\/www.mtvuutiset.fi\/aihe\/linnan-juhlat\/2839424\" rel=\"nofollow noopener\" target=\"_blank\">Linnan juhlissa<\/a> jalkapallon muotoinen laukku. H\u00e4n jakoi asusteestaan kuvan <a class=\"underline\" data-testid=\"external-link\" href=\"https:\/\/www.instagram.com\/p\/DR7UbmgjAr_\/?hl=fi \" rel=\"noopener noreferrer nofollow\" data-sentry-component=\"ExternalLink\" data-sentry-source-file=\"ExternalLink.tsx\" target=\"_blank\">Instagramissa<\/a> jo ennen juhlia.<\/p>\n<p>\u00a0<\/p>\n<p><strong class=\"typography-bold\">Lue my\u00f6s: <\/strong><a class=\"underline\" data-testid=\"internal-link\" role=\"link\" data-sentry-element=\"Link\" data-sentry-component=\"InternalLink\" data-sentry-source-file=\"InternalLink.tsx\" href=\"https:\/\/www.mtvuutiset.fi\/artikkeli\/minja-koskelan-jalkapallolaukku-kiinnitti-huomion-linnan-juhlissa\/9266306\" rel=\"nofollow noopener\" target=\"_blank\"><strong class=\"typography-bold\">Minja Koskelan jalkapallolaukku kiinnitti huomion Linnan juhlissa<\/strong><\/a><script async src=\"\/\/www.instagram.com\/embed.js\"><\/script><\/p>\n","protected":false},"excerpt":{"rendered":"Linnan juhlissa n\u00e4htiin itsen\u00e4isyysp\u00e4iv\u00e4n\u00e4 joitain hyvin tunteikkaita hetki\u00e4. Jenni Vartiaisen Min\u00e4 sinua vaan -kappale kirvoitti tunteita tanssilattialla Linnan&hellip;\n","protected":false},"author":2,"featured_media":109691,"comment_status":"","ping_status":"","sticky":false,"template":"","format":"standard","meta":{"footnotes":""},"categories":[136],"tags":[407,137,33,31,30,408,32,109],"class_list":{"0":"post-109690","1":"post","2":"type-post","3":"status-publish","4":"format-standard","5":"has-post-thumbnail","7":"category-julkkikset","8":"tag-celebrities","9":"tag-entertainment","10":"tag-fi","11":"tag-finland","12":"tag-finnish","13":"tag-julkkikset","14":"tag-suomi","15":"tag-viihde"},"share_on_mastodon":{"url":"https:\/\/pubeurope.com\/@fi\/115675579243105052","error":""},"_links":{"self":[{"href":"https:\/\/www.europesays.com\/fi\/wp-json\/wp\/v2\/posts\/109690","targetHints":{"allow":["GET"]}}],"collection":[{"href":"https:\/\/www.europesays.com\/fi\/wp-json\/wp\/v2\/posts"}],"about":[{"href":"https:\/\/www.europesays.com\/fi\/wp-json\/wp\/v2\/types\/post"}],"author":[{"embeddable":true,"href":"https:\/\/www.europesays.com\/fi\/wp-json\/wp\/v2\/users\/2"}],"replies":[{"embeddable":true,"href":"https:\/\/www.europesays.com\/fi\/wp-json\/wp\/v2\/comments?post=109690"}],"version-history":[{"count":0,"href":"https:\/\/www.europesays.com\/fi\/wp-json\/wp\/v2\/posts\/109690\/revisions"}],"wp:featuredmedia":[{"embeddable":true,"href":"https:\/\/www.europesays.com\/fi\/wp-json\/wp\/v2\/media\/109691"}],"wp:attachment":[{"href":"https:\/\/www.europesays.com\/fi\/wp-json\/wp\/v2\/media?parent=109690"}],"wp:term":[{"taxonomy":"category","embeddable":true,"href":"https:\/\/www.europesays.com\/fi\/wp-json\/wp\/v2\/categories?post=109690"},{"taxonomy":"post_tag","embeddable":true,"href":"https:\/\/www.europesays.com\/fi\/wp-json\/wp\/v2\/tags?post=109690"}],"curies":[{"name":"wp","href":"https:\/\/api.w.org\/{rel}","templated":true}]}}