{"id":109699,"date":"2025-12-07T01:13:10","date_gmt":"2025-12-07T01:13:10","guid":{"rendered":"https:\/\/www.europesays.com\/fi\/109699\/"},"modified":"2025-12-07T01:13:10","modified_gmt":"2025-12-07T01:13:10","slug":"sanna-marinin-iltapuku-lahikuvissa-asusamikset-suzanne-innes-stubbin-kanssa-katso-kaikki-upeat-linnan-puvut-yle","status":"publish","type":"post","link":"https:\/\/www.europesays.com\/fi\/109699\/","title":{"rendered":"Sanna Marinin iltapuku l\u00e4hikuvissa: asusamikset Suzanne Innes-Stubbin kanssa \u2013 katso kaikki upeat Linnan puvut &#8211; Yle"},"content":{"rendered":"<ol>\n<li><a href=\"https:\/\/news.google.com\/rss\/articles\/CBMiQkFVX3lxTE4zV1FNamdMclJZc0tZbU9KOFVuLUw3NElTamdySG0xc1k2bWh4WE01UUNEdEdTRnFWZ1QzbGs2RTNDUQ?oc=5\" target=\"_blank\" rel=\"nofollow noopener\">Sanna Marinin iltapuku l\u00e4hikuvissa: asusamikset Suzanne Innes-Stubbin kanssa \u2013 katso kaikki upeat Linnan puvut<\/a>&nbsp;&nbsp;Yle<\/li>\n<li><a href=\"https:\/\/news.google.com\/rss\/articles\/CBMigwFBVV95cUxQMUllVnZzeVc3Y1lIMV84MWFQdUs0eW0teXVRWFBkNlZteXIxVm1oWElsMHJ4aWFNdlVuUy0wcWdBQ2t3MlI1M0pJY3RvYWE5MU9XZzVIcnhxanVRTWctMlViRFlXQ0tVWHQxN3kxSnNMRVE0UlhkLUJnN3Z2NGluam1lYw?oc=5\" target=\"_blank\" rel=\"nofollow noopener\">N\u00e4in eteniv\u00e4t Linnan juhlat \u2013 Katso t\u00e4htihetket<\/a>&nbsp;&nbsp;Iltalehti<\/li>\n<li><a href=\"https:\/\/news.google.com\/rss\/articles\/CBMiW0FVX3lxTFAzSkNYdFgxQThJaklPM1dxdmotWWRGOG9VVzJrSy1Wd0R6ejZPcUxUYVZOLU5Ea1RmdlJwWFd4ZnNSU3RtaDBMYXhwbWs3enhYUEtvX0ZOTm9ZY1U?oc=5\" target=\"_blank\" rel=\"nofollow noopener\">Yksi asu sai asiantuntijan hieraisemaan silmi\u00e4\u00e4n \u2013 \u201dEi ole kohteliasta n\u00e4ytt\u00e4\u00e4 noin paljoa rintoja presidenttiparille\u201d<\/a>&nbsp;&nbsp;Ilta-Sanomat<\/li>\n<li><a href=\"https:\/\/news.google.com\/rss\/articles\/CBMiV0FVX3lxTE1hWDdfTXFueWdycmtiN3pVRDZpU2VYakg3S2FBU0RrVWszbEdyeGJITUlHTW9IbG90bzZxOFQwQ0FYWllzczdKVVdBLWM5aVVSNGNZWGsxYw?oc=5\" target=\"_blank\" rel=\"nofollow noopener\">Ich komme! Erika Vikman asteli Linnaan s\u00e4v\u00e4ytt\u00e4v\u00e4ss\u00e4 korsettimekossa ja kompasteli helmaansa<\/a>&nbsp;&nbsp;Keskisuomalainen<\/li>\n<li><a href=\"https:\/\/news.google.com\/rss\/articles\/CBMiZkFVX3lxTE9NQW1xbFg4Qnd1NXdWeVZNRVB4VUwzRWNCTGFDYzQzOEpocmduRHpEM21EQjJXR2xnNEhiX002R0p3WW5hVHVsNUVpT3lnc2RXM3NaU2tlcXNpd3NISVJPYjN6QV9UQQ?oc=5\" target=\"_blank\" rel=\"nofollow noopener\">Kenell\u00e4 oli illan valovoimaisin puku? \u00c4\u00e4nest\u00e4 Linnan juhlien upeinta asua<\/a>&nbsp;&nbsp;Aamulehti<\/li>\n<\/ol>\n","protected":false},"excerpt":{"rendered":"Sanna Marinin iltapuku l\u00e4hikuvissa: asusamikset Suzanne Innes-Stubbin kanssa \u2013 katso kaikki upeat Linnan puvut&nbsp;&nbsp;Yle N\u00e4in eteniv\u00e4t Linnan juhlat&hellip;\n","protected":false},"author":2,"featured_media":109700,"comment_status":"","ping_status":"","sticky":false,"template":"","format":"standard","meta":{"footnotes":""},"categories":[5],"tags":[22,23,26,27,33,31,30,17,20457,564,20458,71,24,25,14062,19866,28,29,8672,106,15,18,21,19968,32,19,20,16,445],"class_list":{"0":"post-109699","1":"post","2":"type-post","3":"status-publish","4":"format-standard","5":"has-post-thumbnail","7":"category-otsikot","8":"tag-breaking-news","9":"tag-breakingnews","10":"tag-featured-news","11":"tag-featurednews","12":"tag-fi","13":"tag-finland","14":"tag-finnish","15":"tag-headlines","16":"tag-juhlapuvut","17":"tag-juhlat","18":"tag-juhlavaatteet","19":"tag-kotimaa","20":"tag-latest-news","21":"tag-latestnews","22":"tag-linnan-juhlat","23":"tag-linnan-juhlat-2025","24":"tag-main-news","25":"tag-mainnews","26":"tag-mekot","27":"tag-muoti","28":"tag-news","29":"tag-otsikot","30":"tag-paauutiset","31":"tag-suomen-itsenaisyyspaiva","32":"tag-suomi","33":"tag-top-stories","34":"tag-topstories","35":"tag-uutiset","36":"tag-yle-uutiset-somenostot"},"share_on_mastodon":{"url":"https:\/\/pubeurope.com\/@fi\/115675634256415597","error":""},"_links":{"self":[{"href":"https:\/\/www.europesays.com\/fi\/wp-json\/wp\/v2\/posts\/109699","targetHints":{"allow":["GET"]}}],"collection":[{"href":"https:\/\/www.europesays.com\/fi\/wp-json\/wp\/v2\/posts"}],"about":[{"href":"https:\/\/www.europesays.com\/fi\/wp-json\/wp\/v2\/types\/post"}],"author":[{"embeddable":true,"href":"https:\/\/www.europesays.com\/fi\/wp-json\/wp\/v2\/users\/2"}],"replies":[{"embeddable":true,"href":"https:\/\/www.europesays.com\/fi\/wp-json\/wp\/v2\/comments?post=109699"}],"version-history":[{"count":0,"href":"https:\/\/www.europesays.com\/fi\/wp-json\/wp\/v2\/posts\/109699\/revisions"}],"wp:featuredmedia":[{"embeddable":true,"href":"https:\/\/www.europesays.com\/fi\/wp-json\/wp\/v2\/media\/109700"}],"wp:attachment":[{"href":"https:\/\/www.europesays.com\/fi\/wp-json\/wp\/v2\/media?parent=109699"}],"wp:term":[{"taxonomy":"category","embeddable":true,"href":"https:\/\/www.europesays.com\/fi\/wp-json\/wp\/v2\/categories?post=109699"},{"taxonomy":"post_tag","embeddable":true,"href":"https:\/\/www.europesays.com\/fi\/wp-json\/wp\/v2\/tags?post=109699"}],"curies":[{"name":"wp","href":"https:\/\/api.w.org\/{rel}","templated":true}]}}