{"id":109721,"date":"2025-12-07T02:04:08","date_gmt":"2025-12-07T02:04:08","guid":{"rendered":"https:\/\/www.europesays.com\/fi\/109721\/"},"modified":"2025-12-07T02:04:08","modified_gmt":"2025-12-07T02:04:08","slug":"usean-poliisipartion-vakivaltarikokseen-liittyva-tehtava-helsingin-kontulassa-uutisia-lyhyesti","status":"publish","type":"post","link":"https:\/\/www.europesays.com\/fi\/109721\/","title":{"rendered":"Usean poliisipartion v\u00e4kivaltarikokseen liittyv\u00e4 teht\u00e4v\u00e4 Helsingin Kontulassa | Uutisia lyhyesti"},"content":{"rendered":"<p class=\"aw-1gybjub aw-1p7kakr kEtdKx cEmitX yle__article__paragraph\">Helsingin Kontulassa oli sunnuntain vastaisena y\u00f6n\u00e4 usean poliisipartion teht\u00e4v\u00e4, joka liittyi ep\u00e4iltyyn v\u00e4kivaltarikokseen. Poliisi kertoi kahden aikoihin y\u00f6ll\u00e4, ett\u00e4 tilanne on yh\u00e4 kesken.<\/p>\n<p class=\"aw-1gybjub aw-1p7kakr kEtdKx cEmitX yle__article__paragraph\">Henkil\u00f6it\u00e4 on otettu kiinni teht\u00e4v\u00e4\u00e4n liittyen, ja poliisin tietojen mukaan yksi ihminen on loukkaantunut.<\/p>\n<p class=\"aw-1gybjub aw-1p7kakr kEtdKx cEmitX yle__article__paragraph\">Poliisi ei t\u00e4ss\u00e4 vaiheessa tiedota tapahtumista tarkemmin rikostutkinnan turvaamiseksi.<\/p>\n<p class=\"aw-1gybjub aw-1p7kakr kEtdKx cEmitX yle__article__paragraph\">Poliisi sai teht\u00e4v\u00e4n Rekipellontielle puolen y\u00f6n aikoihin.<\/p>\n<p class=\"aw-1gybjub aw-1p7kakr kEtdKx cEmitX yle__article__paragraph\">Uutinen p\u00e4ivittyy.<\/p>\n","protected":false},"excerpt":{"rendered":"Helsingin Kontulassa oli sunnuntain vastaisena y\u00f6n\u00e4 usean poliisipartion teht\u00e4v\u00e4, joka liittyi ep\u00e4iltyyn v\u00e4kivaltarikokseen. Poliisi kertoi kahden aikoihin y\u00f6ll\u00e4,&hellip;\n","protected":false},"author":2,"featured_media":74,"comment_status":"","ping_status":"","sticky":false,"template":"","format":"standard","meta":{"footnotes":""},"categories":[12],"tags":[22,23,26,27,33,31,30,17,24,25,28,29,15,18,21,1263,32,19,20,1168,16],"class_list":{"0":"post-109721","1":"post","2":"type-post","3":"status-publish","4":"format-standard","5":"has-post-thumbnail","7":"category-suomi","8":"tag-breaking-news","9":"tag-breakingnews","10":"tag-featured-news","11":"tag-featurednews","12":"tag-fi","13":"tag-finland","14":"tag-finnish","15":"tag-headlines","16":"tag-latest-news","17":"tag-latestnews","18":"tag-main-news","19":"tag-mainnews","20":"tag-news","21":"tag-otsikot","22":"tag-paauutiset","23":"tag-rikosepailyt","24":"tag-suomi","25":"tag-top-stories","26":"tag-topstories","27":"tag-uusimaa","28":"tag-uutiset"},"share_on_mastodon":{"url":"https:\/\/pubeurope.com\/@fi\/115675834915247350","error":""},"_links":{"self":[{"href":"https:\/\/www.europesays.com\/fi\/wp-json\/wp\/v2\/posts\/109721","targetHints":{"allow":["GET"]}}],"collection":[{"href":"https:\/\/www.europesays.com\/fi\/wp-json\/wp\/v2\/posts"}],"about":[{"href":"https:\/\/www.europesays.com\/fi\/wp-json\/wp\/v2\/types\/post"}],"author":[{"embeddable":true,"href":"https:\/\/www.europesays.com\/fi\/wp-json\/wp\/v2\/users\/2"}],"replies":[{"embeddable":true,"href":"https:\/\/www.europesays.com\/fi\/wp-json\/wp\/v2\/comments?post=109721"}],"version-history":[{"count":0,"href":"https:\/\/www.europesays.com\/fi\/wp-json\/wp\/v2\/posts\/109721\/revisions"}],"wp:featuredmedia":[{"embeddable":true,"href":"https:\/\/www.europesays.com\/fi\/wp-json\/wp\/v2\/media\/74"}],"wp:attachment":[{"href":"https:\/\/www.europesays.com\/fi\/wp-json\/wp\/v2\/media?parent=109721"}],"wp:term":[{"taxonomy":"category","embeddable":true,"href":"https:\/\/www.europesays.com\/fi\/wp-json\/wp\/v2\/categories?post=109721"},{"taxonomy":"post_tag","embeddable":true,"href":"https:\/\/www.europesays.com\/fi\/wp-json\/wp\/v2\/tags?post=109721"}],"curies":[{"name":"wp","href":"https:\/\/api.w.org\/{rel}","templated":true}]}}