{"id":109722,"date":"2025-12-07T02:05:14","date_gmt":"2025-12-07T02:05:14","guid":{"rendered":"https:\/\/www.europesays.com\/fi\/109722\/"},"modified":"2025-12-07T02:05:14","modified_gmt":"2025-12-07T02:05:14","slug":"jalankulkija-jai-auton-alle-ja-kuoli-kankaanpaassa","status":"publish","type":"post","link":"https:\/\/www.europesays.com\/fi\/109722\/","title":{"rendered":"Jalankulkija j\u00e4i auton alle ja kuoli Kankaanp\u00e4\u00e4ss\u00e4"},"content":{"rendered":"<p>Kankaanp\u00e4\u00e4ss\u00e4 sattui vakava onnettomuus.<\/p>\n<p><img decoding=\"async\" class=\"image image-show image-preview\" src=\"https:\/\/www.europesays.com\/fi\/wp-content\/uploads\/2025\/12\/7b7cc61be52974219ea2b2cd7fc5e9d4fef676c34ef391e92ee2662c3aa1039f.jpg\" alt=\"\"\/><img decoding=\"async\" class=\"image image-show\" src=\"https:\/\/www.europesays.com\/fi\/wp-content\/uploads\/2025\/12\/1765073114_314_7b7cc61be52974219ea2b2cd7fc5e9d4fef676c34ef391e92ee2662c3aa1039f.jpg\" alt=\"\"\/><\/p>\n<p>Kankaanp\u00e4\u00e4ss\u00e4 tapahtui traaginen onnettomuus. Ismo Pekkarinen, AOP<\/p>\n<p class=\"paragraph\">Kankaanp\u00e4\u00e4ss\u00e4 tapahtui itsen\u00e4isyysp\u00e4iv\u00e4n iltana jalankulkijan kuolemaan johtanut liikenneonnettomuus, tiedottaa poliisi.<\/p>\n<p class=\"paragraph\">Onnettomuus tapahtui kello 19.18 valtatiell\u00e4 23. Alustavien tietojen mukaan auto t\u00f6rm\u00e4si ajoradalla k\u00e4velleeseen jalankulkijaan.<\/p>\n<p class=\"paragraph\">Onnettomuuspaikalla ei ole valaistusta, ja vesisade rajoitti n\u00e4kyvyytt\u00e4. Poliisin mukaan henkil\u00f6auton kuljettajaa ei ep\u00e4ill\u00e4 rattijuopumuksesta. Ensihoito vei kuljettajan tarkastettavaksi.<\/p>\n<p class=\"paragraph\">Poliisi tutkii onnettomuuden syit\u00e4.<\/p>\n<p class=\"paragraph\">Onnettomuudesta uutisoi ensimm\u00e4inen <a href=\"https:\/\/www.satakunnankansa.fi\/satakunta\/art-2000011674757.html\" target=\"_blank\" rel=\"noopener nofollow\">Satakunnan Kansa L\u00e4nsi-Suomi<\/a>.<\/p>\n<p class=\"paragraph\">Itsen\u00e4isyysp\u00e4iv\u00e4 on ollut synkk\u00e4. Ennen Kankaanp\u00e4\u00e4n turmaa noin 20-vuotias mies kuoli y\u00f6ll\u00e4 auton alle Heinolassa ja aamulla nelj\u00e4 ihmist\u00e4 kuoli tulipalossa Savonlinnassa.<\/p>\n<p class=\"paragraph\">Tapahtumapaikkaa korjattu kello 23.38. Kankaanp\u00e4\u00e4ss\u00e4 ei ole H\u00e4meenkatua.<\/p>\n","protected":false},"excerpt":{"rendered":"Kankaanp\u00e4\u00e4ss\u00e4 sattui vakava onnettomuus. Kankaanp\u00e4\u00e4ss\u00e4 tapahtui traaginen onnettomuus. Ismo Pekkarinen, AOP Kankaanp\u00e4\u00e4ss\u00e4 tapahtui itsen\u00e4isyysp\u00e4iv\u00e4n iltana jalankulkijan kuolemaan johtanut&hellip;\n","protected":false},"author":2,"featured_media":109723,"comment_status":"","ping_status":"","sticky":false,"template":"","format":"standard","meta":{"footnotes":""},"categories":[5],"tags":[35,22,23,26,27,33,31,30,17,24,25,121,990,28,29,15,120,18,21,122,54,32,19,20,16],"class_list":{"0":"post-109722","1":"post","2":"type-post","3":"status-publish","4":"format-standard","5":"has-post-thumbnail","7":"category-otsikot","8":"tag-24h","9":"tag-breaking-news","10":"tag-breakingnews","11":"tag-featured-news","12":"tag-featurednews","13":"tag-fi","14":"tag-finland","15":"tag-finnish","16":"tag-headlines","17":"tag-latest-news","18":"tag-latestnews","19":"tag-liikenne-ja-kuljetus","20":"tag-liikenneonnettomuudet","21":"tag-main-news","22":"tag-mainnews","23":"tag-news","24":"tag-onnettomuustapaus","25":"tag-otsikot","26":"tag-paauutiset","27":"tag-pelastaminen","28":"tag-pelastuspalvelut","29":"tag-suomi","30":"tag-top-stories","31":"tag-topstories","32":"tag-uutiset"},"share_on_mastodon":{"url":"https:\/\/pubeurope.com\/@fi\/115675838929850604","error":""},"_links":{"self":[{"href":"https:\/\/www.europesays.com\/fi\/wp-json\/wp\/v2\/posts\/109722","targetHints":{"allow":["GET"]}}],"collection":[{"href":"https:\/\/www.europesays.com\/fi\/wp-json\/wp\/v2\/posts"}],"about":[{"href":"https:\/\/www.europesays.com\/fi\/wp-json\/wp\/v2\/types\/post"}],"author":[{"embeddable":true,"href":"https:\/\/www.europesays.com\/fi\/wp-json\/wp\/v2\/users\/2"}],"replies":[{"embeddable":true,"href":"https:\/\/www.europesays.com\/fi\/wp-json\/wp\/v2\/comments?post=109722"}],"version-history":[{"count":0,"href":"https:\/\/www.europesays.com\/fi\/wp-json\/wp\/v2\/posts\/109722\/revisions"}],"wp:featuredmedia":[{"embeddable":true,"href":"https:\/\/www.europesays.com\/fi\/wp-json\/wp\/v2\/media\/109723"}],"wp:attachment":[{"href":"https:\/\/www.europesays.com\/fi\/wp-json\/wp\/v2\/media?parent=109722"}],"wp:term":[{"taxonomy":"category","embeddable":true,"href":"https:\/\/www.europesays.com\/fi\/wp-json\/wp\/v2\/categories?post=109722"},{"taxonomy":"post_tag","embeddable":true,"href":"https:\/\/www.europesays.com\/fi\/wp-json\/wp\/v2\/tags?post=109722"}],"curies":[{"name":"wp","href":"https:\/\/api.w.org\/{rel}","templated":true}]}}