{"id":109736,"date":"2025-12-07T02:50:08","date_gmt":"2025-12-07T02:50:08","guid":{"rendered":"https:\/\/www.europesays.com\/fi\/109736\/"},"modified":"2025-12-07T02:50:08","modified_gmt":"2025-12-07T02:50:08","slug":"fc-barcelona-parempi-maalijuhlissa","status":"publish","type":"post","link":"https:\/\/www.europesays.com\/fi\/109736\/","title":{"rendered":"FC Barcelona parempi maalijuhlissa"},"content":{"rendered":"<p>Hallitseva Espanjan La Ligan mestari FC Barcelona nappasi todella maukkaan vierasvoiton lauantaina.<\/p>\n<p><strong>Hansi Flickin <\/strong>valmentama miehist\u00f6 k\u00e4\u00e4nsi tappioasemasta ottelun Real Betisin vieraana voittaen kamppailun maalein 5-3.<\/p>\n<p>FC Barcelonan ykk\u00f6st\u00e4hti ottelussa oli kolme maalia avausjaksolle iskenyt <strong>Ferran Torres<\/strong>. Torres nosti koko kauden maalisaldon 11 osumaan.<\/p>\n<p>Vierailta <strong>Lamine Yamal <\/strong>laukoi 5-1 -maalin rangaistuspotkusta tunnin pelin j\u00e4lkeen. Viimeisell\u00e4 kympill\u00e4 Real Betis osui kahdesti kaunistellen lopputulosta.<\/p>\n","protected":false},"excerpt":{"rendered":"Hallitseva Espanjan La Ligan mestari FC Barcelona nappasi todella maukkaan vierasvoiton lauantaina. Hansi Flickin valmentama miehist\u00f6 k\u00e4\u00e4nsi tappioasemasta&hellip;\n","protected":false},"author":2,"featured_media":109737,"comment_status":"","ping_status":"","sticky":false,"template":"","format":"standard","meta":{"footnotes":""},"categories":[158],"tags":[33,31,30,159,32,160],"class_list":{"0":"post-109736","1":"post","2":"type-post","3":"status-publish","4":"format-standard","5":"has-post-thumbnail","7":"category-urheilu","8":"tag-fi","9":"tag-finland","10":"tag-finnish","11":"tag-sports","12":"tag-suomi","13":"tag-urheilu"},"share_on_mastodon":{"url":"https:\/\/pubeurope.com\/@fi\/115676015765058488","error":""},"_links":{"self":[{"href":"https:\/\/www.europesays.com\/fi\/wp-json\/wp\/v2\/posts\/109736","targetHints":{"allow":["GET"]}}],"collection":[{"href":"https:\/\/www.europesays.com\/fi\/wp-json\/wp\/v2\/posts"}],"about":[{"href":"https:\/\/www.europesays.com\/fi\/wp-json\/wp\/v2\/types\/post"}],"author":[{"embeddable":true,"href":"https:\/\/www.europesays.com\/fi\/wp-json\/wp\/v2\/users\/2"}],"replies":[{"embeddable":true,"href":"https:\/\/www.europesays.com\/fi\/wp-json\/wp\/v2\/comments?post=109736"}],"version-history":[{"count":0,"href":"https:\/\/www.europesays.com\/fi\/wp-json\/wp\/v2\/posts\/109736\/revisions"}],"wp:featuredmedia":[{"embeddable":true,"href":"https:\/\/www.europesays.com\/fi\/wp-json\/wp\/v2\/media\/109737"}],"wp:attachment":[{"href":"https:\/\/www.europesays.com\/fi\/wp-json\/wp\/v2\/media?parent=109736"}],"wp:term":[{"taxonomy":"category","embeddable":true,"href":"https:\/\/www.europesays.com\/fi\/wp-json\/wp\/v2\/categories?post=109736"},{"taxonomy":"post_tag","embeddable":true,"href":"https:\/\/www.europesays.com\/fi\/wp-json\/wp\/v2\/tags?post=109736"}],"curies":[{"name":"wp","href":"https:\/\/api.w.org\/{rel}","templated":true}]}}