{"id":109753,"date":"2025-12-07T03:23:08","date_gmt":"2025-12-07T03:23:08","guid":{"rendered":"https:\/\/www.europesays.com\/fi\/109753\/"},"modified":"2025-12-07T03:23:08","modified_gmt":"2025-12-07T03:23:08","slug":"sk-jalankulkija-kuoli-liikenneonnettomuudessa-kankaanpaassa-uutissuomalainen","status":"publish","type":"post","link":"https:\/\/www.europesays.com\/fi\/109753\/","title":{"rendered":"SK: Jalankulkija kuoli liikenneonnettomuudessa Kankaanp\u00e4\u00e4ss\u00e4 | Uutissuomalainen"},"content":{"rendered":"<p>Ihminen kuoli liikenneonnettomuudessa Kankaanp\u00e4\u00e4ss\u00e4 lauantai-iltana itsen\u00e4isyysp\u00e4iv\u00e4n\u00e4, <a href=\"https:\/\/www.satakunnankansa.fi\/satakunta\/art-2000011674757.html\" rel=\"nofollow noopener\" target=\"_blank\">Satakunnan Kansa L\u00e4nsi Suomi<\/a> kertoo.<\/p>\n<p>Onnettomuus sattui valtatiell\u00e4 23, eli Porintiell\u00e4, miss\u00e4 auto t\u00f6rm\u00e4si jalankulkijaan kohtalokkain seurauksin, p\u00e4ivyst\u00e4v\u00e4 palomestari <strong>Jarkko Kangas<\/strong> kertoo lehdelle.<\/p>\n<p>Onnettomuuspaikka on h\u00e4nen mukaansa noin kilometri Porintien ja kantatie 44:n v\u00e4lisest\u00e4 liikenneympyr\u00e4st\u00e4 Porin suuntaan.<\/p>\n<p>H\u00e4lytys onnettomuudesta annettiin kello 19.17. Poliisi tutkii onnettomuutta.<\/p>\n","protected":false},"excerpt":{"rendered":"Ihminen kuoli liikenneonnettomuudessa Kankaanp\u00e4\u00e4ss\u00e4 lauantai-iltana itsen\u00e4isyysp\u00e4iv\u00e4n\u00e4, Satakunnan Kansa L\u00e4nsi Suomi kertoo. Onnettomuus sattui valtatiell\u00e4 23, eli Porintiell\u00e4, miss\u00e4&hellip;\n","protected":false},"author":2,"featured_media":983,"comment_status":"","ping_status":"","sticky":false,"template":"","format":"standard","meta":{"footnotes":""},"categories":[5],"tags":[22,23,26,27,33,31,30,17,24,25,121,990,28,29,15,837,120,18,21,122,54,2787,32,19,20,16],"class_list":{"0":"post-109753","1":"post","2":"type-post","3":"status-publish","4":"format-standard","5":"has-post-thumbnail","7":"category-otsikot","8":"tag-breaking-news","9":"tag-breakingnews","10":"tag-featured-news","11":"tag-featurednews","12":"tag-fi","13":"tag-finland","14":"tag-finnish","15":"tag-headlines","16":"tag-latest-news","17":"tag-latestnews","18":"tag-liikenne-ja-kuljetus","19":"tag-liikenneonnettomuudet","20":"tag-main-news","21":"tag-mainnews","22":"tag-news","23":"tag-onnettomuudet","24":"tag-onnettomuustapaus","25":"tag-otsikot","26":"tag-paauutiset","27":"tag-pelastaminen","28":"tag-pelastuspalvelut","29":"tag-pori","30":"tag-suomi","31":"tag-top-stories","32":"tag-topstories","33":"tag-uutiset"},"share_on_mastodon":{"url":"https:\/\/pubeurope.com\/@fi\/115676145396687473","error":""},"_links":{"self":[{"href":"https:\/\/www.europesays.com\/fi\/wp-json\/wp\/v2\/posts\/109753","targetHints":{"allow":["GET"]}}],"collection":[{"href":"https:\/\/www.europesays.com\/fi\/wp-json\/wp\/v2\/posts"}],"about":[{"href":"https:\/\/www.europesays.com\/fi\/wp-json\/wp\/v2\/types\/post"}],"author":[{"embeddable":true,"href":"https:\/\/www.europesays.com\/fi\/wp-json\/wp\/v2\/users\/2"}],"replies":[{"embeddable":true,"href":"https:\/\/www.europesays.com\/fi\/wp-json\/wp\/v2\/comments?post=109753"}],"version-history":[{"count":0,"href":"https:\/\/www.europesays.com\/fi\/wp-json\/wp\/v2\/posts\/109753\/revisions"}],"wp:featuredmedia":[{"embeddable":true,"href":"https:\/\/www.europesays.com\/fi\/wp-json\/wp\/v2\/media\/983"}],"wp:attachment":[{"href":"https:\/\/www.europesays.com\/fi\/wp-json\/wp\/v2\/media?parent=109753"}],"wp:term":[{"taxonomy":"category","embeddable":true,"href":"https:\/\/www.europesays.com\/fi\/wp-json\/wp\/v2\/categories?post=109753"},{"taxonomy":"post_tag","embeddable":true,"href":"https:\/\/www.europesays.com\/fi\/wp-json\/wp\/v2\/tags?post=109753"}],"curies":[{"name":"wp","href":"https:\/\/api.w.org\/{rel}","templated":true}]}}