{"id":109760,"date":"2025-12-07T03:47:08","date_gmt":"2025-12-07T03:47:08","guid":{"rendered":"https:\/\/www.europesays.com\/fi\/109760\/"},"modified":"2025-12-07T03:47:08","modified_gmt":"2025-12-07T03:47:08","slug":"venaja-kehuu-yhdysvaltojen-uutta-turvallisuusstrategiaa","status":"publish","type":"post","link":"https:\/\/www.europesays.com\/fi\/109760\/","title":{"rendered":"Ven\u00e4j\u00e4 kehuu Yhdysvaltojen uutta turvallisuusstrategiaa"},"content":{"rendered":"<p>Kansainv\u00e4liset suhteet|Yhdysvallat ei en\u00e4\u00e4 nime\u00e4 Ven\u00e4j\u00e4\u00e4 uhkaksi, toteaa Kremlin tiedottaja.<\/p>\n<p class=\"article-body mb-nof-24 px-nof-16\">Ven\u00e4j\u00e4 on l\u00f6yt\u00e4nyt kehumisen aihetta Yhdysvaltojen uudesta <a class=\"article-genericlink\" href=\"https:\/\/www.hs.fi\/maailma\/art-2000011671982.html\" rel=\"nofollow noopener\" target=\"_blank\">turvallisuuspoliittisesta strategiasta<\/a>, joka julkaistiin t\u00e4ll\u00e4 viikolla.<\/p>\n<p class=\"article-body mb-nof-24 px-nof-16\">Asiasta kertoi Ven\u00e4j\u00e4n presidentin tiedottaja <a class=\"article-personlink\" href=\"https:\/\/www.hs.fi\/haku\/?query=Dmitri%20Peskov\" rel=\"nofollow noopener\" target=\"_blank\">Dmitri Peskov<\/a> valtiollisen uutistoimiston <a class=\"article-genericlink\" href=\"https:\/\/tass.ru\/politika\/25837261\" rel=\"nofollow noopener\" target=\"_blank\">Tassin<\/a> haastattelussa.<\/p>\n<p class=\"article-body mb-nof-24 px-nof-16\">Positiivinen askel on Peskovin mukaan se, ettei Yhdysvallat en\u00e4\u00e4 nime\u00e4 Ven\u00e4j\u00e4\u00e4 uhkaksi, vaan jopa ehdottaa yhteisty\u00f6t\u00e4 Ven\u00e4j\u00e4n kanssa strategisen vakauden saavuttamiseksi.<\/p>\n<p class=\"article-body mb-nof-24 px-nof-16\">Yhdysvallat julkisti uuden <a class=\"article-genericlink\" href=\"http:\/\/chrome-extension\/\/efaidnbmnnnibpcajpcglclefindmkaj\/https:\/\/www.whitehouse.gov\/wp-content\/uploads\/2025\/12\/2025-National-Security-Strategy.pdf\" rel=\"nofollow\">kansallisen turvallisuuden strategiansa<\/a> varhain perjantaina Suomen aikaa. Kyseess\u00e4 on paperi, jonka Yhdysvallat p\u00e4ivitt\u00e4\u00e4 silloin t\u00e4ll\u00f6in. Edellinen strategia on vuodelta 2022.<\/p>\n<p class=\"article-body mb-nof-24 px-nof-16\">Uudessa strategiapaperissa on listattu yhdeksi Yhdysvaltojen Euroopan-politiikan painopisteist\u00e4 strategisen vakauden luominen Ven\u00e4j\u00e4n kanssa.<\/p>\n","protected":false},"excerpt":{"rendered":"Kansainv\u00e4liset suhteet|Yhdysvallat ei en\u00e4\u00e4 nime\u00e4 Ven\u00e4j\u00e4\u00e4 uhkaksi, toteaa Kremlin tiedottaja. Ven\u00e4j\u00e4 on l\u00f6yt\u00e4nyt kehumisen aihetta Yhdysvaltojen uudesta turvallisuuspoliittisesta&hellip;\n","protected":false},"author":2,"featured_media":109761,"comment_status":"","ping_status":"","sticky":false,"template":"","format":"standard","meta":{"footnotes":""},"categories":[14],"tags":[22,23,26,27,33,31,30,17,46,24,25,28,29,15,18,21,32,19,20,56,16,59,60,61],"class_list":{"0":"post-109760","1":"post","2":"type-post","3":"status-publish","4":"format-standard","5":"has-post-thumbnail","7":"category-ulkomaat","8":"tag-breaking-news","9":"tag-breakingnews","10":"tag-featured-news","11":"tag-featurednews","12":"tag-fi","13":"tag-finland","14":"tag-finnish","15":"tag-headlines","16":"tag-helsingin-sanomat","17":"tag-latest-news","18":"tag-latestnews","19":"tag-main-news","20":"tag-mainnews","21":"tag-news","22":"tag-otsikot","23":"tag-paauutiset","24":"tag-suomi","25":"tag-top-stories","26":"tag-topstories","27":"tag-ulkomaat","28":"tag-uutiset","29":"tag-world","30":"tag-world-news","31":"tag-worldnews"},"share_on_mastodon":{"url":"https:\/\/pubeurope.com\/@fi\/115676240141872095","error":""},"_links":{"self":[{"href":"https:\/\/www.europesays.com\/fi\/wp-json\/wp\/v2\/posts\/109760","targetHints":{"allow":["GET"]}}],"collection":[{"href":"https:\/\/www.europesays.com\/fi\/wp-json\/wp\/v2\/posts"}],"about":[{"href":"https:\/\/www.europesays.com\/fi\/wp-json\/wp\/v2\/types\/post"}],"author":[{"embeddable":true,"href":"https:\/\/www.europesays.com\/fi\/wp-json\/wp\/v2\/users\/2"}],"replies":[{"embeddable":true,"href":"https:\/\/www.europesays.com\/fi\/wp-json\/wp\/v2\/comments?post=109760"}],"version-history":[{"count":0,"href":"https:\/\/www.europesays.com\/fi\/wp-json\/wp\/v2\/posts\/109760\/revisions"}],"wp:featuredmedia":[{"embeddable":true,"href":"https:\/\/www.europesays.com\/fi\/wp-json\/wp\/v2\/media\/109761"}],"wp:attachment":[{"href":"https:\/\/www.europesays.com\/fi\/wp-json\/wp\/v2\/media?parent=109760"}],"wp:term":[{"taxonomy":"category","embeddable":true,"href":"https:\/\/www.europesays.com\/fi\/wp-json\/wp\/v2\/categories?post=109760"},{"taxonomy":"post_tag","embeddable":true,"href":"https:\/\/www.europesays.com\/fi\/wp-json\/wp\/v2\/tags?post=109760"}],"curies":[{"name":"wp","href":"https:\/\/api.w.org\/{rel}","templated":true}]}}