{"id":109762,"date":"2025-12-07T03:48:12","date_gmt":"2025-12-07T03:48:12","guid":{"rendered":"https:\/\/www.europesays.com\/fi\/109762\/"},"modified":"2025-12-07T03:48:12","modified_gmt":"2025-12-07T03:48:12","slug":"102-vuotias-veteraani-eeli-petajamaki-jain-kymmenesta-kaverista-ainoana-eloon-kotimaa","status":"publish","type":"post","link":"https:\/\/www.europesays.com\/fi\/109762\/","title":{"rendered":"102-vuotias veteraani Eeli Pet\u00e4j\u00e4m\u00e4ki: J\u00e4in kymmenest\u00e4 kaverista ainoana eloon | Kotimaa"},"content":{"rendered":"<p class=\"aw-1gybjub aw-5vja16 kEtdKx kmuxyA yle__article__paragraph\">Ukrainan sodan uutisointi on veteraanille hankalaa katsottavaa. Pet\u00e4j\u00e4m\u00e4ki oli presidentti Stubbin vieraana tiistaina j\u00e4rjestetyss\u00e4 veteraanien juhlassa.<\/p>\n<p><img decoding=\"async\" alt=\"Vanha mies katsoo suoraan kameraan. H\u00e4nell\u00e4 on sininen paita p\u00e4\u00e4ll\u00e4.\" src=\"https:\/\/www.europesays.com\/fi\/wp-content\/uploads\/2025\/12\/39-156542669343b351fdd6.jpeg\" class=\"aw-1l9m598 hKVVvP\"\/><\/p>\n<p>Avaa kuvien katselu<\/p>\n<p>Eeli Pet\u00e4j\u00e4m\u00e4ki oli vieraana presidentti Stubbin veteraanijuhlassa Presidentinlinnassa tiistaina. Kuva: Petri Krook \/ Yle<\/p>\n<ul class=\"aw-1jjocuh iJTSwP yle__article__list yle__article__list--ul\">\n<li class=\"aw-1j7gwms gNYKfi\">Sotaveteraani Eeli Pet\u00e4j\u00e4m\u00e4ki, 102, ja lotta Eevi Sairanen, 100, osallistuivat tasavallan presidentin kutsumina Linnan juhliin.<\/li>\n<li class=\"aw-1j7gwms gNYKfi\">Sota pakotti molemmat aikuistumaan nopeasti. Pet\u00e4j\u00e4m\u00e4ki palveli rintamalla tykkimiehen\u00e4 ja Sairanen aloitti pikkulottana 16-vuotiaana.<\/li>\n<li class=\"aw-1j7gwms gNYKfi\">Raskaita menetyksi\u00e4 sodassa kokeneet Pet\u00e4j\u00e4m\u00e4ki ja Sairanen korostavat rauhan merkityst\u00e4 ja toivovat rauhaa koko maailmaan.<\/li>\n<\/ul>\n<p class=\"aw-1gybjub aw-1p7kakr kEtdKx cEmitX yle__article__paragraph\">T\u00e4m\u00e4 on teko\u00e4lyn avulla tuotettu, toimittajan tarkistama tiivistelm\u00e4.<\/p>\n<p class=\"aw-1gybjub aw-1p7kakr kEtdKx cEmitX yle__article__paragraph\">102-vuotias sotaveteraani <strong class=\"aw-ak79eh KyCXm yle__article__strong\">Eeli Pet\u00e4j\u00e4m\u00e4ki<\/strong> ja 100-vuotias lotta <strong class=\"aw-ak79eh KyCXm yle__article__strong\">Eevi Sairanen<\/strong> joutuivat aikuistumaan nopeasti.<\/p>\n<p class=\"aw-1gybjub aw-1p7kakr kEtdKx cEmitX yle__article__paragraph\">Eeli Pet\u00e4j\u00e4m\u00e4ki oli ehtinyt t\u00e4ytt\u00e4\u00e4 18, kun h\u00e4net m\u00e4\u00e4r\u00e4ttiin toukokuussa 1942 Tuusulan tykist\u00f6\u00f6n. H\u00e4n vietti Karjalassa Maasel\u00e4n kannaksella koko asemasotavaiheen.<\/p>\n<p class=\"aw-1gybjub aw-1p7kakr kEtdKx cEmitX yle__article__paragraph\">Pet\u00e4j\u00e4m\u00e4ki oli koko sodan ajan tulenjohtueen tykkimies.<\/p>\n<p class=\"aw-1gybjub aw-1p7kakr kEtdKx cEmitX yle__article__paragraph\">H\u00e4n oli yksi kymmenest\u00e4 pojasta, jotka l\u00e4htiv\u00e4t rintamalle koulutuskeskuksesta. Yhdeks\u00e4n muuta ei koskaan palannut.<\/p>\n<p class=\"aw-1gybjub aw-1p7kakr kEtdKx cEmitX yle__article__paragraph\">\u2013 Sitten kun oli sota loppunut, niin min\u00e4 olin yksin j\u00e4ljell\u00e4. Kamalaa se oli kyll\u00e4, kun ne kaverit kaatui, Pet\u00e4j\u00e4m\u00e4ki kertoo.<\/p>\n<p class=\"aw-1gybjub aw-1p7kakr kEtdKx cEmitX yle__article__paragraph\">Kaikki yhdeks\u00e4n eiv\u00e4t kuolleet rintamalla, yksi sai keuhkotaudin ja toinen katosi.<\/p>\n<p class=\"aw-1gybjub aw-1p7kakr kEtdKx cEmitX yle__article__paragraph\">T\u00e4ll\u00e4 viikolla Pet\u00e4j\u00e4m\u00e4ki ja Sairanen p\u00e4\u00e4siv\u00e4t vieraaksi Presidentinlinnaan, jossa j\u00e4rjestettiin tiistaina itsen\u00e4isyysp\u00e4iv\u00e4n juhlatilaisuus sotiemme veteraaneille, lotille ja sotasukupolvien edustajille.<\/p>\n<p class=\"aw-1gybjub aw-1p7kakr kEtdKx cEmitX yle__article__paragraph\">Heit\u00e4 haastateltiin koosteeseen, joka n\u00e4htiin osana lauantain Linnan juhlia.<\/p>\n<p>Perheen asianhoitajaksi<\/p>\n<p class=\"aw-1gybjub aw-1p7kakr kEtdKx cEmitX yle__article__paragraph\">Eevi Sairanen oli 14-vuotias, kun sota alkoi. 16-vuotiaana kun h\u00e4n aloitti jatkosodassa pikkulottana ja perunankuorijana Miehikk\u00e4l\u00e4ss\u00e4.<\/p>\n<p class=\"aw-1gybjub aw-1p7kakr kEtdKx cEmitX yle__article__paragraph\">Sairanen menetti talvisodassa is\u00e4ns\u00e4 ja enonsa. H\u00e4nest\u00e4 tuli perheens\u00e4 vastuunkantaja, koska \u00e4iti hoiti muita lapsia ja vauvaa.<\/p>\n<p class=\"aw-1gybjub aw-1p7kakr kEtdKx cEmitX yle__article__paragraph\">\u2013 Sitten mamma kuoli. Meill\u00e4 oli kolmet hautajaiset silloin aamulla.<\/p>\n<p class=\"aw-1gybjub aw-1p7kakr kEtdKx cEmitX yle__article__paragraph\">My\u00f6hemmin Sairanen sai lis\u00e4\u00e4 vastuuta: h\u00e4n huolehti ilmavalvonnasta, toimistot\u00f6ist\u00e4 ja evakuoinneista. Sairasen vastuulla oli my\u00f6s tuoda perheen lehm\u00e4t kotiin.<\/p>\n<p class=\"aw-1gybjub aw-1p7kakr kEtdKx cEmitX yle__article__paragraph\">\u2013 Evakuointihommat oli t\u00e4rkeit\u00e4.<\/p>\n<p><img decoding=\"async\" alt=\"Vanha nainen on pukeutunut punaruudulliseen paitaan. H\u00e4nen p\u00e4\u00e4ns\u00e4 on hieman vinossa.\" src=\"https:\/\/www.europesays.com\/fi\/wp-content\/uploads\/2025\/12\/39-156543169343c063ff8c.jpeg\" loading=\"lazy\" class=\"aw-1l9m598 hKVVvP\"\/><\/p>\n<p>Avaa kuvien katselu<\/p>\n<p>Kaikkeen mukautuu, sanoo Eevi Sairainen, joka oli sodan syttyess\u00e4 14. Kuva: Mika Tertsunen \/ YleToiveena rauha<\/p>\n<p class=\"aw-1gybjub aw-1p7kakr kEtdKx cEmitX yle__article__paragraph\">Kun Eeli Pet\u00e4j\u00e4m\u00e4elt\u00e4 kysyt\u00e4\u00e4n, mit\u00e4 h\u00e4n sodassa oppi, vastaus on lyhyt:<\/p>\n<p class=\"aw-1gybjub aw-1p7kakr kEtdKx cEmitX yle__article__paragraph\">\u2013 Ei mit\u00e4\u00e4n. Ainakaan mua mit\u00e4\u00e4n opettanut. Ei niit\u00e4 oppeja, mit\u00e4 siell\u00e4 sain voinut siviiliss\u00e4 k\u00e4ytt\u00e4\u00e4 mill\u00e4\u00e4n lailla.<\/p>\n<p class=\"aw-1gybjub aw-1p7kakr kEtdKx cEmitX yle__article__paragraph\">Molemmat korostavat, ett\u00e4 ainoa vaihtoehto sodan aikana oli toimia.<\/p>\n<p class=\"aw-1gybjub aw-1p7kakr kEtdKx cEmitX yle__article__paragraph\">\u2013 Ihminen on semmoinen, se mukautuu. Se on kummallista. Kaikkeen mukautuu, Eevi Sairanen sanoo.<\/p>\n<p class=\"aw-1gybjub aw-1p7kakr kEtdKx cEmitX yle__article__paragraph\">Sota j\u00e4tti my\u00f6s j\u00e4lki\u00e4. Eeli Pet\u00e4j\u00e4m\u00e4ki ei pysty katsomaan uutiskuvia Ukrainan sodasta.<\/p>\n<p class=\"aw-1gybjub aw-1p7kakr kEtdKx cEmitX yle__article__paragraph\">\u2013Tulee niin paha olo, niin paha olo, ett\u00e4 en m\u00e4 viitsi katsoa.<\/p>\n<p class=\"aw-1gybjub aw-1p7kakr kEtdKx cEmitX yle__article__paragraph\">Eevi Sairasella on el\u00e4m\u00e4ss\u00e4\u00e4n viel\u00e4 yksi iso toive. Se on sitten v\u00e4h\u00e4n isompi:<\/p>\n<p class=\"aw-1gybjub aw-1p7kakr kEtdKx cEmitX yle__article__paragraph\">\u2013 Suomi pysyisi rauhassa eik\u00e4 tulisi mit\u00e4\u00e4n sotia t\u00e4nne p\u00e4in. Ja tulisi maailmanrauhakin, saataisiin sen verran aikaiseksi.<\/p>\n<p>Juhlaan sukulaisten avustuksella<\/p>\n<p class=\"aw-1gybjub aw-1p7kakr kEtdKx cEmitX yle__article__paragraph\">Pet\u00e4j\u00e4m\u00e4ki ja Sairanen saivat presidentti <strong class=\"aw-ak79eh KyCXm yle__article__strong\">Alexander Stubbilta<\/strong> kutsun itsen\u00e4isyysp\u00e4iv\u00e4n juhlaan.<\/p>\n<p class=\"aw-1gybjub aw-1p7kakr kEtdKx cEmitX yle__article__paragraph\">\u2013 En uskonut, ett\u00e4 minulle tulisi sellaista kohtaloa, ett\u00e4 me p\u00e4\u00e4sisimme sinne. Olipas hyv\u00e4 tuuri, Sairanen sanoo.<\/p>\n<p class=\"aw-1gybjub aw-1p7kakr kEtdKx cEmitX yle__article__paragraph\">Eeli Pet\u00e4j\u00e4m\u00e4ki kiitteli sit\u00e4, ett\u00e4 p\u00e4\u00e4si juhlaan sukulaistensa avustuksella.<\/p>\n<p class=\"aw-1gybjub aw-1p7kakr kEtdKx cEmitX yle__article__paragraph\">\u2013 Sellainen kunnioitus on, mutta on vaikea n\u00e4in vanhalla liikkua t\u00e4n\u00e4\u00e4n ja tuolla maailmalla.<\/p>\n<p>Voit katsoa t\u00e4st\u00e4 Linnan juhlien l\u00e4hetyksess\u00e4 n\u00e4hdyn koosteen veteraanien ja lottien juhlasta.<\/p>\n","protected":false},"excerpt":{"rendered":"Ukrainan sodan uutisointi on veteraanille hankalaa katsottavaa. Pet\u00e4j\u00e4m\u00e4ki oli presidentti Stubbin vieraana tiistaina j\u00e4rjestetyss\u00e4 veteraanien juhlassa. Avaa kuvien&hellip;\n","protected":false},"author":2,"featured_media":109763,"comment_status":"","ping_status":"","sticky":false,"template":"","format":"standard","meta":{"footnotes":""},"categories":[12],"tags":[22,23,26,27,33,31,30,17,19867,9954,564,71,24,25,14062,19866,28,29,15,18,21,8840,20466,32,19,20,16],"class_list":{"0":"post-109762","1":"post","2":"type-post","3":"status-publish","4":"format-standard","5":"has-post-thumbnail","7":"category-suomi","8":"tag-breaking-news","9":"tag-breakingnews","10":"tag-featured-news","11":"tag-featurednews","12":"tag-fi","13":"tag-finland","14":"tag-finnish","15":"tag-headlines","16":"tag-itsenaisyyspaivat","17":"tag-jatkosota","18":"tag-juhlat","19":"tag-kotimaa","20":"tag-latest-news","21":"tag-latestnews","22":"tag-linnan-juhlat","23":"tag-linnan-juhlat-2025","24":"tag-main-news","25":"tag-mainnews","26":"tag-news","27":"tag-otsikot","28":"tag-paauutiset","29":"tag-sotaveteraanit","30":"tag-sotiemme-veteraanit","31":"tag-suomi","32":"tag-top-stories","33":"tag-topstories","34":"tag-uutiset"},"share_on_mastodon":{"url":"https:\/\/pubeurope.com\/@fi\/115676244293711348","error":""},"_links":{"self":[{"href":"https:\/\/www.europesays.com\/fi\/wp-json\/wp\/v2\/posts\/109762","targetHints":{"allow":["GET"]}}],"collection":[{"href":"https:\/\/www.europesays.com\/fi\/wp-json\/wp\/v2\/posts"}],"about":[{"href":"https:\/\/www.europesays.com\/fi\/wp-json\/wp\/v2\/types\/post"}],"author":[{"embeddable":true,"href":"https:\/\/www.europesays.com\/fi\/wp-json\/wp\/v2\/users\/2"}],"replies":[{"embeddable":true,"href":"https:\/\/www.europesays.com\/fi\/wp-json\/wp\/v2\/comments?post=109762"}],"version-history":[{"count":0,"href":"https:\/\/www.europesays.com\/fi\/wp-json\/wp\/v2\/posts\/109762\/revisions"}],"wp:featuredmedia":[{"embeddable":true,"href":"https:\/\/www.europesays.com\/fi\/wp-json\/wp\/v2\/media\/109763"}],"wp:attachment":[{"href":"https:\/\/www.europesays.com\/fi\/wp-json\/wp\/v2\/media?parent=109762"}],"wp:term":[{"taxonomy":"category","embeddable":true,"href":"https:\/\/www.europesays.com\/fi\/wp-json\/wp\/v2\/categories?post=109762"},{"taxonomy":"post_tag","embeddable":true,"href":"https:\/\/www.europesays.com\/fi\/wp-json\/wp\/v2\/tags?post=109762"}],"curies":[{"name":"wp","href":"https:\/\/api.w.org\/{rel}","templated":true}]}}