{"id":109774,"date":"2025-12-07T04:14:08","date_gmt":"2025-12-07T04:14:08","guid":{"rendered":"https:\/\/www.europesays.com\/fi\/109774\/"},"modified":"2025-12-07T04:14:08","modified_gmt":"2025-12-07T04:14:08","slug":"iaea-tshernobylin-vaurioitunut-suojakuori-ei-enaa-esta-sateilya-uutisia-lyhyesti","status":"publish","type":"post","link":"https:\/\/www.europesays.com\/fi\/109774\/","title":{"rendered":"IAEA: Tshernobylin vaurioitunut suojakuori ei en\u00e4\u00e4 est\u00e4 s\u00e4teily\u00e4 | Uutisia lyhyesti"},"content":{"rendered":"<p class=\"aw-1gybjub aw-5vja16 kEtdKx kmuxyA yle__article__paragraph\">Ven\u00e4j\u00e4n drooni osui suojakuoreen helmikuussa.<\/p>\n<p class=\"aw-1gybjub aw-1p7kakr kEtdKx cEmitX yle__article__paragraph\">Tshernobylin ydinvoimalan ylle rakennettu ter\u00e4ksinen suojakuori on vaurioitunut eik\u00e4 en\u00e4\u00e4 est\u00e4 s\u00e4teilyn levi\u00e4mist\u00e4 sen ulkopuolelle, kertoi Kansainv\u00e4linen atomienergiaj\u00e4rjest\u00f6 IAEA muun muassa <a class=\"aw-iao6s4 iHOxEa yle__article__link\" href=\"https:\/\/www.theguardian.com\/world\/2025\/dec\/06\/chornobyl-disaster-shelter-no-longer-blocks-radiation-and-needs-major-repair-iaea\" role=\"link\" rel=\"nofollow noopener\" target=\"_blank\">Guardianin<\/a> ja<a class=\"aw-iao6s4 iHOxEa yle__article__link\" href=\"https:\/\/edition.cnn.com\/2025\/12\/06\/europe\/chernobyl-drone-strike-radiation-latam-intl\" role=\"link\" rel=\"nofollow noopener\" target=\"_blank\"> CNN:n mukaan<\/a>.<\/p>\n<p class=\"aw-1gybjub aw-1p7kakr kEtdKx cEmitX yle__article__paragraph\">Ukrainan mukaan kuori vaurioitui Ven\u00e4j\u00e4n tekem\u00e4ss\u00e4 drooni-iskussa helmikuussa. Ven\u00e4j\u00e4 on kiist\u00e4nyt tehneens\u00e4 iskun.<\/p>\n<p class=\"aw-1gybjub aw-1p7kakr kEtdKx cEmitX yle__article__paragraph\">IAEA totesi tarkastuksessaan viime viikolla kuoren vaurioituneen. J\u00e4rjest\u00f6n johtajan <strong class=\"aw-ak79eh KyCXm yle__article__strong\">Rafael Grossin<\/strong> mukaan kuorta paikkailtiin, mutta sen palauttaminen pit\u00e4v\u00e4ksi vaatisi suuremman remontin.<\/p>\n<p class=\"aw-1gybjub aw-1p7kakr kEtdKx cEmitX yle__article__paragraph\">Ydinvoimalan tuhoutuneen reaktorin ymp\u00e4rille rakennettu uusi suojakuori valmistui vuonna 2019.<\/p>\n<p class=\"aw-1gybjub aw-1p7kakr kEtdKx cEmitX yle__article__paragraph\">Tshernobylin ydinvoimalan reaktori r\u00e4j\u00e4hti vuonna 1986, mink\u00e4 j\u00e4lkeen ydins\u00e4teily\u00e4 levisi ymp\u00e4ri Eurooppaa. Neuvostoliitto eristi reaktorin betonisella suojakuorella, mutta alkuper\u00e4isen kuoren k\u00e4ytt\u00f6ik\u00e4 oli vain 30 vuotta.<\/p>\n","protected":false},"excerpt":{"rendered":"Ven\u00e4j\u00e4n drooni osui suojakuoreen helmikuussa. Tshernobylin ydinvoimalan ylle rakennettu ter\u00e4ksinen suojakuori on vaurioitunut eik\u00e4 en\u00e4\u00e4 est\u00e4 s\u00e4teilyn levi\u00e4mist\u00e4&hellip;\n","protected":false},"author":2,"featured_media":74,"comment_status":"","ping_status":"","sticky":false,"template":"","format":"standard","meta":{"footnotes":"","_share_on_mastodon":"0"},"categories":[12],"tags":[22,23,26,27,33,31,30,17,6880,24,25,28,29,15,18,21,32,19,20,19841,20467,1303,56,16,547,987,4006],"class_list":["post-109774","post","type-post","status-publish","format-standard","has-post-thumbnail","category-suomi","tag-breaking-news","tag-breakingnews","tag-featured-news","tag-featurednews","tag-fi","tag-finland","tag-finnish","tag-headlines","tag-iaea","tag-latest-news","tag-latestnews","tag-main-news","tag-mainnews","tag-news","tag-otsikot","tag-paauutiset","tag-suomi","tag-top-stories","tag-topstories","tag-tsernobyl","tag-tsernobylin-ydinvoimalaonnettomuus","tag-ukraina","tag-ulkomaat","tag-uutiset","tag-venaja","tag-venajan-hyokkays","tag-ydintekniikka"],"share_on_mastodon":{"url":"https:\/\/pubeurope.com\/@fi\/115676346170365181","error":""},"_links":{"self":[{"href":"https:\/\/www.europesays.com\/fi\/wp-json\/wp\/v2\/posts\/109774","targetHints":{"allow":["GET"]}}],"collection":[{"href":"https:\/\/www.europesays.com\/fi\/wp-json\/wp\/v2\/posts"}],"about":[{"href":"https:\/\/www.europesays.com\/fi\/wp-json\/wp\/v2\/types\/post"}],"author":[{"embeddable":true,"href":"https:\/\/www.europesays.com\/fi\/wp-json\/wp\/v2\/users\/2"}],"replies":[{"embeddable":true,"href":"https:\/\/www.europesays.com\/fi\/wp-json\/wp\/v2\/comments?post=109774"}],"version-history":[{"count":0,"href":"https:\/\/www.europesays.com\/fi\/wp-json\/wp\/v2\/posts\/109774\/revisions"}],"wp:featuredmedia":[{"embeddable":true,"href":"https:\/\/www.europesays.com\/fi\/wp-json\/wp\/v2\/media\/74"}],"wp:attachment":[{"href":"https:\/\/www.europesays.com\/fi\/wp-json\/wp\/v2\/media?parent=109774"}],"wp:term":[{"taxonomy":"category","embeddable":true,"href":"https:\/\/www.europesays.com\/fi\/wp-json\/wp\/v2\/categories?post=109774"},{"taxonomy":"post_tag","embeddable":true,"href":"https:\/\/www.europesays.com\/fi\/wp-json\/wp\/v2\/tags?post=109774"}],"curies":[{"name":"wp","href":"https:\/\/api.w.org\/{rel}","templated":true}]}}