{"id":109785,"date":"2025-12-07T04:40:09","date_gmt":"2025-12-07T04:40:09","guid":{"rendered":"https:\/\/www.europesays.com\/fi\/109785\/"},"modified":"2025-12-07T04:40:09","modified_gmt":"2025-12-07T04:40:09","slug":"timo-vornanen-saapui-linnan-juhliin","status":"publish","type":"post","link":"https:\/\/www.europesays.com\/fi\/109785\/","title":{"rendered":"Timo Vornanen saapui Linnan juhliin"},"content":{"rendered":"<p>Linnassa Vornanen \u201dsaattaa yhden lasin boolia nauttia\u201d.<\/p>\n<p>Timo Vornanen saapui Linnan juhliin.Video: IS<\/p>\n<p>6.12. 20:15<\/p>\n<p class=\"article-body mb-nof-24 px-nof-16\">Kansanedustaja <a class=\"article-personlink\" href=\"https:\/\/www.is.fi\/haku\/?query=Timo%20Vornanen\" rel=\"nofollow noopener\" target=\"_blank\">Timo Vornanen <\/a>(tv) saapui Presidentinlinnaan leppoisin mielin, vaikka h\u00e4net tuomittiin perjantaina kahdeksan kuukauden ehdolliseen vankeuteen Bar Ihkun edustalla huhtikuussa 2024 tapahtuneesta ampumav\u00e4likohtauksesta.<\/p>\n<p class=\"article-body mb-nof-24 px-nof-16\">Vornasen syyksi luettiin pahoinpitely, kaksi laitonta uhkausta, varomaton k\u00e4sittely, ampuma-aserikos ja ampuma-aserikkomus.<\/p>\n<p class=\"article-body mb-nof-24 px-nof-16\">Linnan juhlissa Vornanen aikoo maistaa juomatarjontaa.<\/p>\n<p class=\"article-body mb-nof-24 px-nof-16\">\u2013 Katsotaan mit\u00e4 on tarjottavaa. Saatan yhden lasin boolia nauttia.<\/p>\n<p class=\"article-body mb-nof-24 px-nof-16\">Vornanen ei aio l\u00e4hte\u00e4 Linnan juhlien jatkoille.<\/p>\n<p class=\"article-body mb-nof-24 px-nof-16\">\u2013 Ei l\u00e4hdet\u00e4 Ihkuunkaan, Vornanen sanoi.<\/p>\n<p class=\"article-body mb-nof-24 px-nof-16\">Lue lis\u00e4\u00e4: <a class=\"article-genericlink\" href=\"https:\/\/www.is.fi\/politiikka\/art-2000011673813.html\" rel=\"nofollow noopener\" target=\"_blank\">Timo Vornanen: En harkitse eduskunnasta eroamista<\/a><\/p>\n<p><img decoding=\"async\" src=\"https:\/\/www.europesays.com\/fi\/wp-content\/uploads\/2025\/12\/1765082409_293_468.jpg\" alt=\"Timo Vornasen mietteet kiinnostivat ennen Linnan juhlia.\" class=\"_Img_1rerz_1\" style=\"aspect-ratio:1.5\" loading=\"eager\"\/><\/p>\n<p class=\"article-picture-caption\">Timo Vornasen mietteet kiinnostivat ennen Linnan juhlia. Kuva:\u00a0Jussi Nukari<\/p>\n<p class=\"article-body mb-nof-24 px-nof-16\">Vornanen erotettiin ampumav\u00e4likohtauksen j\u00e4lkeen perussuomalaisista, ja h\u00e4n perusti oman, yhden miehen eduskuntaryhm\u00e4ns\u00e4.<\/p>\n<p class=\"article-body mb-nof-24 px-nof-16\">Perussuomalaisten eduskuntaryhm\u00e4n puheenjohtaja <a class=\"article-personlink\" href=\"https:\/\/www.is.fi\/haku\/?query=Jani%20M%C3%A4kel%C3%A4\" rel=\"nofollow noopener\" target=\"_blank\">Jani M\u00e4kel\u00e4<\/a> ei spekuloi sill\u00e4, onko Vornasen mahdollista palata perussuomalaisten eduskuntaryhm\u00e4\u00e4n.<\/p>\n<p class=\"article-body mb-nof-24 px-nof-16\">\u2013En l\u00e4hde sill\u00e4 spekuloimaan. L\u00e4ht\u00f6kohta on se, ett\u00e4 h\u00e4n ei ole puolueen eik\u00e4 eduskuntaryhm\u00e4n j\u00e4sen, itsekin Linnan juhliin matkalla ollut M\u00e4kel\u00e4 sanoi.<\/p>\n<p class=\"article-body mb-nof-24 px-nof-16\">Vornanen aikoo valittaa saamastaan tuomiosta eik\u00e4 aio j\u00e4tt\u00e4\u00e4 ty\u00f6t\u00e4\u00e4n kansanedustajana ainakaan t\u00e4ss\u00e4 vaiheessa.<\/p>\n<p class=\"article-body mb-nof-24 px-nof-16\">\u2013 T\u00e4m\u00e4 perustuu aikaisemmin ilmoittamaani linjaukseen, ett\u00e4 jos tulee lainvoimainen vankeustuomio, sitten harkitsen asiaa. Katsotaan, miten homma etenee.<\/p>\n<p class=\"article-body mb-nof-24 px-nof-16\">Helsingin k\u00e4r\u00e4j\u00e4oikeuden perjantaina antama tuomio ei ole lainvoimainen.<\/p>\n<p class=\"article-body mb-nof-24 px-nof-16\">\u2013 Puolustukseni n\u00e4kemys asiaan on se, ett\u00e4 oikeusturvani vuoksi t\u00e4m\u00e4 asia vaatii jatkok\u00e4sittely\u00e4. Tulen maanantaina ilmoittamaan tyytym\u00e4tt\u00f6myyden asiaan ja pyyd\u00e4mme valituslupaa hovioikeuteen, Vornanen kirjoitti Facebook-sivuillaan lauantaiaamuna.<\/p>\n","protected":false},"excerpt":{"rendered":"Linnassa Vornanen \u201dsaattaa yhden lasin boolia nauttia\u201d. Timo Vornanen saapui Linnan juhliin.Video: IS 6.12. 20:15 Kansanedustaja Timo Vornanen&hellip;\n","protected":false},"author":2,"featured_media":109786,"comment_status":"","ping_status":"","sticky":false,"template":"","format":"standard","meta":{"footnotes":""},"categories":[12],"tags":[22,23,26,27,33,31,30,17,34,24,25,28,29,15,18,21,32,19,20,16],"class_list":{"0":"post-109785","1":"post","2":"type-post","3":"status-publish","4":"format-standard","5":"has-post-thumbnail","7":"category-suomi","8":"tag-breaking-news","9":"tag-breakingnews","10":"tag-featured-news","11":"tag-featurednews","12":"tag-fi","13":"tag-finland","14":"tag-finnish","15":"tag-headlines","16":"tag-ilta-sanomat","17":"tag-latest-news","18":"tag-latestnews","19":"tag-main-news","20":"tag-mainnews","21":"tag-news","22":"tag-otsikot","23":"tag-paauutiset","24":"tag-suomi","25":"tag-top-stories","26":"tag-topstories","27":"tag-uutiset"},"share_on_mastodon":{"url":"https:\/\/pubeurope.com\/@fi\/115676448598975180","error":""},"_links":{"self":[{"href":"https:\/\/www.europesays.com\/fi\/wp-json\/wp\/v2\/posts\/109785","targetHints":{"allow":["GET"]}}],"collection":[{"href":"https:\/\/www.europesays.com\/fi\/wp-json\/wp\/v2\/posts"}],"about":[{"href":"https:\/\/www.europesays.com\/fi\/wp-json\/wp\/v2\/types\/post"}],"author":[{"embeddable":true,"href":"https:\/\/www.europesays.com\/fi\/wp-json\/wp\/v2\/users\/2"}],"replies":[{"embeddable":true,"href":"https:\/\/www.europesays.com\/fi\/wp-json\/wp\/v2\/comments?post=109785"}],"version-history":[{"count":0,"href":"https:\/\/www.europesays.com\/fi\/wp-json\/wp\/v2\/posts\/109785\/revisions"}],"wp:featuredmedia":[{"embeddable":true,"href":"https:\/\/www.europesays.com\/fi\/wp-json\/wp\/v2\/media\/109786"}],"wp:attachment":[{"href":"https:\/\/www.europesays.com\/fi\/wp-json\/wp\/v2\/media?parent=109785"}],"wp:term":[{"taxonomy":"category","embeddable":true,"href":"https:\/\/www.europesays.com\/fi\/wp-json\/wp\/v2\/categories?post=109785"},{"taxonomy":"post_tag","embeddable":true,"href":"https:\/\/www.europesays.com\/fi\/wp-json\/wp\/v2\/tags?post=109785"}],"curies":[{"name":"wp","href":"https:\/\/api.w.org\/{rel}","templated":true}]}}