{"id":109789,"date":"2025-12-07T04:53:13","date_gmt":"2025-12-07T04:53:13","guid":{"rendered":"https:\/\/www.europesays.com\/fi\/109789\/"},"modified":"2025-12-07T04:53:13","modified_gmt":"2025-12-07T04:53:13","slug":"sanna-marin-saapui-linnan-juhliin-tallainen-on-hanen-iltapukunsa","status":"publish","type":"post","link":"https:\/\/www.europesays.com\/fi\/109789\/","title":{"rendered":"Sanna Marin saapui Linnan juhliin \u2013 t\u00e4llainen on h\u00e4nen iltapukunsa"},"content":{"rendered":"<p>Sanna Marin oli j\u00e4lleen yksi juhlien odotetuimmista vieraista.<\/p>\n<p>6.12. 20:18<\/p>\n<p class=\"article-body mb-nof-24 px-nof-16\">Suomen entinen p\u00e4\u00e4ministeri <a class=\"article-personlink\" href=\"https:\/\/www.is.fi\/haku\/?query=Sanna%20Marin\" rel=\"nofollow noopener\" target=\"_blank\">Sanna Marin<\/a> saapui Presidentinlinnan k\u00e4ttelyjonoon.<\/p>\n<p class=\"article-body mb-nof-24 px-nof-16\">Marin kommentoi toimittajille lyhyesti olevansa my\u00f6h\u00e4ss\u00e4 ruuhkan vuoksi.<\/p>\n<p class=\"article-body mb-nof-24 px-nof-16\">Marin on varmasti yksi illan odotetuimmista ja kuvatuimmista vieraista. T\u00e4n\u00e4 vuonna Marin pukeutui Linnan juhliin <a class=\"article-personlink\" href=\"https:\/\/www.is.fi\/haku\/?query=Anne-Mari%20Pahkalan\" rel=\"nofollow noopener\" target=\"_blank\">Anne-Mari Pahkalan<\/a> suunnittelemaan pukuun. Marinin hopeanv\u00e4rinen Noemi Dress -iltapuku on saanut inspiraationsa Anmai-merkin mallistosta ja se on valmistettu 100-prosenttisesta silkist\u00e4.<\/p>\n<p><img decoding=\"async\" src=\"https:\/\/www.europesays.com\/fi\/wp-content\/uploads\/2025\/12\/1765046529_438_468.jpg\" alt=\"Sanna Marinin asu on Anne-Mari Pahkalan k\u00e4sialaa.\" class=\"_Img_1rerz_1\" style=\"aspect-ratio:0.6666666666666666\" loading=\"eager\"\/><\/p>\n<p class=\"article-picture-caption\">Sanna Marinin asu on Anne-Mari Pahkalan k\u00e4sialaa. Kuva:\u00a0Juha Salminen \/ HS<\/p>\n<p class=\"article-body mb-nof-24 px-nof-16\">Marinin puvun kruunaavat Lumoavan Bohemian-sarjan korvakorut sek\u00e4 sormukset molemmissa k\u00e4siss\u00e4. Korut on valmistettu Suomessa 100-prosenttisesta kierr\u00e4tetyst\u00e4 hopeasta.<\/p>\n<p class=\"article-body mb-nof-24 px-nof-16\">Koruissa on el\u00e4v\u00e4pintainen tekstuuri ja tiedotteen mukaan niiden n\u00e4ytt\u00e4v\u00e4t muodot kertovat omann\u00e4k\u00f6isest\u00e4 tiest\u00e4, jota ei tarvitse selitt\u00e4\u00e4.<\/p>\n<p><img decoding=\"async\" src=\"https:\/\/www.europesays.com\/fi\/wp-content\/uploads\/2025\/12\/1765083193_125_468.jpg\" alt=\"\" class=\"_Img_1rerz_1\" style=\"aspect-ratio:0.6666666666666666\" loading=\"eager\"\/><\/p>\n<p class=\"article-picture-caption\">Kuva:\u00a0Juha Salminen \/ HS<\/p>\n<p class=\"article-body mb-nof-24 px-nof-16\">Marinin yll\u00e4 Linnassa n\u00e4hdyt asut ovat her\u00e4tt\u00e4neet monena vuonna paljon ihailua ja ylistyst\u00e4.<\/p>\n<p class=\"article-body mb-nof-24 px-nof-16\">Viime vuonna Marin saapui k\u00e4ttelyjonoon mustassa iltapuvussa, jonka h\u00e4nen kerrottiin saaneen lahjaksi Ukrainan varap\u00e4\u00e4ministerilt\u00e4.<\/p>\n<p class=\"article-body mb-nof-24 px-nof-16\">Vuonna 2023 Marin n\u00e4htiin Linnassa keltaisessa, <a class=\"article-personlink\" href=\"https:\/\/www.is.fi\/haku\/?query=Katri%20Niskasen\" rel=\"nofollow noopener\" target=\"_blank\">Katri Niskasen<\/a> suunnittelemassa iltapuvussa. Asukokonaisuuden kruunasi kunniamerkki, jonka sinisen nauhan kanssa puku muodosti Ukrainan lipun v\u00e4rit.<\/p>\n<p class=\"article-body mb-nof-24 px-nof-16\">Marin on edustanut Linnan juhlissa yksin siit\u00e4 l\u00e4htien, kun h\u00e4n erosi ex-puolisostaan <a class=\"article-personlink article-strong\" href=\"https:\/\/www.is.fi\/haku\/?query=Markus%20R%C3%A4ikk%C3%B6sest%C3%A4\" rel=\"nofollow noopener\" target=\"_blank\">Markus R\u00e4ikk\u00f6sest\u00e4<\/a> kev\u00e4\u00e4ll\u00e4 2023. Aiemmin ex-pari n\u00e4htiin useita kertoja yhdess\u00e4 Linnassa.<\/p>\n<p class=\"article-body mb-nof-24 px-nof-16\">Marin ty\u00f6skentelee nykyisin Tony Blair -instituutissa strategisena neuvonantajana. H\u00e4n aloitti ty\u00f6ss\u00e4\u00e4n syksyll\u00e4 2023.<\/p>\n<p class=\"article-body mb-nof-24 px-nof-16\">Kes\u00e4ll\u00e4 2023 Marin listautui yhdysvaltalaisen Harry Walker Agencyn listoille, joka v\u00e4litt\u00e4\u00e4 puhujia kansainv\u00e4lisiin tapahtumiin. Samana kes\u00e4n\u00e4 Marin perusti entisen erityisavustajansa <a class=\"article-personlink article-strong\" href=\"https:\/\/www.is.fi\/haku\/?query=Tuulia%20Pitk%C3%A4sen\" rel=\"nofollow noopener\" target=\"_blank\">Tuulia Pitk\u00e4sen<\/a> kanssa MA\/PI-yrityksen.<\/p>\n","protected":false},"excerpt":{"rendered":"Sanna Marin oli j\u00e4lleen yksi juhlien odotetuimmista vieraista. 6.12. 20:18 Suomen entinen p\u00e4\u00e4ministeri Sanna Marin saapui Presidentinlinnan k\u00e4ttelyjonoon.&hellip;\n","protected":false},"author":2,"featured_media":109790,"comment_status":"","ping_status":"","sticky":false,"template":"","format":"standard","meta":{"footnotes":""},"categories":[136],"tags":[407,137,33,31,30,34,408,32,109],"class_list":{"0":"post-109789","1":"post","2":"type-post","3":"status-publish","4":"format-standard","5":"has-post-thumbnail","7":"category-julkkikset","8":"tag-celebrities","9":"tag-entertainment","10":"tag-fi","11":"tag-finland","12":"tag-finnish","13":"tag-ilta-sanomat","14":"tag-julkkikset","15":"tag-suomi","16":"tag-viihde"},"share_on_mastodon":{"url":"https:\/\/pubeurope.com\/@fi\/115676499476727573","error":""},"_links":{"self":[{"href":"https:\/\/www.europesays.com\/fi\/wp-json\/wp\/v2\/posts\/109789","targetHints":{"allow":["GET"]}}],"collection":[{"href":"https:\/\/www.europesays.com\/fi\/wp-json\/wp\/v2\/posts"}],"about":[{"href":"https:\/\/www.europesays.com\/fi\/wp-json\/wp\/v2\/types\/post"}],"author":[{"embeddable":true,"href":"https:\/\/www.europesays.com\/fi\/wp-json\/wp\/v2\/users\/2"}],"replies":[{"embeddable":true,"href":"https:\/\/www.europesays.com\/fi\/wp-json\/wp\/v2\/comments?post=109789"}],"version-history":[{"count":0,"href":"https:\/\/www.europesays.com\/fi\/wp-json\/wp\/v2\/posts\/109789\/revisions"}],"wp:featuredmedia":[{"embeddable":true,"href":"https:\/\/www.europesays.com\/fi\/wp-json\/wp\/v2\/media\/109790"}],"wp:attachment":[{"href":"https:\/\/www.europesays.com\/fi\/wp-json\/wp\/v2\/media?parent=109789"}],"wp:term":[{"taxonomy":"category","embeddable":true,"href":"https:\/\/www.europesays.com\/fi\/wp-json\/wp\/v2\/categories?post=109789"},{"taxonomy":"post_tag","embeddable":true,"href":"https:\/\/www.europesays.com\/fi\/wp-json\/wp\/v2\/tags?post=109789"}],"curies":[{"name":"wp","href":"https:\/\/api.w.org\/{rel}","templated":true}]}}