{"id":109797,"date":"2025-12-07T05:06:09","date_gmt":"2025-12-07T05:06:09","guid":{"rendered":"https:\/\/www.europesays.com\/fi\/109797\/"},"modified":"2025-12-07T05:06:09","modified_gmt":"2025-12-07T05:06:09","slug":"analyysi-kulttuurisota-kuivahti-kasaan-itsenaisyyspaivana-politiikka","status":"publish","type":"post","link":"https:\/\/www.europesays.com\/fi\/109797\/","title":{"rendered":"Analyysi: Kulttuurisota kuivahti kasaan itsen\u00e4isyysp\u00e4iv\u00e4n\u00e4 | Politiikka"},"content":{"rendered":"<p class=\"aw-1gybjub aw-5vja16 kEtdKx kmuxyA yle__article__paragraph\">Is\u00e4nmaallisuuden valjastaminen politiikan keppihevoseksi on osoittautunut vaikeaksi, kirjoittaa politiikan toimittaja Petri Raivio.<\/p>\n<p><img decoding=\"async\" alt=\"Nainen pit\u00e4\u00e4 suurta Suomenlippua. Vieress\u00e4 seisoo mies valkoinen ylioppilashattu p\u00e4\u00e4ss\u00e4.\" src=\"https:\/\/www.europesays.com\/fi\/wp-content\/uploads\/2025\/12\/39-156568769349ca365b78.jpeg\" class=\"aw-1l9m598 hKVVvP\"\/><\/p>\n<p>Avaa kuvien katselu<\/p>\n<p>Kuva: Sasha Silvala \/ Yle<img decoding=\"async\" alt=\"Ylen Politiikka ja talous -toimituksen toimittaja Petri Raivio.\" src=\"https:\/\/www.europesays.com\/fi\/wp-content\/uploads\/2025\/10\/39-147025368302318ab360.jpeg\" class=\"aw-1l9m598 hKVVvP\"\/><\/p>\n<p class=\"aw-1gybjub aw-1p7kakr kEtdKx cEmitX yle__article__paragraph\"><strong class=\"aw-ak79eh KyCXm yle__article__strong\">Helsingin T\u00f6\u00f6l\u00f6n kaduilla n\u00e4htiin<\/strong> lauantai-iltana aiemmilta itsen\u00e4isyysp\u00e4ivilt\u00e4 tuttu n\u00e4ytelm\u00e4. Kansallismielinen 612-soihtukulkue kokoontui T\u00f6\u00f6l\u00f6ntorille, ja poliisi pys\u00e4ytti vastamielenosoittajat parin korttelin p\u00e4\u00e4h\u00e4n Runeberginkadulle.<\/p>\n<p class=\"aw-1gybjub aw-1p7kakr kEtdKx cEmitX yle__article__paragraph\">\u2013 Demokratian vastaisessa liikehdinn\u00e4ss\u00e4 ei ole mit\u00e4\u00e4n is\u00e4nmaallista, 612-kulkueen suojaamista vastustanut nuori vastamielenosoittaja huusi ilmeett\u00f6mille mellakkapoliiseille.<\/p>\n<p class=\"aw-1gybjub aw-1p7kakr kEtdKx cEmitX yle__article__paragraph\">Samalla kun sateisella T\u00f6\u00f6l\u00f6ntorilla odoteltiin juhlapuheen alkua, laulajalegenda <strong class=\"aw-ak79eh KyCXm yle__article__strong\">Katri Helena<\/strong> astui Presidentinlinnassa valtiosalin pariovista k\u00e4ttelem\u00e4\u00e4n tasavallan presidentti <strong class=\"aw-ak79eh KyCXm yle__article__strong\">Alexander Stubbia<\/strong> ja <strong class=\"aw-ak79eh KyCXm yle__article__strong\">Suzanne Innes-Stubbia<\/strong>.<\/p>\n<p class=\"aw-1gybjub aw-1p7kakr kEtdKx cEmitX yle__article__paragraph\">Viime vuonna 612-kulkueen juhlapuhujaksi oli valittu kansanedustaja <strong class=\"aw-ak79eh KyCXm yle__article__strong\">Teemu Keskisarja<\/strong> (ps.), jonka p\u00e4\u00e4t\u00f6st\u00e4 osallistua kulkueeseen paheksuivat sek\u00e4 p\u00e4\u00e4ministeri ett\u00e4 presidentti.<\/p>\n<p class=\"aw-1gybjub aw-1p7kakr kEtdKx cEmitX yle__article__paragraph\">Viime kes\u00e4n\u00e4 Keskisarja valittiin puolueensa varapuheenjohtajaksi, ja h\u00e4n julisti, <a class=\"aw-iao6s4 iHOxEa yle__article__link\" href=\"https:\/\/www.hs.fi\/politiikka\/art-2000011301076.html\" role=\"link\" rel=\"nofollow noopener\" target=\"_blank\">ettei kulttuurisodassa pid\u00e4 antaa armoa<\/a>. Siit\u00e4 huolimatta t\u00e4n\u00e4 itsen\u00e4isyysp\u00e4iv\u00e4n\u00e4 Keskisarja p\u00e4\u00e4tti j\u00e4tt\u00e4\u00e4 v\u00e4liin sek\u00e4 Linnan juhlat ett\u00e4 soihtukulkueen.<\/p>\n<p class=\"aw-1gybjub aw-1p7kakr kEtdKx cEmitX yle__article__paragraph\">Perussuomalaisista t\u00e4m\u00e4n vuoden 612-kulkueeseen oli ilmoittanut tulevansa varapuheenjohtaja <strong class=\"aw-ak79eh KyCXm yle__article__strong\">Simo Gr\u00f6nroos<\/strong>.<\/p>\n<p class=\"aw-1gybjub aw-1p7kakr kEtdKx cEmitX yle__article__paragraph\"><strong class=\"aw-ak79eh KyCXm yle__article__strong\">Pienen viiv\u00e4styksen j\u00e4lkeen<\/strong> T\u00f6\u00f6l\u00f6ntorilla p\u00e4\u00e4see \u00e4\u00e4neen juhlapuhuja, kansallismielisen Suomen Sisu -j\u00e4rjest\u00f6n sihteeri <strong class=\"aw-ak79eh KyCXm yle__article__strong\">Christian Heikkonen<\/strong>.<\/p>\n<p class=\"aw-1gybjub aw-1p7kakr kEtdKx cEmitX yle__article__paragraph\">\u2013 Te olette t\u00e4m\u00e4n kansan etuvartio, Heikkonen aloittaa hieman kompuroivan puheensa, jossa h\u00e4n kantaa huolta suomalaisten syntyvyydest\u00e4.<\/p>\n<p class=\"aw-1gybjub aw-1p7kakr kEtdKx cEmitX yle__article__paragraph\">Ymp\u00e4rill\u00e4 on muutama sata ihmist\u00e4: tavallista keski-ik\u00e4ist\u00e4 v\u00e4ke\u00e4, mutta my\u00f6s sinivalkoisiin kommandopipoihin ja pilottitakkeihin sonnustautuneita nuoria miehi\u00e4. Leijonavaakunoita, Soldiers of Odin -tunnuksia, jopa suojeluskuntamerkki.<\/p>\n<p class=\"aw-1gybjub aw-1p7kakr kEtdKx cEmitX yle__article__paragraph\">Tapahtuman alussa poliisi taluttaa torilta pois nuoren naisen, joka kertoo tulleensa paikalle \u201dprovosoimaan natseja\u201d.<\/p>\n<p class=\"aw-1gybjub aw-1p7kakr kEtdKx cEmitX yle__article__paragraph\"><strong class=\"aw-ak79eh KyCXm yle__article__strong\">Samaan aikaan presidentinlinnassa<\/strong> jono etenee. Kansanedustajia, johtajia, artisteja, urheilijoita k\u00e4ttelee vuorollaan parrasvaloissa tasavallan presidentti\u00e4 puolisoineen.<\/p>\n<p class=\"aw-1gybjub aw-1p7kakr kEtdKx cEmitX yle__article__paragraph\">Linnan juhlissa valtionp\u00e4\u00e4mies toimii seremoniamestarina. Politiikka on lakaistu syrj\u00e4\u00e4n. Presidentti-instituutio n\u00e4ytt\u00e4\u00e4 voimansa, kun eduskunta, hallitus ja tuomioistuinlaitos astelevat kiltisti vuorollaan k\u00e4ttelem\u00e4\u00e4n.<\/p>\n<p class=\"aw-1gybjub aw-1p7kakr kEtdKx cEmitX yle__article__paragraph\">T\u00e4ll\u00e4 kertaa Stubb on kotimaassa viel\u00e4 aiempaa vahvemmassa asemassa p\u00e4\u00e4sty\u00e4\u00e4n Valkoiseen taloon ja Euroopan suurten maiden ohella mukaan Ukrainan rauhasta k\u00e4yt\u00e4viin neuvotteluihin.<\/p>\n<p class=\"aw-1gybjub aw-1p7kakr kEtdKx cEmitX yle__article__paragraph\">Presidentti kertoo haastattelussa puhuneensa puhelimessa Ukrainan presidentin <strong class=\"aw-ak79eh KyCXm yle__article__strong\">Volodymyr Zelenskyin<\/strong> kanssa, joka oli toivottanut hyv\u00e4\u00e4 itsen\u00e4isyysp\u00e4iv\u00e4\u00e4.<\/p>\n<p class=\"aw-1gybjub aw-1p7kakr kEtdKx cEmitX yle__article__paragraph\">Stubb vakuuttaa, ett\u00e4 Suomen itsen\u00e4isyys on turvattu. Riitt\u00e4v\u00e4n vahva puolustus ehk\u00e4isee Ven\u00e4j\u00e4n kaltaisen maan hy\u00f6kk\u00e4ysaikeet. Suomalaisten maanpuolustustahto on yli 80 prosenttia.<\/p>\n<p class=\"aw-1gybjub aw-1p7kakr kEtdKx cEmitX yle__article__paragraph\"><strong class=\"aw-ak79eh KyCXm yle__article__strong\">Takaisin T\u00f6\u00f6l\u00f6ntorille<\/strong>, jossa ymp\u00e4rilleen katsomalla ymm\u00e4rt\u00e4\u00e4, miksi jopa perussuomalaiset pit\u00e4\u00e4 nyt ainakin julkisesti jonkinlaista et\u00e4isyytt\u00e4 sellaiseen lippua heiluttavaan kansallismielisyyteen, jota 612-kulkue edustaa.<\/p>\n<p class=\"aw-1gybjub aw-1p7kakr kEtdKx cEmitX yle__article__paragraph\">Aate ei saa kovin sankoin joukoin v\u00e4ke\u00e4 liikkeelle edes itsen\u00e4isyysp\u00e4iv\u00e4n\u00e4. Osa marssille osallistujista on selke\u00e4sti \u00e4\u00e4rioikeistoa, jonka kanssa flirttailu voi karkottaa maltillisia \u00e4\u00e4nest\u00e4ji\u00e4.<\/p>\n<p class=\"aw-1gybjub aw-1p7kakr kEtdKx cEmitX yle__article__paragraph\">Is\u00e4nmaallisuudella kilpailu on politiikassa vaikea laji.<\/p>\n","protected":false},"excerpt":{"rendered":"Is\u00e4nmaallisuuden valjastaminen politiikan keppihevoseksi on osoittautunut vaikeaksi, kirjoittaa politiikan toimittaja Petri Raivio. Avaa kuvien katselu Kuva: Sasha Silvala&hellip;\n","protected":false},"author":2,"featured_media":109798,"comment_status":"","ping_status":"","sticky":false,"template":"","format":"standard","meta":{"footnotes":""},"categories":[12],"tags":[22,23,26,27,33,31,30,17,13790,24,25,14062,28,29,2571,15,18,21,637,19968,32,19,20,16],"class_list":{"0":"post-109797","1":"post","2":"type-post","3":"status-publish","4":"format-standard","5":"has-post-thumbnail","7":"category-suomi","8":"tag-breaking-news","9":"tag-breakingnews","10":"tag-featured-news","11":"tag-featurednews","12":"tag-fi","13":"tag-finland","14":"tag-finnish","15":"tag-headlines","16":"tag-kansallisuusaate","17":"tag-latest-news","18":"tag-latestnews","19":"tag-linnan-juhlat","20":"tag-main-news","21":"tag-mainnews","22":"tag-mielenosoitukset","23":"tag-news","24":"tag-otsikot","25":"tag-paauutiset","26":"tag-politiikka","27":"tag-suomen-itsenaisyyspaiva","28":"tag-suomi","29":"tag-top-stories","30":"tag-topstories","31":"tag-uutiset"},"share_on_mastodon":{"url":"https:\/\/pubeurope.com\/@fi\/115676550587975650","error":""},"_links":{"self":[{"href":"https:\/\/www.europesays.com\/fi\/wp-json\/wp\/v2\/posts\/109797","targetHints":{"allow":["GET"]}}],"collection":[{"href":"https:\/\/www.europesays.com\/fi\/wp-json\/wp\/v2\/posts"}],"about":[{"href":"https:\/\/www.europesays.com\/fi\/wp-json\/wp\/v2\/types\/post"}],"author":[{"embeddable":true,"href":"https:\/\/www.europesays.com\/fi\/wp-json\/wp\/v2\/users\/2"}],"replies":[{"embeddable":true,"href":"https:\/\/www.europesays.com\/fi\/wp-json\/wp\/v2\/comments?post=109797"}],"version-history":[{"count":0,"href":"https:\/\/www.europesays.com\/fi\/wp-json\/wp\/v2\/posts\/109797\/revisions"}],"wp:featuredmedia":[{"embeddable":true,"href":"https:\/\/www.europesays.com\/fi\/wp-json\/wp\/v2\/media\/109798"}],"wp:attachment":[{"href":"https:\/\/www.europesays.com\/fi\/wp-json\/wp\/v2\/media?parent=109797"}],"wp:term":[{"taxonomy":"category","embeddable":true,"href":"https:\/\/www.europesays.com\/fi\/wp-json\/wp\/v2\/categories?post=109797"},{"taxonomy":"post_tag","embeddable":true,"href":"https:\/\/www.europesays.com\/fi\/wp-json\/wp\/v2\/tags?post=109797"}],"curies":[{"name":"wp","href":"https:\/\/api.w.org\/{rel}","templated":true}]}}