{"id":109801,"date":"2025-12-07T05:19:11","date_gmt":"2025-12-07T05:19:11","guid":{"rendered":"https:\/\/www.europesays.com\/fi\/109801\/"},"modified":"2025-12-07T05:19:11","modified_gmt":"2025-12-07T05:19:11","slug":"marion-rung-80-vuotta-nain-kilot-lahtivat","status":"publish","type":"post","link":"https:\/\/www.europesays.com\/fi\/109801\/","title":{"rendered":"Marion Rung 80 vuotta: n\u00e4in kilot l\u00e4htiv\u00e4t"},"content":{"rendered":"<p>Marion Rungin mielest\u00e4 kannattaa olla rehellinen ja kunnioittaa ihmisi\u00e4. \u2013 Olen itse pyrkinyt el\u00e4m\u00e4\u00e4n n\u00e4in, mutta en ole mik\u00e4\u00e4n enkeli. Olen tehnyt omat virheeni, 80 vuotta t\u00e4ytt\u00e4v\u00e4 artisti sanoo.<\/p>\n<p class=\"article-body mb-nof-24 px-nof-16\">Voinko se olla min\u00e4, <a class=\"article-personlink\" href=\"https:\/\/www.is.fi\/haku\/?query=Marion%20Rung\" rel=\"nofollow noopener\" target=\"_blank\">Marion Rung<\/a> miettii.<\/p>\n<p class=\"article-body mb-nof-24 px-nof-16\">7. joulukuuta tunnettu iskelm\u00e4laulaja t\u00e4ytt\u00e4\u00e4 80 vuotta.<\/p>\n<p class=\"article-body mb-nof-24 px-nof-16\">Se tuntuu h\u00e4nest\u00e4 uskomattomalta. Hieno tunne se on joka tapauksessa.<\/p>\n<p class=\"article-body mb-nof-24 px-nof-16\">\u2013 En tied\u00e4, milt\u00e4 80 vuoden ik\u00e4 pit\u00e4isi tuntua, sill\u00e4 en tunne itse\u00e4ni sen ik\u00e4iseksi, h\u00e4n sanoo.<\/p>\n<p class=\"article-body mb-nof-24 px-nof-16\">\u2013 Joku sanoi, ett\u00e4 80 on uusi 60. Ehk\u00e4 se on sill\u00e4 lailla.<\/p>\n<p class=\"article-body mb-nof-24 px-nof-16\">P\u00e4\u00e4llimm\u00e4isin tunne on kiitollisuus. On mahtavaa, ett\u00e4 on saanut el\u00e4\u00e4 n\u00e4in pitk\u00e4\u00e4n, n\u00e4hd\u00e4 maailmaa ja k\u00e4yd\u00e4 keikoilla.<\/p>\n<p class=\"article-body mb-nof-24 px-nof-16\">\u2013 Olen ylikiitollinen, ett\u00e4 saan tehd\u00e4 ty\u00f6t\u00e4 ja olla rakastamieni ihmisten kanssa.<\/p>\n<p class=\"article-body mb-nof-24 px-nof-16\">Joka p\u00e4iv\u00e4 Marion Rung pakottaa itsens\u00e4 ulos k\u00e4velem\u00e4\u00e4n. Liikunta on h\u00e4nest\u00e4 kamalan t\u00e4rke\u00e4\u00e4.<\/p>\n<p class=\"article-body mb-nof-24 px-nof-16\">H\u00e4n k\u00e4y kuntosalilla ja h\u00e4nell\u00e4 on oma personal trainer.<\/p>\n<p class=\"article-body mb-nof-24 px-nof-16\">\u2013 Olen saanut viestej\u00e4 ihmisilt\u00e4, ett\u00e4 olen laihtunut. Liikun enemm\u00e4n ja sy\u00f6n v\u00e4hemm\u00e4n. Sanotaan n\u00e4in. Minulla ei ainakaan ole laihtumiseen mit\u00e4\u00e4n poppaskonstia.<\/p>\n<p class=\"article-body mb-nof-24 px-nof-16\">Yksityisel\u00e4m\u00e4st\u00e4\u00e4n niukasti kertova artisti kertoo el\u00e4v\u00e4ns\u00e4 yksin, mutta ei ole yksin\u00e4inen.<\/p>\n<p class=\"article-body mb-nof-24 px-nof-16\">\u2013 Sinkku kuulostaa hullulta, Marion Rung sanoo.<\/p>\n<p class=\"article-body mb-nof-24 px-nof-16\">Kahden lapsen iso\u00e4iti tapaa 6- ja 4-vuotiaita lapsenlapsiaan ja nelikymppist\u00e4 tyt\u00e4rt\u00e4\u00e4n l\u00e4hes p\u00e4ivitt\u00e4in. He tekev\u00e4t yhdess\u00e4 tavallisia asioita.<\/p>\n<p class=\"article-body mb-nof-24 px-nof-16\">\u2013 He tulevat t\u00e4nne ja menen sinne. Ihan normaalia el\u00e4m\u00e4\u00e4.<\/p>\n<p class=\"article-body mb-nof-24 px-nof-16\">\u00c4idiksi Marion Rung tuli 37-vuotiaana. H\u00e4n oli vuonna 1982 vanha ensisynnytt\u00e4j\u00e4.<\/p>\n<p class=\"article-body mb-nof-24 px-nof-16\">\u2013 \u00c4itiys menee kaiken edelle, h\u00e4n sanoo.<\/p>\n<p><img decoding=\"async\" src=\"https:\/\/www.europesays.com\/fi\/wp-content\/uploads\/2025\/12\/1765084749_211_978.jpg\" alt=\"Marion Rung edusti Suomea euroviisuissa 1973. Tuolloin kappale oli Tom tom tom.\" class=\"_Img_1rerz_1\" style=\"aspect-ratio:1.5106215578284816\" loading=\"eager\"\/><\/p>\n<p class=\"article-picture-caption\">Marion Rung edusti Suomea euroviisuissa 1973. Tuolloin kappale oli Tom tom tom. Kuva:\u00a0Sanoman arkisto<\/p>\n<p class=\"article-body mb-nof-24 px-nof-16\">Monista hiteist\u00e4\u00e4n tunnettu artisti kuuluu samaan vuosikertaan kuin kollegansa <a class=\"article-personlink\" href=\"https:\/\/www.is.fi\/haku\/?query=Katri%20Helena%20Kalaoja.\" rel=\"nofollow noopener\" target=\"_blank\">Katri Helena Kalaoja.<\/a><\/p>\n<p class=\"article-body mb-nof-24 px-nof-16\">Sota p\u00e4\u00e4ttyi 1944 vuoden lopulla, ja loppuvuodesta 1945 Suomessa syntyi paljon lapsia.<\/p>\n<p class=\"article-body mb-nof-24 px-nof-16\">Sodan varjo ei ollut pitk\u00e4, sill\u00e4 Marion Rungin is\u00e4 ei osallistunut sotaan.<\/p>\n<p class=\"article-body mb-nof-24 px-nof-16\">\u2013 Is\u00e4n toinen silm\u00e4 oli syntym\u00e4sokea. H\u00e4n ei ollut armeijassa.<\/p>\n<p class=\"article-body mb-nof-24 px-nof-16\">Laulaminen vei helsinkil\u00e4isen tyt\u00f6n mukanaan jo varhain. 16-vuotiaana Marion Rung osallistui iskelm\u00e4laulun SM-kilpailuihin ja tuli toiseksi.<\/p>\n<blockquote class=\"citation\">\n<p>\u201d<\/p>\n<p>En ollut nuorena rohkea. Ep\u00e4varmuus esti.<\/p>\n<\/blockquote>\n<p class=\"article-body mb-nof-24 px-nof-16\">Seuraavana vuonna 17-vuotias nuori neito edusti Suomen euroviisuissa kappaleella Tipi-tii. Se sijoittui seitsem\u00e4nneksi.<\/p>\n<p class=\"article-body mb-nof-24 px-nof-16\">Hyvin meni, vaikka nyt Marion Rungista tuntuu, ett\u00e4 h\u00e4n olisi voinut olla rohkeampi.<\/p>\n<p class=\"article-body mb-nof-24 px-nof-16\">\u2013 En ollut nuorena rohkea. Ep\u00e4varmuus esti.<\/p>\n<p class=\"article-body mb-nof-24 px-nof-16\">Nuoremmalle itselleen Marionilla olisi antaa monta neuvoa.<\/p>\n<p class=\"article-body mb-nof-24 px-nof-16\">El\u00e4 avoimin silmin! \u00c4l\u00e4 tee vain sellaisia asioita, jotka tuntuvat hyvin turvallisilta. Sill\u00e4 lailla ihminen ei kehity, h\u00e4n sanoo.<\/p>\n<p class=\"article-body mb-nof-24 px-nof-16\">Asioita kannattaisi tehd\u00e4 my\u00f6s boksin ulkopuolelta.<\/p>\n<p class=\"article-body mb-nof-24 px-nof-16\">\u2013 Ole rehellinen ja kunnioita ihmisi\u00e4. Olen itse pyrkinyt el\u00e4m\u00e4\u00e4n n\u00e4in, mutta en ole mik\u00e4\u00e4n enkeli. Olen tehnyt omat virheeni, h\u00e4n sanoo.<\/p>\n<p class=\"article-body mb-nof-24 px-nof-16\">\u2013 Olen ollut Pelle Peloton. Olen tehnyt asioita boksin ulkopuolelta.<\/p>\n<p><img decoding=\"async\" src=\"https:\/\/www.europesays.com\/fi\/wp-content\/uploads\/2025\/12\/1765084749_793_978.jpg\" alt=\"Matkalla euroviisuihin 1962.\" class=\"_Img_1rerz_1\" style=\"aspect-ratio:0.7557291666666667\" loading=\"eager\"\/><\/p>\n<p class=\"article-picture-caption\">Matkalla euroviisuihin 1962. Kuva:\u00a0Erkki Laitila \/ Lehtikuva<\/p>\n<p class=\"article-body mb-nof-24 px-nof-16\">Euroviisuedustus. Sopotin laulukilpailun voitto 1980. Kulta- ja timanttilevyt. Omat ravintolashow\u2019t. Ne ovat kaikki aikoinaan olleet isoja juttuja.<\/p>\n<p class=\"article-body mb-nof-24 px-nof-16\">\u2013 Olen kaikesta aivan \u00e4lytt\u00f6m\u00e4n kiitollinen. Olen esiintynyt teatterissa ja musikaaleissa. Minulla oli pieni uran poikanen Saksassa. Ihan mahdotonta nostaa joku yksitt\u00e4inen saavutus.<\/p>\n<p class=\"article-body mb-nof-24 px-nof-16\">Marion Rung on aina el\u00e4tt\u00e4nyt itsens\u00e4 laulajana. Joka keikalla ihmiset toivovat kuulevansa samat hitit: El Bimbo, Se\u00f1orita por favor, Hyv\u00e4sti y\u00f6 ja Tipi-tii.<\/p>\n<p class=\"article-body mb-nof-24 px-nof-16\">Ennen laulu-uraansa h\u00e4n oli kampaajaoppilaana. Alan vaihto on ollut kerran mieless\u00e4. 1990-luvun laman aikana h\u00e4n oli yksinhuoltaja, ty\u00f6t olivat v\u00e4hiss\u00e4 ja tilanne oli hankala.<\/p>\n<p class=\"article-body mb-nof-24 px-nof-16\">Siit\u00e4kin selvittiin.<\/p>\n<p class=\"article-body mb-nof-24 px-nof-16\">\u2013 Keksin, ett\u00e4 menen opiskelemaan. Olisin halunnut opiskella musiikkiterapiaa, mutta en ollut ylioppilas.<\/p>\n<p class=\"article-body mb-nof-24 px-nof-16\">\u2013 Opiskelin taideterapiaa, mutta en ehtinyt valmistua ennen kuin minulle ehdotettiin levy\u00e4.<\/p>\n<p class=\"article-body mb-nof-24 px-nof-16\">Syntyi hitti Nuo silm\u00e4t. Siit\u00e4 alkoi uusi nousu. Tuli taas keikkoja. Muut ty\u00f6t j\u00e4iv\u00e4t.<\/p>\n<p class=\"article-body mb-nof-24 px-nof-16\">\u2013 En ole koskaan halunnut j\u00e4\u00e4d\u00e4 el\u00e4kkeelle. Artistilla ei ole el\u00e4keik\u00e4\u00e4. Jos terveys on suhteellisen ok, niin mik\u00e4 siin\u00e4 on jatkaessa.<\/p>\n<p><img decoding=\"async\" src=\"https:\/\/www.europesays.com\/fi\/wp-content\/uploads\/2025\/12\/1765084750_886_978.jpg\" alt=\"Markku Aro, Lea Laven, Marion Rung ja Kai Hyttinen yhteiskiertueella 2023.\" class=\"_Img_1rerz_1\" style=\"aspect-ratio:1.5\" loading=\"eager\"\/><\/p>\n<p class=\"article-picture-caption\">Markku Aro, Lea Laven, Marion Rung ja Kai Hyttinen yhteiskiertueella 2023. Kuva:\u00a0Paula Kaskimaa \/ IS<\/p>\n<p class=\"article-body mb-nof-24 px-nof-16\">Viime toukokuussa Marion Rungia pelotti. H\u00e4n kirjoitti Facebokissa saaneensa HUSin naistenklinikalla hyv\u00e4\u00e4 hoitoa.<\/p>\n<p class=\"article-body mb-nof-24 px-nof-16\">Rung kertoi tuolloin, ettei ole useinkaan el\u00e4m\u00e4ns\u00e4 aikana ollut leikkauksissa, mink\u00e4 vuoksi tilanne oli h\u00e4nelle hyvin j\u00e4nnitt\u00e4v\u00e4. H\u00e4n ei kuitenkaan tarkentanut, mik\u00e4 leikkaus oli kyseess\u00e4.<\/p>\n<p class=\"article-body mb-nof-24 px-nof-16\">\u2013 Totuuden nimiss\u00e4 on kyll\u00e4 sanottava, ett\u00e4 pelk\u00e4sin todella paljon. En ole el\u00e4m\u00e4ni aikana juurikaan joutunut leikkauksiin, Marion Rung kirjoitti Facebookissa.<\/p>\n<p class=\"article-body mb-nof-24 px-nof-16\">Nyt Marion Rung ei halua kommentoida toukokuussa tapahtunutta leikkausta. H\u00e4n sanoo, ettei todellakaan puhu sairauksista.<\/p>\n<p class=\"article-body mb-nof-24 px-nof-16\">\u2013 Terveydentilani on oikein hyv\u00e4, h\u00e4n kertoo.<\/p>\n<p><img decoding=\"async\" src=\"https:\/\/www.europesays.com\/fi\/wp-content\/uploads\/2025\/12\/1765084750_416_978.jpg\" alt=\"Marion Rung n\u00e4htiin t\u00e4n\u00e4 vuonna Vain el\u00e4m\u00e4\u00e4 -ohjelman erikoisjaksossa.\" class=\"_Img_1rerz_1\" style=\"aspect-ratio:1.6\" loading=\"eager\"\/><\/p>\n<p class=\"article-picture-caption\">Marion Rung n\u00e4htiin t\u00e4n\u00e4 vuonna Vain el\u00e4m\u00e4\u00e4 -ohjelman erikoisjaksossa. Kuva:\u00a0Petri Aho<\/p>\n<p class=\"article-body mb-nof-24 px-nof-16\">Uudet tuulet puhaltavat. 1960-luvulla uransa aloittanut artisti kertoo, ett\u00e4 nuoret ovat ottaneet hiljattain yhteytt\u00e4 sosiaalisessa mediassa. Marion Rungin musiikki on ollut joillekin uusi asia.<\/p>\n<p class=\"article-body mb-nof-24 px-nof-16\">Vain el\u00e4m\u00e4\u00e4 -ohjelman erikoisjakso Marion Rungin p\u00e4iv\u00e4, joka tuli ulos marraskuussa, korjasi tilanteen.<\/p>\n<p class=\"article-body mb-nof-24 px-nof-16\">\u2013 Nuoret ovat pit\u00e4neet minusta, artisti kertoo saamistaan viesteist\u00e4.<\/p>\n<p class=\"article-body mb-nof-24 px-nof-16\">Satulinnassa vierailu oli nautinto. Ohjelmassa esiintyneet nuoret artistit olivat \u00e4lytt\u00f6m\u00e4n kivoja ja taitavia.<\/p>\n<p class=\"article-body mb-nof-24 px-nof-16\">\u2013 Todella nautin. Juttelimme yhdess\u00e4 paljon pidemp\u00e4\u00e4n kuin mit\u00e4 televisiossa n\u00e4kyy.<\/p>\n<blockquote class=\"citation\">\n<p>\u201d<\/p>\n<p>Jos el\u00e4m\u00e4 olisi ruusuilla tanssimista, et kasvaisi sentti\u00e4k\u00e4\u00e4n ihmisen\u00e4.<\/p>\n<\/blockquote>\n<p><img decoding=\"async\" src=\"https:\/\/www.europesays.com\/fi\/wp-content\/uploads\/2025\/12\/1765084751_664_978.jpg\" alt=\"1987 Marion Rung tapasi Ritari \u00e4ss\u00e4n David Hasselhoffin.\" class=\"_Img_1rerz_1\" style=\"aspect-ratio:1.3417190775681342\" loading=\"eager\"\/><\/p>\n<p class=\"article-picture-caption\">1987 Marion Rung tapasi Ritari \u00e4ss\u00e4n David Hasselhoffin.<\/p>\n<p class=\"article-body mb-nof-24 px-nof-16\">Nyt el\u00e4m\u00e4ss\u00e4 on kaikki hyvin. Menneiden katuminen ei kuulu Marion Rungin tyyliin. H\u00e4nen mielest\u00e4\u00e4n el\u00e4m\u00e4ss\u00e4 on paljon asioita, joita voi katua, jos haluaa, mutta se ei kannata.<\/p>\n<p class=\"article-body mb-nof-24 px-nof-16\">\u2013 Kaikki tapahtuu tarkoituksen mukaisesti. Jos el\u00e4m\u00e4 olisi ruusuilla tanssimista, et kasvaisi sentti\u00e4k\u00e4\u00e4n ihmisen\u00e4.<\/p>\n<p class=\"article-body mb-nof-24 px-nof-16\">\u2013 Kun tulee alam\u00e4ki, silloin ihminen kasvaa. Eih\u00e4n sit\u00e4 opi mit\u00e4\u00e4n, jos olisi koko ajan kivaa ja hauskaa.<\/p>\n<p class=\"article-body mb-nof-24 px-nof-16\">Varsinaisia unelmia Marion Rungilla ei ole. Seuraava etappi on oma konserttikiertue El\u00e4m\u00e4lle kiitos!, joka alkaa helmikuussa 2026.<\/p>\n<p class=\"article-body mb-nof-24 px-nof-16\">Kappaleiden v\u00e4lill\u00e4 artisti keskustelee managerinsa ja yst\u00e4v\u00e4ns\u00e4 <a class=\"article-personlink\" href=\"https:\/\/www.is.fi\/haku\/?query=Eeva%20Malinin\" rel=\"nofollow noopener\" target=\"_blank\">Eeva Malinin<\/a> kanssa el\u00e4m\u00e4st\u00e4\u00e4n.<\/p>\n<p class=\"article-body mb-nof-24 px-nof-16\">Kaikenlaista on ollut. 1980-luvun lopussa ja 1990-luvun alussa Marion Rung k\u00e4vi terapiassa viisi vuotta.<\/p>\n<p class=\"article-body mb-nof-24 px-nof-16\">\u2013 Se auttoi todella paljon. Sain rakennettua uuden selk\u00e4rangan. Voimaannuin todella paljon. Siksi jaksan t\u00e4n\u00e4kin p\u00e4iv\u00e4n\u00e4.<\/p>\n<p><img decoding=\"async\" src=\"https:\/\/www.europesays.com\/fi\/wp-content\/uploads\/2025\/12\/1765084751_41_978.jpg\" alt=\"Marion Rung aikoo juhlia syntym\u00e4p\u00e4iv\u00e4\u00e4ns\u00e4 isosti.\" class=\"_Img_1rerz_1\" style=\"aspect-ratio:1.5011727912431587\" loading=\"eager\"\/><\/p>\n<p class=\"article-picture-caption\">Marion Rung aikoo juhlia syntym\u00e4p\u00e4iv\u00e4\u00e4ns\u00e4 isosti. Kuva:\u00a0RONI REKOMAA \/ Lehtikuva<\/p>\n<p class=\"article-body mb-nof-24 px-nof-16\">Vanheneminen ei Marion Rungia pelota. 80-vuotisp\u00e4iv\u00e4n kynnyksell\u00e4 h\u00e4n my\u00f6nt\u00e4\u00e4, ett\u00e4 olisi ik\u00e4v\u00e4\u00e4, jos ei en\u00e4\u00e4 pystyisi itsen\u00e4iseen el\u00e4m\u00e4\u00e4n.<\/p>\n<p class=\"article-body mb-nof-24 px-nof-16\">\u2013 Toivon, ett\u00e4 saisin olla terve pitk\u00e4\u00e4n.<\/p>\n<p class=\"article-body mb-nof-24 px-nof-16\">Ensi vuoden kalenteri on t\u00e4ynn\u00e4 merkint\u00f6j\u00e4. Marion Rung tiet\u00e4\u00e4 jo, mit\u00e4 h\u00e4n tekee ensi syksyn\u00e4, mutta siit\u00e4 ei saa puhua.<\/p>\n<p class=\"article-body mb-nof-24 px-nof-16\">Syntym\u00e4p\u00e4iv\u00e4\u00e4ns\u00e4 h\u00e4n juhlii kutsumalla \u201dei niin pienen porukan\u201d koolle. Sukulaisia, yst\u00e4vi\u00e4 ja ty\u00f6tovereita. On hyv\u00e4 hetki viett\u00e4\u00e4 syntym\u00e4p\u00e4iv\u00e4\u00e4 isommin.<\/p>\n<p class=\"article-body mb-nof-24 px-nof-16\">Ensi vuonna on toisen juhlan aika. Silloin Marion Rung on laulanut ammatikseen 65 vuotta. Se on huikeaa, h\u00e4n sanoo.<\/p>\n<p class=\"article-body mb-nof-24 px-nof-16\">Joku kysyi, ett\u00e4 lopetatko nyt, kun tulevan konserttikiertueen nimi on El\u00e4m\u00e4lle kiitos!<\/p>\n<p class=\"article-body mb-nof-24 px-nof-16\">\u2013 En lopeta. Teen niin kauan kuin teen ja yleis\u00f6 haluaa kuulla.<\/p>\n<p class=\"article-body mb-nof-24 px-nof-16\">\u2013 Ja niin kauan kuin jaksan.<\/p>\n","protected":false},"excerpt":{"rendered":"Marion Rungin mielest\u00e4 kannattaa olla rehellinen ja kunnioittaa ihmisi\u00e4. \u2013 Olen itse pyrkinyt el\u00e4m\u00e4\u00e4n n\u00e4in, mutta en ole&hellip;\n","protected":false},"author":2,"featured_media":109802,"comment_status":"","ping_status":"","sticky":false,"template":"","format":"standard","meta":{"footnotes":""},"categories":[136],"tags":[407,137,33,31,30,34,408,32,109],"class_list":{"0":"post-109801","1":"post","2":"type-post","3":"status-publish","4":"format-standard","5":"has-post-thumbnail","7":"category-julkkikset","8":"tag-celebrities","9":"tag-entertainment","10":"tag-fi","11":"tag-finland","12":"tag-finnish","13":"tag-ilta-sanomat","14":"tag-julkkikset","15":"tag-suomi","16":"tag-viihde"},"share_on_mastodon":{"url":"https:\/\/pubeurope.com\/@fi\/115676603134884829","error":""},"_links":{"self":[{"href":"https:\/\/www.europesays.com\/fi\/wp-json\/wp\/v2\/posts\/109801","targetHints":{"allow":["GET"]}}],"collection":[{"href":"https:\/\/www.europesays.com\/fi\/wp-json\/wp\/v2\/posts"}],"about":[{"href":"https:\/\/www.europesays.com\/fi\/wp-json\/wp\/v2\/types\/post"}],"author":[{"embeddable":true,"href":"https:\/\/www.europesays.com\/fi\/wp-json\/wp\/v2\/users\/2"}],"replies":[{"embeddable":true,"href":"https:\/\/www.europesays.com\/fi\/wp-json\/wp\/v2\/comments?post=109801"}],"version-history":[{"count":0,"href":"https:\/\/www.europesays.com\/fi\/wp-json\/wp\/v2\/posts\/109801\/revisions"}],"wp:featuredmedia":[{"embeddable":true,"href":"https:\/\/www.europesays.com\/fi\/wp-json\/wp\/v2\/media\/109802"}],"wp:attachment":[{"href":"https:\/\/www.europesays.com\/fi\/wp-json\/wp\/v2\/media?parent=109801"}],"wp:term":[{"taxonomy":"category","embeddable":true,"href":"https:\/\/www.europesays.com\/fi\/wp-json\/wp\/v2\/categories?post=109801"},{"taxonomy":"post_tag","embeddable":true,"href":"https:\/\/www.europesays.com\/fi\/wp-json\/wp\/v2\/tags?post=109801"}],"curies":[{"name":"wp","href":"https:\/\/api.w.org\/{rel}","templated":true}]}}