{"id":109815,"date":"2025-12-07T05:45:12","date_gmt":"2025-12-07T05:45:12","guid":{"rendered":"https:\/\/www.europesays.com\/fi\/109815\/"},"modified":"2025-12-07T05:45:12","modified_gmt":"2025-12-07T05:45:12","slug":"dorothea-wierer-vahapukeisissa-kuvissa-kova-reaktio-nousi","status":"publish","type":"post","link":"https:\/\/www.europesays.com\/fi\/109815\/","title":{"rendered":"Dorothea Wierer v\u00e4h\u00e4pukeisissa kuvissa \u2013 Kova reaktio nousi"},"content":{"rendered":"<p>Elvira \u00d6berg otti kantaa italialaist\u00e4hden julkaisuihin.<\/p>\n<p><img decoding=\"async\" class=\"image image-show image-preview\" src=\"https:\/\/www.europesays.com\/fi\/wp-content\/uploads\/2025\/12\/0704c26293681c02d5c8520e37dc73e7ce64404d1ca3ad2f5dd135c88ef06fb6.jpg\" alt=\"\"\/><img decoding=\"async\" class=\"image image-show\" src=\"https:\/\/www.europesays.com\/fi\/wp-content\/uploads\/2025\/12\/1765086310_31_0704c26293681c02d5c8520e37dc73e7ce64404d1ca3ad2f5dd135c88ef06fb6.jpg\" alt=\"\"\/><\/p>\n<p>Dorothea Wierer on huippusuosittu somessa. AOP<\/p>\n<p class=\"paragraph\">Ampumahiiht\u00e4j\u00e4 <a href=\"https:\/\/www.iltalehti.fi\/henkilot\/Dorothea Wierer\" class=\"article-link-person-page\" rel=\"nofollow noopener\" target=\"_blank\">Dorothea Wiererin<\/a> luksusel\u00e4m\u00e4 ja rohkeat Instagram-kuvat her\u00e4tt\u00e4v\u00e4t keskustelua lajipiireiss\u00e4.<\/p>\n<p class=\"paragraph\">Uransa t\u00e4h\u00e4n kauteen p\u00e4\u00e4tt\u00e4v\u00e4 italialainen on hiihtolatujen kruunaamaton kuningatar, jos mittarina k\u00e4ytet\u00e4\u00e4n Instagram-seuraajia. H\u00e4nell\u00e4 on niit\u00e4 625\u00a0000.<\/p>\n<p class=\"paragraph\">Ruotsalainen <a href=\"https:\/\/www.iltalehti.fi\/henkilot\/Elvira \u00d6berg\" class=\"article-link-person-page\" rel=\"nofollow noopener\" target=\"_blank\">Elvira \u00d6berg<\/a> on pannut Wiererin valtavan suosion merkille, mutta painottaa ampumahiihtofaneille, etteiv\u00e4t s\u00e4ihkyv\u00e4t kulissit v\u00e4ltt\u00e4m\u00e4tt\u00e4 kerro koko totuutta h\u00e4nen kilpakumppanistaan.<\/p>\n<p class=\"paragraph\">\u2013 En usko, ett\u00e4 jokap\u00e4iv\u00e4inen el\u00e4m\u00e4mme n\u00e4ytt\u00e4\u00e4 kovin erilaiselta, vaikka Instagram-tilimme antavatkin niin ymm\u00e4rt\u00e4\u00e4, \u00d6berg kommentoi <a href=\"https:\/\/www.expressen.se\/sport\/skidskytte\/elvira-oberg-inte-ofta-ni-ser-mig-i-bikini\/\" target=\"_blank\" rel=\"noopener nofollow\">Expressen-lehdelle<\/a>.<\/p>\n<p class=\"paragraph\">\u00d6berg ei itse ole sit\u00e4 tyyppi\u00e4, joka julkaisisi aurinkoa ottaessaan bikinikuvia nettiin.<\/p>\n<p class=\"paragraph\">\u2013 Minua ei n\u00e4e joka p\u00e4iv\u00e4 bikineiss\u00e4 luksusjahdin kannella, viinilasi k\u00e4dess\u00e4ni. Wierer on etev\u00e4 siin\u00e4, mit\u00e4 h\u00e4n valitsee n\u00e4ytt\u00e4\u00e4 seuraajilleen. H\u00e4n varmasti tekee paljon t\u00f6it\u00e4 sen eteen, ruotsalainen sanoo.<\/p>\n<p class=\"paragraph\">\u00d6berg my\u00f6s joutuisi n\u00e4kem\u00e4\u00e4n huomattavasti enemm\u00e4n vaivaa bikinikuvien eteen.<\/p>\n<p class=\"paragraph\">\u2013 On varmasti helpompaa l\u00e4hte\u00e4 veneilem\u00e4\u00e4n Italiassa kuin Ruotsissa \u2013 puhumattakaan \u00d6stersundista.<\/p>\n<p><a href=\"https:\/\/www.iltalehti.fi\/telkku\/?utm_source=iltalehti.fi&amp;utm_medium=almainternal&amp;utm_campaign=urheilu_artikkelibanneri&amp;utm_content=banner_612_a\" rel=\"nofollow noopener\" target=\"_blank\"><img decoding=\"async\" src=\"https:\/\/www.europesays.com\/fi\/wp-content\/uploads\/2025\/08\/7ef604e47d46ca174b7df4149bd3557dbde56a86d520f8e1b2125548b0a2e03a.png\" alt=\"TV-ohjelmat t\u00e4n\u00e4\u00e4n, TV-opas\"\/><\/a><\/p>\n","protected":false},"excerpt":{"rendered":"Elvira \u00d6berg otti kantaa italialaist\u00e4hden julkaisuihin. Dorothea Wierer on huippusuosittu somessa. AOP Ampumahiiht\u00e4j\u00e4 Dorothea Wiererin luksusel\u00e4m\u00e4 ja rohkeat&hellip;\n","protected":false},"author":2,"featured_media":109816,"comment_status":"","ping_status":"","sticky":false,"template":"","format":"standard","meta":{"footnotes":""},"categories":[136],"tags":[35,407,2110,137,33,31,30,2096,408,41,2668,32,161,109],"class_list":{"0":"post-109815","1":"post","2":"type-post","3":"status-publish","4":"format-standard","5":"has-post-thumbnail","7":"category-julkkikset","8":"tag-24h","9":"tag-celebrities","10":"tag-elamantapa-ja-vapaa-aika","11":"tag-entertainment","12":"tag-fi","13":"tag-finland","14":"tag-finnish","15":"tag-hiihtolajit","16":"tag-julkkikset","17":"tag-liikunta-ja-urheilu","18":"tag-pohjoismaiset-hiihtolajit","19":"tag-suomi","20":"tag-urheilutapahtumat","21":"tag-viihde"},"share_on_mastodon":{"url":"https:\/\/pubeurope.com\/@fi\/115676703968101288","error":""},"_links":{"self":[{"href":"https:\/\/www.europesays.com\/fi\/wp-json\/wp\/v2\/posts\/109815","targetHints":{"allow":["GET"]}}],"collection":[{"href":"https:\/\/www.europesays.com\/fi\/wp-json\/wp\/v2\/posts"}],"about":[{"href":"https:\/\/www.europesays.com\/fi\/wp-json\/wp\/v2\/types\/post"}],"author":[{"embeddable":true,"href":"https:\/\/www.europesays.com\/fi\/wp-json\/wp\/v2\/users\/2"}],"replies":[{"embeddable":true,"href":"https:\/\/www.europesays.com\/fi\/wp-json\/wp\/v2\/comments?post=109815"}],"version-history":[{"count":0,"href":"https:\/\/www.europesays.com\/fi\/wp-json\/wp\/v2\/posts\/109815\/revisions"}],"wp:featuredmedia":[{"embeddable":true,"href":"https:\/\/www.europesays.com\/fi\/wp-json\/wp\/v2\/media\/109816"}],"wp:attachment":[{"href":"https:\/\/www.europesays.com\/fi\/wp-json\/wp\/v2\/media?parent=109815"}],"wp:term":[{"taxonomy":"category","embeddable":true,"href":"https:\/\/www.europesays.com\/fi\/wp-json\/wp\/v2\/categories?post=109815"},{"taxonomy":"post_tag","embeddable":true,"href":"https:\/\/www.europesays.com\/fi\/wp-json\/wp\/v2\/tags?post=109815"}],"curies":[{"name":"wp","href":"https:\/\/api.w.org\/{rel}","templated":true}]}}