{"id":109821,"date":"2025-12-07T05:52:11","date_gmt":"2025-12-07T05:52:11","guid":{"rendered":"https:\/\/www.europesays.com\/fi\/109821\/"},"modified":"2025-12-07T05:52:11","modified_gmt":"2025-12-07T05:52:11","slug":"max-verstappen-paalulle-f1-kauden-huipennukseen","status":"publish","type":"post","link":"https:\/\/www.europesays.com\/fi\/109821\/","title":{"rendered":"Max Verstappen paalulle F1-kauden huipennukseen"},"content":{"rendered":"<p>Red Bullin Max Verstappen nappasi paalupaikan huomiseen kauden p\u00e4\u00e4tt\u00e4v\u00e4\u00e4n Abu Dhabin F1-osakilpailuun. MM-sarjaa johtava Lando Norris l\u00e4htee toisesta ruudusta, McLaren-tallikaveri Oscar Piastri kolmannesta. Kuljettajien maailmanmestaruus ratkeaa huomisessa kilpailussa, sill\u00e4 kaikki kolme kuskia voivat viel\u00e4 ylt\u00e4\u00e4 ykk\u00f6seksi.<\/p>\n<p>Verstappenin paalu irtosi kahden kymmenyksen erolla Norrisiin. Piastri j\u00e4i tallitoveristaan 19 sadasosaa.<\/p>\n<p>Jos Verstappen onnistuu voittamaan huomisen kisan, Norris saa sijoittua korkeintaan nelj\u00e4nneksi, jotta hollantilainen nousee maailmanmestariksi.<\/p>\n<p>Piastrin tilanne on heikompi. H\u00e4nen on MM-tittelin voittaakseen oltava huomenna ykk\u00f6nen, mutta samalla Norris saa olla korkeintaan kuudes.\u00a0<\/p>\n<p>Lando Norris voittaa varmasti uransa ensimm\u00e4isen kuljettajien MM-tittelin, jos h\u00e4n ylt\u00e4\u00e4 kolmanneksi.<\/p>\n<p>Abu Dhabin osakilpailu starttaa sunnuntaina klo 15.\u00a0<\/p>\n","protected":false},"excerpt":{"rendered":"Red Bullin Max Verstappen nappasi paalupaikan huomiseen kauden p\u00e4\u00e4tt\u00e4v\u00e4\u00e4n Abu Dhabin F1-osakilpailuun. MM-sarjaa johtava Lando Norris l\u00e4htee toisesta&hellip;\n","protected":false},"author":2,"featured_media":109822,"comment_status":"","ping_status":"","sticky":false,"template":"","format":"standard","meta":{"footnotes":""},"categories":[158],"tags":[33,31,30,159,32,160],"class_list":{"0":"post-109821","1":"post","2":"type-post","3":"status-publish","4":"format-standard","5":"has-post-thumbnail","7":"category-urheilu","8":"tag-fi","9":"tag-finland","10":"tag-finnish","11":"tag-sports","12":"tag-suomi","13":"tag-urheilu"},"share_on_mastodon":{"url":"https:\/\/pubeurope.com\/@fi\/115676731376367870","error":""},"_links":{"self":[{"href":"https:\/\/www.europesays.com\/fi\/wp-json\/wp\/v2\/posts\/109821","targetHints":{"allow":["GET"]}}],"collection":[{"href":"https:\/\/www.europesays.com\/fi\/wp-json\/wp\/v2\/posts"}],"about":[{"href":"https:\/\/www.europesays.com\/fi\/wp-json\/wp\/v2\/types\/post"}],"author":[{"embeddable":true,"href":"https:\/\/www.europesays.com\/fi\/wp-json\/wp\/v2\/users\/2"}],"replies":[{"embeddable":true,"href":"https:\/\/www.europesays.com\/fi\/wp-json\/wp\/v2\/comments?post=109821"}],"version-history":[{"count":0,"href":"https:\/\/www.europesays.com\/fi\/wp-json\/wp\/v2\/posts\/109821\/revisions"}],"wp:featuredmedia":[{"embeddable":true,"href":"https:\/\/www.europesays.com\/fi\/wp-json\/wp\/v2\/media\/109822"}],"wp:attachment":[{"href":"https:\/\/www.europesays.com\/fi\/wp-json\/wp\/v2\/media?parent=109821"}],"wp:term":[{"taxonomy":"category","embeddable":true,"href":"https:\/\/www.europesays.com\/fi\/wp-json\/wp\/v2\/categories?post=109821"},{"taxonomy":"post_tag","embeddable":true,"href":"https:\/\/www.europesays.com\/fi\/wp-json\/wp\/v2\/tags?post=109821"}],"curies":[{"name":"wp","href":"https:\/\/api.w.org\/{rel}","templated":true}]}}