{"id":109825,"date":"2025-12-07T05:57:09","date_gmt":"2025-12-07T05:57:09","guid":{"rendered":"https:\/\/www.europesays.com\/fi\/109825\/"},"modified":"2025-12-07T05:57:09","modified_gmt":"2025-12-07T05:57:09","slug":"kreml-kiittelee-trumpin-turvallisuusstrategian-lievennettyja-sanamuotoja-venajasta-uutisia-lyhyesti","status":"publish","type":"post","link":"https:\/\/www.europesays.com\/fi\/109825\/","title":{"rendered":"Kreml kiittelee Trumpin turvallisuusstrategian lievennettyj\u00e4 sanamuotoja Ven\u00e4j\u00e4st\u00e4 | Uutisia lyhyesti"},"content":{"rendered":"<p class=\"aw-1gybjub aw-5vja16 kEtdKx kmuxyA yle__article__paragraph\">Trumpin hallinnon perjantaina julkaisemassa strategiassa Yhdysvaltain linjaus Ven\u00e4j\u00e4\u00e4 kohtaan on aiempaa pehme\u00e4mpi ja korostaa rajoitettua yhteisty\u00f6t\u00e4.<\/p>\n<p><img decoding=\"async\" alt=\"Dmitri Peskov ihmisten ymp\u00e4r\u00f6im\u00e4n\u00e4 jotka nauhottavat k\u00e4nnyk\u00f6ill\u00e4.\" src=\"https:\/\/www.europesays.com\/fi\/wp-content\/uploads\/2025\/12\/39-150802868a02efdc57d8.jpeg\" class=\"aw-1l9m598 hKVVvP\"\/><\/p>\n<p>Avaa kuvien katselu<\/p>\n<p>Dmitri Peskov puhumassa toimittajille joulukuussa 2024. Kuva: Sven Simon\/ AOP<\/p>\n<p class=\"aw-1gybjub aw-1p7kakr kEtdKx cEmitX yle__article__paragraph\">Kreml toivottaa tervetulleeksi presidentti <strong class=\"aw-ak79eh KyCXm yle__article__strong\">Donald Trumpin<\/strong> hallinnon p\u00e4\u00e4t\u00f6ksen tarkistaa Yhdysvaltojen kansallista turvallisuusstrategiaa. N\u00e4in totesi presidentti <strong class=\"aw-ak79eh KyCXm yle__article__strong\">Vladimir Putinin<\/strong> lehdist\u00f6sihteeri <strong class=\"aw-ak79eh KyCXm yle__article__strong\">Dmitri Peskov<\/strong> sunnuntaina Ven\u00e4j\u00e4n valtiollisen uutistoimisto Tassin haastattelussa.<\/p>\n<p class=\"aw-1gybjub aw-1p7kakr kEtdKx cEmitX yle__article__paragraph\">Peskovin mukaan p\u00e4ivitetyst\u00e4 asiakirjasta on poistettu maininta Ven\u00e4j\u00e4st\u00e4 suorana uhkana Yhdysvalloille. Sen sijaan siin\u00e4 kehotetaan yhteisty\u00f6h\u00f6n Ven\u00e4j\u00e4n kanssa strategisen vakauden kysymyksiss\u00e4.<\/p>\n<p class=\"aw-1gybjub aw-1p7kakr kEtdKx cEmitX yle__article__paragraph\">\u2013 Pid\u00e4mme t\u00e4t\u00e4 my\u00f6nteisen\u00e4 askeleena, Peskov sanoi.<\/p>\n<p class=\"aw-1gybjub aw-1p7kakr kEtdKx cEmitX yle__article__paragraph\">Sen j\u00e4lkeen, kun Ven\u00e4j\u00e4 valtasi vuonna 2014 Ukrainaan kuuluvan Krimin niemimaan, on Yhdysvallat pit\u00e4nyt turvallisuusstrategioissaan Ven\u00e4j\u00e4\u00e4 merkitt\u00e4v\u00e4n\u00e4 uhkana.<\/p>\n<p class=\"aw-1gybjub aw-1p7kakr kEtdKx cEmitX yle__article__paragraph\">Esimerkiksi presidentti <strong class=\"aw-ak79eh KyCXm yle__article__strong\">Joe Bidenin<\/strong> hallinto kutsui Ven\u00e4j\u00e4\u00e4 \u201dakuutiksi uhkaksi\u201d vuoden 2022 kansallisessa turvallisuusstrategiassaan.<\/p>\n<p class=\"aw-1gybjub aw-1p7kakr kEtdKx cEmitX yle__article__paragraph\">Trumpin hallinnon <a class=\"aw-iao6s4 iHOxEa yle__article__link\" href=\"https:\/\/www.whitehouse.gov\/wp-content\/uploads\/2025\/12\/2025-National-Security-Strategy.pdf\" role=\"link\" rel=\"nofollow noopener\" target=\"_blank\">perjantaina julkaisemassa strategiassa<\/a> Yhdysvaltain linjaus Ven\u00e4j\u00e4\u00e4 kohtaan on aiempaa pehme\u00e4mpi ja korostaa rajoitettua yhteisty\u00f6t\u00e4.<\/p>\n<p class=\"aw-1gybjub aw-1p7kakr kEtdKx cEmitX yle__article__paragraph\">29-sivuinen strategia esittelee Trumpin ulkopoliittista linjaa \u201djoustavana realismina\u201d. Raportissa todetaan, ett\u00e4 Yhdysvaltain politiikkaa ohjaa ennen kaikkea \u201dse, mik\u00e4 on Amerikalle eduksi\u201d.<\/p>\n<p class=\"aw-1gybjub aw-1p7kakr kEtdKx cEmitX yle__article__paragraph\">Asiakirjan mukaan Yhdysvallat pyrkii nopeaan ratkaisuun Ukrainan sodassa ja tavoittelee \u201dstrategisen vakauden\u201d palauttamista Ven\u00e4j\u00e4n kanssa, vaikka Ven\u00e4j\u00e4n toimet Ukrainassa s\u00e4ilyv\u00e4tkin keskeisen\u00e4 turvallisuushuolena.<\/p>\n<p class=\"aw-1gybjub aw-1p7kakr kEtdKx cEmitX yle__article__paragraph\">L\u00e4hde: Reuters<\/p>\n","protected":false},"excerpt":{"rendered":"Trumpin hallinnon perjantaina julkaisemassa strategiassa Yhdysvaltain linjaus Ven\u00e4j\u00e4\u00e4 kohtaan on aiempaa pehme\u00e4mpi ja korostaa rajoitettua yhteisty\u00f6t\u00e4. Avaa kuvien&hellip;\n","protected":false},"author":2,"featured_media":109826,"comment_status":"","ping_status":"","sticky":false,"template":"","format":"standard","meta":{"footnotes":""},"categories":[14],"tags":[22,23,20471,26,27,33,31,30,17,24,25,28,29,15,18,21,32,19,20,56,16,987,59,60,61],"class_list":{"0":"post-109825","1":"post","2":"type-post","3":"status-publish","4":"format-standard","5":"has-post-thumbnail","7":"category-ulkomaat","8":"tag-breaking-news","9":"tag-breakingnews","10":"tag-dmitry-peskov","11":"tag-featured-news","12":"tag-featurednews","13":"tag-fi","14":"tag-finland","15":"tag-finnish","16":"tag-headlines","17":"tag-latest-news","18":"tag-latestnews","19":"tag-main-news","20":"tag-mainnews","21":"tag-news","22":"tag-otsikot","23":"tag-paauutiset","24":"tag-suomi","25":"tag-top-stories","26":"tag-topstories","27":"tag-ulkomaat","28":"tag-uutiset","29":"tag-venajan-hyokkays","30":"tag-world","31":"tag-world-news","32":"tag-worldnews"},"share_on_mastodon":{"url":"https:\/\/pubeurope.com\/@fi\/115676751341023773","error":""},"_links":{"self":[{"href":"https:\/\/www.europesays.com\/fi\/wp-json\/wp\/v2\/posts\/109825","targetHints":{"allow":["GET"]}}],"collection":[{"href":"https:\/\/www.europesays.com\/fi\/wp-json\/wp\/v2\/posts"}],"about":[{"href":"https:\/\/www.europesays.com\/fi\/wp-json\/wp\/v2\/types\/post"}],"author":[{"embeddable":true,"href":"https:\/\/www.europesays.com\/fi\/wp-json\/wp\/v2\/users\/2"}],"replies":[{"embeddable":true,"href":"https:\/\/www.europesays.com\/fi\/wp-json\/wp\/v2\/comments?post=109825"}],"version-history":[{"count":0,"href":"https:\/\/www.europesays.com\/fi\/wp-json\/wp\/v2\/posts\/109825\/revisions"}],"wp:featuredmedia":[{"embeddable":true,"href":"https:\/\/www.europesays.com\/fi\/wp-json\/wp\/v2\/media\/109826"}],"wp:attachment":[{"href":"https:\/\/www.europesays.com\/fi\/wp-json\/wp\/v2\/media?parent=109825"}],"wp:term":[{"taxonomy":"category","embeddable":true,"href":"https:\/\/www.europesays.com\/fi\/wp-json\/wp\/v2\/categories?post=109825"},{"taxonomy":"post_tag","embeddable":true,"href":"https:\/\/www.europesays.com\/fi\/wp-json\/wp\/v2\/tags?post=109825"}],"curies":[{"name":"wp","href":"https:\/\/api.w.org\/{rel}","templated":true}]}}