{"id":109831,"date":"2025-12-07T06:11:09","date_gmt":"2025-12-07T06:11:09","guid":{"rendered":"https:\/\/www.europesays.com\/fi\/109831\/"},"modified":"2025-12-07T06:11:09","modified_gmt":"2025-12-07T06:11:09","slug":"erika-vikmanin-linna-asu-saa-tyyliasiantuntijalta-taystyrmayksen","status":"publish","type":"post","link":"https:\/\/www.europesays.com\/fi\/109831\/","title":{"rendered":"Erika Vikmanin Linna-asu saa tyyliasiantuntijalta t\u00e4ystyrm\u00e4yksen"},"content":{"rendered":"<p>Iltalehti tavoitti tyyliasiantuntijan kommentoimaan Linnan juhlien asuja.<\/p>\n<p class=\"paragraph\">Linnan juhlissa n\u00e4htiin j\u00e4lleen toinen toistaan n\u00e4ytt\u00e4v\u00e4mpi\u00e4 asuja. Tyyliasiantuntija <strong>Sohvi Nyman<\/strong> kertoo Iltalehdelle, mitk\u00e4 asut olivat illan onnistuneimpia ja mihin olisi kaivannut muutosta.<\/p>\n<p class=\"paragraph\">Nymanin huomion kiinnitti ensimm\u00e4isen\u00e4 artisti <strong>Erika Vikmanin<\/strong> vaalea iltapuku, joka on <strong>Anna Sarasojan<\/strong> k\u00e4sialaa. Nymanin mielest\u00e4 asu oli Vikmanille sopiva ja h\u00e4nen tyylisens\u00e4.<\/p>\n<p class=\"paragraph\">\u2013 Mutta mielest\u00e4ni t\u00e4m\u00e4 olisi sopinut paremmin viihdegaalaan kuin itsen\u00e4isyysp\u00e4iv\u00e4n vastaanottoon. H\u00e4nen asunsa oli aika antava: rinnat olivat aika esill\u00e4. T\u00e4llaiseen tilaisuuteen antava asu ei ole v\u00e4ltt\u00e4m\u00e4tt\u00e4 paras mahdollinen, Nyman arvioi.<\/p>\n<p><img decoding=\"async\" class=\"image image-show image-preview\" src=\"https:\/\/www.europesays.com\/fi\/wp-content\/uploads\/2025\/12\/18ff49a4355733f7bcfd74928b1f8aaf893e4e67230d83cace0ba12a9fd86f8b.jpg\" alt=\"\"\/><img decoding=\"async\" class=\"image image-show\" src=\"https:\/\/www.europesays.com\/fi\/wp-content\/uploads\/2025\/12\/1765087869_875_18ff49a4355733f7bcfd74928b1f8aaf893e4e67230d83cace0ba12a9fd86f8b.jpg\" alt=\"\"\/><\/p>\n<p>Tyyliasiantuntijan mielest\u00e4 Erika Vikmanin asu oli \u201dliian antava\u201dLinnan juhliin.  Inka Soveri<\/p>\n<p class=\"paragraph\">Illan aikana syv\u00e4t kaula-aukot olivat muutenkin muodissa. Vikmanin lis\u00e4ksi syvi\u00e4 kaula-aukkoja n\u00e4htiin muun muassa Vihreiden puheenjohtaja <strong>Sofia Virralla<\/strong> ja artisti <strong>Jenni Vartiaisella<\/strong>. Nyman uskoo tiet\u00e4v\u00e4ns\u00e4, mist\u00e4 kyseinen muoti-ilmi\u00f6 Linnan juhlissa saattaa johtua.<\/p>\n<p class=\"paragraph\">\u2013 Kun nuorempia ihmisi\u00e4 kutsutaan Linnan juhliin, kaikki eiv\u00e4t v\u00e4ltt\u00e4m\u00e4tt\u00e4 tied\u00e4 etiketeist\u00e4. Eik\u00e4 tule v\u00e4ltt\u00e4m\u00e4tt\u00e4 mieleen ottaa selv\u00e4\u00e4 asiasta, jos tyyli on jo muutenkin paljastava. En usko, ett\u00e4 kukaan haluaa tahallisesti sit\u00e4 tehd\u00e4, asiantuntija tuumaa.<\/p>\n<p class=\"paragraph\">\u2013 Totta kai maailma muuttuu ja etiketit menev\u00e4t koko ajan l\u00f6yhemmiksi, mutta silti sanoisin, ett\u00e4 liian antava ei ole mielest\u00e4ni hyv\u00e4 t\u00e4llaiseen tilaisuuteen, h\u00e4n lis\u00e4\u00e4.<\/p>\n<p>\u201dNolo moka\u201d<\/p>\n<p class=\"paragraph\">Nyman huomasi my\u00f6s sen, ett\u00e4 entinen p\u00e4\u00e4ministeri <strong>Sanna Marin<\/strong> ja presidentti <strong>Alexander Stubbin<\/strong> puoliso <strong>Suzanne Innes-Stubb<\/strong> olivat pukeutuneet samanlaisiin hopeanv\u00e4risiin mekkoihin.<\/p>\n<p class=\"paragraph\">\u2013 Neh\u00e4n olivat samantyyliset: minimalistiset, eleganttiset ja veistokselliset. Senh\u00e4n on ollut pakko olla sattumaa, eih\u00e4n t\u00e4llaisesta asiasta ole varmasti k\u00e4yty keskustelua, asiantuntija pohtii.<\/p>\n<p>Sanna Marinin ja Suzanne Innes-Stubbin asut olivat hyvin samankaltaiset. Timo Korhonen, AOP<\/p>\n<p>Presidenttipari is\u00e4nn\u00f6i Linnan juhlia nyt toista kertaa. Roosa Br\u00f6ijer<\/p>\n<p class=\"paragraph\">Nymanin mukaan kyseinen sattuma menee nolon mokan puolelle.<\/p>\n<p class=\"paragraph\">\u2013 Seh\u00e4n on v\u00e4h\u00e4n sama asia kuin olisi h\u00e4\u00e4t ja joku vieraista tulisi h\u00e4\u00e4mekko p\u00e4\u00e4ll\u00e4\u00e4n. Vaikka molemmilla on eritt\u00e4in onnistuneet ja kauniit asut, jotka sopivat heille todella hyvin, olihan se kiusallinen hetki. Kuitenkin on presidentin puolisosta kyse, ja illan vieraalla on samankaltainen asu.<\/p>\n<p class=\"paragraph\">Nyman arvioi, kummalle asu sopi paremmin.<\/p>\n<p class=\"paragraph\">\u2013 Todella vaikea kysymys. Jos mietin v\u00e4rimaailmojen kannalta, Suzannehan on v\u00e4rimaailmaltaan kuin l\u00e4mmin syksy: h\u00e4nelle sopivat l\u00e4mpim\u00e4t ja muretut v\u00e4rit. Hopeanharmaa ei ole silloin h\u00e4nelle se paras v\u00e4ri. Sanna Marin taas menee selke\u00e4sti viileeseen kategoriaan, h\u00e4n on ehk\u00e4 v\u00e4rimaailmaltaan kuin talvi. Jolloin h\u00e4nelle sopii tuo hopeanharmaa v\u00e4rin\u00e4 paremmin, asiantuntija tuumaa.<\/p>\n<p class=\"paragraph\">\u2013 Mutta kyll\u00e4h\u00e4n Suzannen puku oli tyylikk\u00e4\u00e4mpi. Se noudatteli samaa linjaa, joka h\u00e4nell\u00e4 oli esimerkiksi viime vuonna Linnan juhlissa. Lis\u00e4ksi siin\u00e4 oli ihana yksityiskohta vasemmassa olkap\u00e4\u00e4ss\u00e4. Eli kyll\u00e4 kuitenkin sanoisin, ett\u00e4 Sanna olisi voinut pist\u00e4\u00e4 toisenv\u00e4risen mekon. olisi ollut toisenv\u00e4rinen, meid\u00e4n ei tarvitsisi k\u00e4yd\u00e4 t\u00e4llaista asiaa l\u00e4pi, h\u00e4n jatkaa.<\/p>\n<p>Vulva<\/p>\n<p class=\"paragraph\">Nyman ottaa kantaa my\u00f6s Setan puheenjohtajan <strong>Anu Kantolan<\/strong> kohuasuun. Kantola edusti Linnan juhlissa <strong>Jutta Virtasen<\/strong> luomuksessa, joka esitt\u00e4\u00e4 \u201dpyh\u00e4\u00e4 vulvaa&#8221;. Kantola kertoi aiemmin <a href=\"https:\/\/www.iltalehti.fi\/muoti\/2f5d4e8c-39ff-4cb7-8d3f-12d4a90f243e\" rel=\"nofollow noopener\" target=\"_blank\">Iltalehdelle<\/a>, ett\u00e4 h\u00e4nelle asu symboloi naiseutta, mutta my\u00f6s itsem\u00e4\u00e4r\u00e4\u00e4misoikeutta. Asu her\u00e4tti <a href=\"https:\/\/www.iltalehti.fi\/muoti\/0f97166c-0144-471b-a6c0-9869aade333b\" rel=\"nofollow noopener\" target=\"_blank\">keskustelua ja paheksuntaa<\/a> jo ennen Linnan juhlia.<\/p>\n<p>Anu Kantolan asu kohautti jo ennen Linnan juhlia. Karoliina Vuorenm\u00e4ki<\/p>\n<p class=\"paragraph\">Nymanin mielest\u00e4 kaunis asu sopi Kantolalle hyvin. H\u00e4n kuitenkin muistuttaa, ett\u00e4 t\u00e4llaiset asut sopivat enemm\u00e4n viihdetilaisuuksiin kuin Linnan juhliin.<\/p>\n<p class=\"paragraph\">\u2013 T\u00e4m\u00e4 on arvokas tilaisuus, joten nyt on v\u00e4\u00e4r\u00e4 puku v\u00e4\u00e4r\u00e4ss\u00e4 paikassa. Jos t\u00e4m\u00e4 olisi ollut esimerkiksi Setan tilaisuus tai viihdegaala, t\u00e4m\u00e4 olisi ollut varmaan nappiveto. Mutta Linnan juhlat eiv\u00e4t ole sellainen paikka, jossa tuodaan t\u00e4llaisia aatteita tai ajatuksia.<\/p>\n<p class=\"paragraph\">Kantola sanoi <a href=\"https:\/\/www.iltalehti.fi\/viihdeuutiset\/df7cdfe9-a772-40e1-bc1f-baf653d33285\" rel=\"nofollow noopener\" target=\"_blank\">Iltalehdelle<\/a> Linnan juhlien ovella, ett\u00e4 h\u00e4nen mielest\u00e4\u00e4n joku saisi tulla Linnan juhliin vaikka penisasussa, sill\u00e4 \u201dtaideteos on taideteos\u201d. Nyt Nyman kertoo, mik\u00e4 on taideteoksen raja Linnan juhlissa.<\/p>\n<p class=\"paragraph\">\u2013 Jos menn\u00e4\u00e4n alap\u00e4\u00e4asioihin, kyll\u00e4 siin\u00e4 se raja kulkee mielest\u00e4ni. Jos joku tulisi puvussa, joka esitt\u00e4\u00e4 paljaita rintoja, kyll\u00e4 antaisin siit\u00e4kin suitsutusta. Tuollaiset asut menev\u00e4t viihdegaaloihin, asiantuntija toteaa.<\/p>\n<p class=\"paragraph\">\u2013 Vaikka etikettej\u00e4 rikotaan koko ajan, joku raja t\u00e4ytyy kuitenkin pit\u00e4\u00e4. T\u00e4m\u00e4 on nyt tyyliasiantuntijan tiukka kommentti, h\u00e4n lis\u00e4\u00e4.<\/p>\n<p>Illan onnistujat<\/p>\n<p class=\"paragraph\">Nymanin yksi suosikkiasuista oli kukkakauppayritt\u00e4j\u00e4 <strong>Saija Sitolahden<\/strong> iltapuku. Kyseess\u00e4 on <strong>Anniina Soikkelin<\/strong> suunnittelema vaaleanpunainen asu, jossa oli aitoja kukkia.<\/p>\n<p class=\"paragraph\">\u2013 En tied\u00e4, onko t\u00e4llaista n\u00e4hty koskaan ennen Linnan juhlissa. Tykk\u00e4sin t\u00e4st\u00e4 todella paljon.<\/p>\n<p>Tyyliasiantuntija ylist\u00e4\u00e4 Saija Sitolahden asua, jossa oli aitoja kukkia. Karoliina Vuorenm\u00e4ki<\/p>\n<p class=\"paragraph\">Nymanin mukaan aidot kukka-asut voivat olla joissakin tapauksissa allergiariski, mutta h\u00e4n ei usko sen olleen pelkona t\u00e4ss\u00e4 tilanteessa.<\/p>\n<p class=\"paragraph\">\u2013 Luulisin, ett\u00e4 ne kukkaset on varmaan k\u00e4sitelty joillakin aineilla ja otettu t\u00e4llainen huomioon, Nyman pohtii.<\/p>\n<p class=\"paragraph\">Nyman antaa plussapisteit\u00e4 my\u00f6s muun muassa vuoden nuori taiteilija -tittelin saaneen <strong>Man Yaun<\/strong> asulle, jossa oli hapsuhelmat ja hiuspanta. Nymanin mielest\u00e4 asu oli Avatar-elokuvamainen.<\/p>\n<p class=\"paragraph\">Nyman ylist\u00e4\u00e4 my\u00f6s presidentti <strong>Sauli Niinist\u00f6n<\/strong> puolison, tohtori <strong>Jenni Haukion<\/strong>, asua.<\/p>\n<p class=\"paragraph\">\u2013 H\u00e4n oli yht\u00e4 tyylikk\u00e4\u00e4n\u00e4 ja kauniina kuin aina. Jennin pukuhan oli t\u00e4ynn\u00e4 pitsi\u00e4 ja kimallusta ja siin\u00e4 oli samaa fiilist\u00e4 kuin h\u00e4nen viime vuoden puvussaan. Suzannen puku taas on paljon hillitympi. Mutta molemmilla on omat tyylit, h\u00e4n arvioi.<\/p>\n<p>Kuvasa Pentti Araj\u00e4rvi, Tarja Halonen, Alexander Stubb, Suzanne Innes-Stubb, Sauli Niinist\u00f6 ja Jenni Haukio. Timo Korhonen, AOP<\/p>\n<p class=\"paragraph\">Nyman kehuu my\u00f6s miesten poikkeuksellista panostusta, persoonallisuutta ja rohkeutta Linnan juhlissa. Asiantuntija kiinnitti muun muassa huomiota Younghearted-yhtyeen <strong>Eemil Korkeakosken<\/strong> kaularusettiin, jota kuvailee \u201dillan suurimmaksi\u201d.<\/p>\n<p class=\"paragraph\">Lis\u00e4ksi Nyman huomasi, ett\u00e4 tilaisuudessa n\u00e4htiin enemm\u00e4n asusteita, isompia kauluksia ja hansikkaita. Kaikin puolin Nymanin mielest\u00e4 tilaisuudessa oli onnistunutta pukuloistoa.<\/p>\n<p class=\"paragraph\">\u2013 Ainoa moka oli se, ett\u00e4 useampi nainen niiasi k\u00e4ttelyn yhteydess\u00e4, vaikka siin\u00e4h\u00e4n ei kuulu niin tehd\u00e4. Se on etikettivirhe, joka harmillisesti tehd\u00e4\u00e4n joka ikinen vuosi, Nyman nostaa esille.<\/p>\n<p class=\"paragraph\">\u2013 Siin\u00e4 kuuluu sanoa vain k\u00e4sip\u00e4iv\u00e4\u00e4, eik\u00e4 siihen kuulu niiaaminen. Niiaminenhan on ik\u00e4\u00e4n kuin pikkutytt\u00f6jen juttu. Hovineidit niiaavat kuninkaallisille, mutta t\u00e4ss\u00e4 tilanteessa niin ei tehd\u00e4, h\u00e4n lis\u00e4\u00e4 lopuksi.<\/p>\n<p>Eemil Korkeakoskella oli tyyliasiantuntijan mukaan \u201dillan suurin rusetti\u201d. Roosa Br\u00f6ijer<\/p>\n","protected":false},"excerpt":{"rendered":"Iltalehti tavoitti tyyliasiantuntijan kommentoimaan Linnan juhlien asuja. Linnan juhlissa n\u00e4htiin j\u00e4lleen toinen toistaan n\u00e4ytt\u00e4v\u00e4mpi\u00e4 asuja. Tyyliasiantuntija Sohvi Nyman&hellip;\n","protected":false},"author":2,"featured_media":109832,"comment_status":"","ping_status":"","sticky":false,"template":"","format":"standard","meta":{"footnotes":""},"categories":[136],"tags":[35,407,137,33,31,30,408,106,47,142,886,887,32,109],"class_list":{"0":"post-109831","1":"post","2":"type-post","3":"status-publish","4":"format-standard","5":"has-post-thumbnail","7":"category-julkkikset","8":"tag-24h","9":"tag-celebrities","10":"tag-entertainment","11":"tag-fi","12":"tag-finland","13":"tag-finnish","14":"tag-julkkikset","15":"tag-muoti","16":"tag-musiikki","17":"tag-poliitikot","18":"tag-puolueet","19":"tag-suomen-politiikka","20":"tag-suomi","21":"tag-viihde"},"share_on_mastodon":{"url":"https:\/\/pubeurope.com\/@fi\/115676806331509092","error":""},"_links":{"self":[{"href":"https:\/\/www.europesays.com\/fi\/wp-json\/wp\/v2\/posts\/109831","targetHints":{"allow":["GET"]}}],"collection":[{"href":"https:\/\/www.europesays.com\/fi\/wp-json\/wp\/v2\/posts"}],"about":[{"href":"https:\/\/www.europesays.com\/fi\/wp-json\/wp\/v2\/types\/post"}],"author":[{"embeddable":true,"href":"https:\/\/www.europesays.com\/fi\/wp-json\/wp\/v2\/users\/2"}],"replies":[{"embeddable":true,"href":"https:\/\/www.europesays.com\/fi\/wp-json\/wp\/v2\/comments?post=109831"}],"version-history":[{"count":0,"href":"https:\/\/www.europesays.com\/fi\/wp-json\/wp\/v2\/posts\/109831\/revisions"}],"wp:featuredmedia":[{"embeddable":true,"href":"https:\/\/www.europesays.com\/fi\/wp-json\/wp\/v2\/media\/109832"}],"wp:attachment":[{"href":"https:\/\/www.europesays.com\/fi\/wp-json\/wp\/v2\/media?parent=109831"}],"wp:term":[{"taxonomy":"category","embeddable":true,"href":"https:\/\/www.europesays.com\/fi\/wp-json\/wp\/v2\/categories?post=109831"},{"taxonomy":"post_tag","embeddable":true,"href":"https:\/\/www.europesays.com\/fi\/wp-json\/wp\/v2\/tags?post=109831"}],"curies":[{"name":"wp","href":"https:\/\/api.w.org\/{rel}","templated":true}]}}