{"id":109843,"date":"2025-12-07T06:24:11","date_gmt":"2025-12-07T06:24:11","guid":{"rendered":"https:\/\/www.europesays.com\/fi\/109843\/"},"modified":"2025-12-07T06:24:11","modified_gmt":"2025-12-07T06:24:11","slug":"miro-yritti-tappaa-miehen-mutta-luoti-juuttui-piippuun-nain-nuori-mies-muuttui-arvaamattoman-vaaralliseksi-kotimaa","status":"publish","type":"post","link":"https:\/\/www.europesays.com\/fi\/109843\/","title":{"rendered":"Miro yritti tappaa miehen, mutta luoti juuttui piippuun \u2013 n\u00e4in nuori mies muuttui arvaamattoman vaaralliseksi | Kotimaa"},"content":{"rendered":"<p class=\"aw-1gybjub aw-1p7kakr kEtdKx cEmitX yle__article__paragraph\">Hein\u00e4kuussa 2024 <strong class=\"aw-ak79eh KyCXm yle__article__strong\">Miro<\/strong> meni p\u00e4ihtyneen\u00e4 ravintolaan, aiheutti j\u00e4rjestysh\u00e4iri\u00f6it\u00e4 ja ajautui riitaan ravintoloitsijan kanssa.<\/p>\n<p class=\"aw-1gybjub aw-1p7kakr kEtdKx cEmitX yle__article__paragraph\">Sanaharkka eskaloitui pihalla k\u00e4sirysyksi.<\/p>\n<p class=\"aw-1gybjub aw-1p7kakr kEtdKx cEmitX yle__article__paragraph\">Miro menetti malttinsa, otti pistoolin esiin, osoitti ravintoloitsijaa rintaan ja veti liipaisinta.<\/p>\n<p class=\"aw-1gybjub aw-1p7kakr kEtdKx cEmitX yle__article__paragraph\">Nyt Miro istuu vankeusrangaistusta tuomittuna muun muassa tapon yrityksest\u00e4.<\/p>\n<p class=\"aw-1gybjub aw-1p7kakr kEtdKx cEmitX yle__article__paragraph\">H\u00e4n kertoo Ylen haastattelussa, mitk\u00e4 asiat johtivat siihen, ett\u00e4 h\u00e4n yritti hetken mielijohteesta tappaa itselleen tuntemattoman miehen.<\/p>\n<ul class=\"aw-1jjocuh iJTSwP yle__article__list yle__article__list--ul\">\n<li class=\"aw-1j7gwms gNYKfi\">Alfa-PVP eli \u201dpeukkuhuume\u201d on poliisin mukaan yh\u00e4 useammin raakojen v\u00e4kivaltarikosten taustalla.<\/li>\n<li class=\"aw-1j7gwms gNYKfi\">Miro kertoo, miten aine teki h\u00e4nest\u00e4 impulsiivisen ja v\u00e4kivaltaisen, mik\u00e4 johti tapon yritykseen.<\/li>\n<li class=\"aw-1j7gwms gNYKfi\">P\u00e4ihde- ja riippuvuushoidon ylil\u00e4\u00e4k\u00e4ri Sara Ashornin mukaan aine altistaa v\u00e4kivaltaiselle k\u00e4yt\u00f6kselle.<\/li>\n<\/ul>\n<p class=\"aw-1gybjub aw-1p7kakr kEtdKx cEmitX yle__article__paragraph\">T\u00e4m\u00e4 on teko\u00e4lyn avulla tuotettu, toimittajan tarkistama tiivistelm\u00e4.<\/p>\n<p class=\"aw-1gybjub aw-1p7kakr kEtdKx cEmitX yle__article__paragraph\">Miro ei esiinny jutussa oikealla nimell\u00e4\u00e4n, jotta rikoshistorian julkisesta k\u00e4sittelyst\u00e4 ei koituisi haittaa h\u00e4nen perheelleen.<\/p>\n<p class=\"aw-1gybjub aw-1p7kakr kEtdKx cEmitX yle__article__paragraph\">Miron mukaan tapahtumiin vaikutti alfa-PVP eli niin sanottu \u201dpeukkuhuume\u201d.<\/p>\n<p class=\"aw-1gybjub aw-1p7kakr kEtdKx cEmitX yle__article__paragraph\">V\u00e4kivalta on ollut Miron el\u00e4m\u00e4ss\u00e4 mukana aikaisemminkin, mutta t\u00e4ss\u00e4 jutussa h\u00e4n kertoo, miten alfa-PVP:n k\u00e4ytt\u00f6 muutti h\u00e4net aiempaa impulsiivisemmaksi.<\/p>\n<p class=\"aw-1gybjub aw-1p7kakr kEtdKx cEmitX yle__article__paragraph\">\u2013 Jos en olisi k\u00e4ytt\u00e4nyt peukkua, haluan ajatella, ett\u00e4 olisin l\u00e4htenyt tilanteesta. Mutta sill\u00e4 kertaa otin impulsiivisesti aseen esiin ja yritin ampua ihmisen.<\/p>\n<p class=\"aw-1gybjub aw-1p7kakr kEtdKx cEmitX yle__article__paragraph\">Poliisin ja p\u00e4ihdel\u00e4\u00e4k\u00e4rin mukaan alfa-PVP on yh\u00e4 useammin v\u00e4kivaltaisen k\u00e4yt\u00f6ksen taustalla.<\/p>\n<p>Ote el\u00e4m\u00e4st\u00e4 irtosi salakavalasti<\/p>\n<p class=\"aw-1gybjub aw-1p7kakr kEtdKx cEmitX yle__article__paragraph\">Miro oli tutustunut alfa-PVP:hen tuttavapiiriss\u00e4\u00e4n saman vuoden alkupuolella. Aluksi h\u00e4n ei pit\u00e4nyt ainetta paljoa muita k\u00e4ytt\u00e4mi\u00e4\u00e4n huumeita kummallisempana.<\/p>\n<p class=\"aw-1gybjub aw-1p7kakr kEtdKx cEmitX yle__article__paragraph\">\u2013 Kokeilin kerran, sitten toisen, enk\u00e4 huomannut itsess\u00e4ni mit\u00e4\u00e4n erityist\u00e4. Uskottelin pitk\u00e4\u00e4n, ett\u00e4 oma p\u00e4\u00e4ni kest\u00e4\u00e4 toisin kuin monella muulla.<\/p>\n<p class=\"aw-1gybjub aw-1p7kakr kEtdKx cEmitX yle__article__paragraph\">Ote todellisuudesta alkoi kuitenkin lipsua.<\/p>\n<p class=\"aw-1gybjub aw-1p7kakr kEtdKx cEmitX yle__article__paragraph\">Pian el\u00e4m\u00e4 py\u00f6ri aineen ymp\u00e4rill\u00e4 ja tulevaisuuden suunnittelusta tuli mahdotonta. Se hiersi ihmissuhteita.<\/p>\n<blockquote class=\"aw-5b7r8f cbYKVf\">\n<p class=\"aw-1gybjub aw-c9wyj2 kEtdKx bijWeu\">Ensin aloin n\u00e4hd\u00e4 poliiseja joka paikassa. Sitten rupesin kehitt\u00e4m\u00e4\u00e4n omassa p\u00e4\u00e4ss\u00e4ni kaikenlaista: ett\u00e4 joku haluaa minun kanssa riitaa tai tytt\u00f6yst\u00e4v\u00e4 pett\u00e4\u00e4.<\/p>\n<p class=\"aw-1gybjub aw-1pgj57y kEtdKx feofuq\">Miro<\/p>\n<\/blockquote>\n<p class=\"aw-1gybjub aw-1p7kakr kEtdKx cEmitX yle__article__paragraph\">Edelleen Miro uskotteli itselleen asioiden olevan aivan hyvin. Oli sent\u00e4\u00e4n koti, rahaa, parisuhde ja yst\u00e4vi\u00e4.<\/p>\n<p class=\"aw-1gybjub aw-1p7kakr kEtdKx cEmitX yle__article__paragraph\">Tosiasiassa alfa-PVP oli saanut otteen el\u00e4m\u00e4st\u00e4: Miro poltti sit\u00e4 valtaosan valveillaoloajastaan. Ja valvomista oli koko ajan enemm\u00e4n \u2013 v\u00e4lill\u00e4 useita vuorokausia putkeen.<\/p>\n<p class=\"aw-1gybjub aw-1p7kakr kEtdKx cEmitX yle__article__paragraph\">Aistiharhat alkoivat piinata.<\/p>\n<p><img decoding=\"async\" alt=\"Kuva, jossa varjo paljastaa yksityiskohtia: tuolin edess\u00e4 istuvan henkil\u00f6n profiili piirtyy selke\u00e4sti sein\u00e4\u00e4n.\" src=\"https:\/\/www.europesays.com\/fi\/wp-content\/uploads\/2025\/12\/39-1561462692997e66c8a6.jpeg\" loading=\"lazy\" class=\"aw-1l9m598 hKVVvP\"\/><\/p>\n<p>Avaa kuvien katselu<\/p>\n<p>Miro ei osannut odottaa, millaisen ihmisen alfa-PVP voisi h\u00e4nest\u00e4 tehd\u00e4. Muiden huumeiden kanssa el\u00e4m\u00e4nhallinta ei ollut pett\u00e4nyt samalla tavalla.  Kuva: Benjamin Suomela \/ Yle<\/p>\n<p>Alfa-PVP sai Miron kuvittelemaan asioita, joita ei ollut olemassa<\/p>\n<p class=\"aw-1gybjub aw-1p7kakr kEtdKx cEmitX yle__article__paragraph\">Lievimmill\u00e4\u00e4n harhat olivat sit\u00e4, ett\u00e4 Miro tulkitsi kuulemansa \u00e4\u00e4net, n\u00e4kem\u00e4ns\u00e4 asiat tai kohtaamansa ihmiset ja tilanteet uhkaavana, vaikka tosiasiassa ne eiv\u00e4t sit\u00e4 ole olleet.<\/p>\n<p class=\"aw-1gybjub aw-1p7kakr kEtdKx cEmitX yle__article__paragraph\">\u00c4\u00e4rimmill\u00e4\u00e4n h\u00e4n saattoi kuvitella asioita, joita ei oikeasti ollut olemassa.<\/p>\n<p class=\"aw-1gybjub aw-1p7kakr kEtdKx cEmitX yle__article__paragraph\">P\u00e4ihde- ja riippuvuushoidon ylil\u00e4\u00e4k\u00e4ri <strong class=\"aw-ak79eh KyCXm yle__article__strong\">Sara Ashornin<\/strong> mukaan alfa-PVP:n, aistiharhojen ja v\u00e4kivallan v\u00e4lill\u00e4 on selke\u00e4 syy-seuraussuhteiden ketju.<\/p>\n<p class=\"aw-1gybjub aw-1p7kakr kEtdKx cEmitX yle__article__paragraph\">\u2013 Taustalla on hirvitt\u00e4v\u00e4n looginen biologinen syy, Ashorn sanoo.<\/p>\n<ol class=\"aw-hphxnx gjVWor yle__article__list yle__article__list--ol\">\n<li class=\"aw-s4jzvp gcJHtZ\">Keskushermostoa kiihdytt\u00e4v\u00e4t aineet eli niin sanotut stimulantit aiheuttavat mielihyv\u00e4hormonipiikin. Alfa-PVP:n tapauksessa piikki on lyhytkestoinen mutta \u00e4\u00e4rimm\u00e4isen korkea, ja se aiheuttaa aistiharhoja.<\/li>\n<li class=\"aw-s4jzvp gcJHtZ\">Stimulantit my\u00f6s yliaktivoivat stressihormonituotantoa ja aivojen syviss\u00e4 osissa olevia h\u00e4lytysj\u00e4rjestelmi\u00e4, jonka vuoksi ymp\u00e4rist\u00f6n normaalit tapahtumat tulkitaan herkemmin pelottaviksi ja uhkaaviksi. Alfa-PVP:n kohdalla t\u00e4m\u00e4kin vaikutus on muita stimulantteja voimakkaampi ja mielihyv\u00e4\u00e4 aiheuttavaa vaikutusta pitk\u00e4kestoisempi.<\/li>\n<li class=\"aw-s4jzvp gcJHtZ\">Addiktio vaimentaa aivojen etuotsalohkon toimintaa ja siten heikent\u00e4v\u00e4t rationaalista ajattelua. Siksi addikti ei v\u00e4ltt\u00e4m\u00e4tt\u00e4 pysty j\u00e4rkeilem\u00e4\u00e4n harhoja tai turhia uhkakuvia olemattomiksi.<\/li>\n<\/ol>\n<p><img decoding=\"async\" alt=\"Muoviseen letkuun liitetty lasinen putki, jonka on p\u00e4\u00e4ss\u00e4 ontto reij\u00e4llinen lasipallo. \" src=\"https:\/\/www.europesays.com\/fi\/wp-content\/uploads\/2025\/12\/39-151372968b00cbb654e7.jpeg\" loading=\"lazy\" class=\"aw-1l9m598 hKVVvP\"\/><\/p>\n<p>Avaa kuvien katselu<\/p>\n<p>Alfa-pvp:t\u00e4 k\u00e4ytet\u00e4\u00e4n usein polttamalla. Kuva: Petteri Juuti \/ Yle<\/p>\n<p class=\"aw-1gybjub aw-1p7kakr kEtdKx cEmitX yle__article__paragraph\">Alfa-PVP on \u00e4\u00e4rimm\u00e4isen voimakas stimulantti, joten n\u00e4m\u00e4 biologiset mekanismit vaikuttavat sen k\u00e4ytt\u00e4jiin hyvin voimakkaasti, Ashorn selitt\u00e4\u00e4.<\/p>\n<p class=\"aw-1gybjub aw-1p7kakr kEtdKx cEmitX yle__article__paragraph\">Kun k\u00e4ytt\u00e4ytymist\u00e4 ohjaavat aistiharhat, hermostuneisuus ja impulsiivisuus, aggressiivinen k\u00e4ytt\u00e4ytyminen on p\u00e4ihdel\u00e4\u00e4k\u00e4rin mukaan melko luonnollinen seuraus.<\/p>\n<p class=\"aw-1gybjub aw-1p7kakr kEtdKx cEmitX yle__article__paragraph\"><strong class=\"aw-ak79eh KyCXm yle__article__strong\">Videolla Miro kertoo omin sanoin, miten p\u00e4\u00e4tyi ampumaan parvekkeeltaan tyhjyyteen.<\/strong><\/p>\n<p>Miro kertoo, miten alfa-PVP suisti el\u00e4m\u00e4n raiteiltaan ja sai n\u00e4kem\u00e4\u00e4n kummallisia asioita.<\/p>\n<p>V\u00e4kivallasta tuli sattumanvaraista<\/p>\n<p class=\"aw-1gybjub aw-1p7kakr kEtdKx cEmitX yle__article__paragraph\">Miro ajattelee, ett\u00e4 stimulanttiharhoihin voi suhtautua kahdella tavalla: taistella tai paeta.<\/p>\n<p class=\"aw-1gybjub aw-1p7kakr kEtdKx cEmitX yle__article__paragraph\">H\u00e4n itse yleens\u00e4 taistelee. Alfa-PVP laskee v\u00e4kivallan k\u00e4yt\u00f6n kynnyst\u00e4, Miro sanoo.<\/p>\n<p class=\"aw-1gybjub aw-1p7kakr kEtdKx cEmitX yle__article__paragraph\">H\u00e4n kantoi k\u00e4siasetta vuosien ajan, koska saattoi k\u00e4ytt\u00e4\u00e4 sit\u00e4 velanperinn\u00e4ss\u00e4 tai muissa rikollisten kiistatilanteissa.<\/p>\n<p class=\"aw-1gybjub aw-1p7kakr kEtdKx cEmitX yle__article__paragraph\">Aiemmin Miro sanoo vet\u00e4neens\u00e4 pistoolin esiin vain suunnitelmallisesti. Alfa-PVP:n k\u00e4yt\u00f6n my\u00f6t\u00e4 liipaisinsormi herkistyi.<\/p>\n<p class=\"aw-1gybjub aw-1p7kakr kEtdKx cEmitX yle__article__paragraph\">Kerran h\u00e4n oli yksin parvekkeellaan tupakalla ja uskoi n\u00e4kev\u00e4ns\u00e4 ulkona vihamiehen.<\/p>\n<p class=\"aw-1gybjub aw-1p7kakr kEtdKx cEmitX yle__article__paragraph\">H\u00e4n otti aseen esiin ja ampui.<\/p>\n<p class=\"aw-1gybjub aw-1p7kakr kEtdKx cEmitX yle__article__paragraph\">Tosiasiassa pihalla ei ollut ket\u00e4\u00e4n.<\/p>\n<p class=\"aw-1gybjub aw-1p7kakr kEtdKx cEmitX yle__article__paragraph\">Toisella kerralla Miro tyhjensi aseensa lippaan vaatekasaan. H\u00e4n luuli, ett\u00e4 siell\u00e4 piileskelisi mies, joka olisi harrastanut seksi\u00e4 h\u00e4nen tytt\u00f6yst\u00e4v\u00e4ns\u00e4 kanssa.<\/p>\n<p class=\"aw-1gybjub aw-1p7kakr kEtdKx cEmitX yle__article__paragraph\">Tosiasiassa asunnossa ei ollut ulkopuolisia, eik\u00e4 kukaan ollut liehitellyt tytt\u00f6yst\u00e4v\u00e4\u00e4.<\/p>\n<p class=\"aw-1gybjub aw-1p7kakr kEtdKx cEmitX yle__article__paragraph\">N\u00e4iss\u00e4 v\u00e4kivaltatilanteissa Miro oli alfa-PVP:n runsaan k\u00e4yt\u00f6n ja siihen liittyv\u00e4n valvomisen vuoksi ylivirittynyt, v\u00e4synyt ja harhainen. H\u00e4nen todellisuudenkuvansa oli h\u00e4iriintynyt.<\/p>\n<p class=\"aw-1gybjub aw-1p7kakr kEtdKx cEmitX yle__article__paragraph\">Alfa-PVP n\u00e4kyy muutoksena v\u00e4kivaltarikoksissa, arvioidaan Helsingin poliisista. Rikosylikomisario <strong class=\"aw-ak79eh KyCXm yle__article__strong\">Ritva Elomaa<\/strong> kommentoi tilannetta s\u00e4hk\u00f6postitse.<\/p>\n<blockquote class=\"aw-5b7r8f cbYKVf\">\n<p class=\"aw-1gybjub aw-c9wyj2 kEtdKx bijWeu\">K\u00e4ytt\u00e4j\u00e4t tekev\u00e4t entist\u00e4 rajumpia rikoksia, ja tilanne tulee varmasti eskaloitumaan.<\/p>\n<p class=\"aw-1gybjub aw-1pgj57y kEtdKx feofuq\">rikosylikomisario Ritva Elomaa<\/p>\n<\/blockquote>\n<p class=\"aw-1gybjub aw-1p7kakr kEtdKx cEmitX yle__article__paragraph\">Viime vuosina alfa-PVP on esiintynyt my\u00f6s useissa raaoista henkirikoksista kertovissa uutisissa.<\/p>\n<p class=\"aw-1gybjub aw-1p7kakr kEtdKx cEmitX yle__article__paragraph\">Kaikissa tapauksissa tekij\u00e4 oli alfa-PVP:n vaikutuksen alainen.<\/p>\n<p><img decoding=\"async\" alt=\"Kuvassa on henkil\u00f6 selin kameraan h\u00e4m\u00e4r\u00e4ss\u00e4 huoneessa, jossa on monitoreja ja teknisi\u00e4 laitteita. \" src=\"https:\/\/www.europesays.com\/fi\/wp-content\/uploads\/2025\/12\/39-1561465692997e7ecd07.jpeg\" loading=\"lazy\" class=\"aw-1l9m598 hKVVvP\"\/><\/p>\n<p>Avaa kuvien katselu<\/p>\n<p>Miro kertoo, ett\u00e4 on ollut koko vankeusaikansa raittiina.  Kuva: Benjamin Suomela \/ Yle<\/p>\n<p class=\"aw-1gybjub aw-1p7kakr kEtdKx cEmitX yle__article__paragraph\">Ritva Elomaa Helsingin poliisista arvioi, ett\u00e4 kansalaiset kokevat alfa-PVP:n lis\u00e4\u00e4ntyneen k\u00e4yt\u00f6n h\u00e4iritsev\u00e4n\u00e4.<\/p>\n<p class=\"aw-1gybjub aw-1p7kakr kEtdKx cEmitX yle__article__paragraph\">Miron mielest\u00e4 alfa-PVP-epidemian vaarallisin puoli on se, ett\u00e4 k\u00e4ytt\u00e4j\u00e4t saattavat vahingoittaa sivullisia.<\/p>\n<p class=\"aw-1gybjub aw-1p7kakr kEtdKx cEmitX yle__article__paragraph\">\u2013 Mietit\u00e4\u00e4n vaikka, ett\u00e4 peukun k\u00e4ytt\u00e4j\u00e4 on tuolla kadulla, ja h\u00e4nt\u00e4 vastaan tulee joku \u00e4iti lapsensa kanssa. K\u00e4ytt\u00e4j\u00e4 voi pari p\u00e4iv\u00e4\u00e4 valvottuaan vainoharhaisena kuvitella, ett\u00e4 tuo haluaa minulle jotain pahaa, ja ampua sen siihen paikkaan.<\/p>\n<p class=\"aw-1gybjub aw-1p7kakr kEtdKx cEmitX yle__article__paragraph\">Olisi ollut vain ajan kysymys, ett\u00e4 h\u00e4n olisi vahingoittanut vakavasti tai tappanut jonkun sivullisen, Miro sanoo.<\/p>\n<p>Pieni ihme esti ravintoloitsijan kuoleman<\/p>\n<p class=\"aw-1gybjub aw-1p7kakr kEtdKx cEmitX yle__article__paragraph\">Viime vuoden hein\u00e4kuussa tapahtumat ravintolan edustalla saivat yll\u00e4tt\u00e4v\u00e4n k\u00e4\u00e4nteen.<\/p>\n<p class=\"aw-1gybjub aw-1p7kakr kEtdKx cEmitX yle__article__paragraph\">Vaikka Miro veti liipaisinta useammin kuin kerran, luoti ei l\u00e4htenyt piipusta. Patruunan per\u00e4p\u00e4\u00e4 oli j\u00e4\u00e4nyt lukon ulkopuolelle ja jumittanut koneiston.<\/p>\n<p class=\"aw-1gybjub aw-1p7kakr kEtdKx cEmitX yle__article__paragraph\">Poliisi arvioi my\u00f6hemmin, ett\u00e4 toimintah\u00e4iri\u00f6 oli hyvin ep\u00e4todenn\u00e4k\u00f6inen.<\/p>\n<p class=\"aw-1gybjub aw-1p7kakr kEtdKx cEmitX yle__article__paragraph\">\u2013 Haluan ajatella, ett\u00e4 siin\u00e4 oli siunausta mukana. Kaikista huonoin ei tapahtunut.<\/p>\n<p class=\"aw-1gybjub aw-1p7kakr kEtdKx cEmitX yle__article__paragraph\">Olisi aika paljon hankalampi el\u00e4\u00e4, jos olisi sivullisen henki kontolla, Miro sanoo.<\/p>\n<p class=\"aw-1gybjub aw-1p7kakr kEtdKx cEmitX yle__article__paragraph\">Haastattelun antoivat my\u00f6s rikoskomisario <strong class=\"aw-ak79eh KyCXm yle__article__strong\">Ari Luoto<\/strong> Sis\u00e4-Suomen poliisista sek\u00e4 p\u00e4ihdekuntoutujien parissa ty\u00f6skentelev\u00e4t <strong class=\"aw-ak79eh KyCXm yle__article__strong\">Jussi Vapaavuori<\/strong> ja <strong class=\"aw-ak79eh KyCXm yle__article__strong\">Mika Valkama<\/strong> Rappuryhm\u00e4st\u00e4, joka kohtaa apua tarvitsevia Tampereen Tullintorilla joka kuukauden viimeisen\u00e4 lauantaina kello 11\u201313.<\/p>\n<p class=\"aw-1gybjub aw-1p7kakr kEtdKx cEmitX yle__article__paragraph\"><strong class=\"aw-ak79eh KyCXm yle__article__strong\">Onko sinulla meille juttuvinkki?<\/strong> Voit l\u00e4hesty\u00e4 toimitusta luottamuksella. Halutessasi voit olla yhteydess\u00e4 my\u00f6s s\u00e4hk\u00f6postitse osoitteeseen miika.koskela@yle.fi. Luemme kaikki yhteydenotot, mutta emme pysty takaamaan jokaiselle henkil\u00f6kohtaista vastausta.<\/p>\n","protected":false},"excerpt":{"rendered":"Hein\u00e4kuussa 2024 Miro meni p\u00e4ihtyneen\u00e4 ravintolaan, aiheutti j\u00e4rjestysh\u00e4iri\u00f6it\u00e4 ja ajautui riitaan ravintoloitsijan kanssa. Sanaharkka eskaloitui pihalla k\u00e4sirysyksi. Miro&hellip;\n","protected":false},"author":2,"featured_media":109844,"comment_status":"","ping_status":"","sticky":false,"template":"","format":"standard","meta":{"footnotes":""},"categories":[12],"tags":[4456,22,23,26,27,33,31,30,17,664,71,24,25,28,29,15,18,21,694,32,19,20,16,40],"class_list":{"0":"post-109843","1":"post","2":"type-post","3":"status-publish","4":"format-standard","5":"has-post-thumbnail","7":"category-suomi","8":"tag-alfa-pvp","9":"tag-breaking-news","10":"tag-breakingnews","11":"tag-featured-news","12":"tag-featurednews","13":"tag-fi","14":"tag-finland","15":"tag-finnish","16":"tag-headlines","17":"tag-huumeet","18":"tag-kotimaa","19":"tag-latest-news","20":"tag-latestnews","21":"tag-main-news","22":"tag-mainnews","23":"tag-news","24":"tag-otsikot","25":"tag-paauutiset","26":"tag-paihteet","27":"tag-suomi","28":"tag-top-stories","29":"tag-topstories","30":"tag-uutiset","31":"tag-vakivalta"},"share_on_mastodon":{"url":"https:\/\/pubeurope.com\/@fi\/115676857501295487","error":""},"_links":{"self":[{"href":"https:\/\/www.europesays.com\/fi\/wp-json\/wp\/v2\/posts\/109843","targetHints":{"allow":["GET"]}}],"collection":[{"href":"https:\/\/www.europesays.com\/fi\/wp-json\/wp\/v2\/posts"}],"about":[{"href":"https:\/\/www.europesays.com\/fi\/wp-json\/wp\/v2\/types\/post"}],"author":[{"embeddable":true,"href":"https:\/\/www.europesays.com\/fi\/wp-json\/wp\/v2\/users\/2"}],"replies":[{"embeddable":true,"href":"https:\/\/www.europesays.com\/fi\/wp-json\/wp\/v2\/comments?post=109843"}],"version-history":[{"count":0,"href":"https:\/\/www.europesays.com\/fi\/wp-json\/wp\/v2\/posts\/109843\/revisions"}],"wp:featuredmedia":[{"embeddable":true,"href":"https:\/\/www.europesays.com\/fi\/wp-json\/wp\/v2\/media\/109844"}],"wp:attachment":[{"href":"https:\/\/www.europesays.com\/fi\/wp-json\/wp\/v2\/media?parent=109843"}],"wp:term":[{"taxonomy":"category","embeddable":true,"href":"https:\/\/www.europesays.com\/fi\/wp-json\/wp\/v2\/categories?post=109843"},{"taxonomy":"post_tag","embeddable":true,"href":"https:\/\/www.europesays.com\/fi\/wp-json\/wp\/v2\/tags?post=109843"}],"curies":[{"name":"wp","href":"https:\/\/api.w.org\/{rel}","templated":true}]}}