{"id":109851,"date":"2025-12-07T06:44:14","date_gmt":"2025-12-07T06:44:14","guid":{"rendered":"https:\/\/www.europesays.com\/fi\/109851\/"},"modified":"2025-12-07T06:44:14","modified_gmt":"2025-12-07T06:44:14","slug":"verstappen-paalulle-kauden-paatoskisaan-herkulliset-asetelmat-urheilu","status":"publish","type":"post","link":"https:\/\/www.europesays.com\/fi\/109851\/","title":{"rendered":"Verstappen paalulle \u2013 kauden p\u00e4\u00e4t\u00f6skisaan herkulliset asetelmat | Urheilu"},"content":{"rendered":"<p>Red Bullin Max Verstappen l\u00e4htee paalupaikalta formula ykk\u00f6sten kauden sunnuntaina p\u00e4\u00e4tt\u00e4v\u00e4\u00e4n Abu Dhabin gp-kisaan. Verstappen kukisti aika-ajoissa McLarenin Lando Norrisin 0,201 sekunnilla ja McLarenin Oscar Piastrin 0,230 sekunnilla.<\/p>\n<p>Aika-ajojen k\u00e4rkikolmikko kamppailee huomenna maailmanmestaruudesta. Norrisin johto Verstappeniin on 12 pistett\u00e4 ja Piastriin 16 pistett\u00e4. Norris varmistaa uransa ensimm\u00e4isen F1-mestaruuden, jos h\u00e4n sijoittuu kolmen parhaan joukkoon kisassa.<\/p>\n<p>Nelj\u00e4n viime kauden mestarille Verstappenille puolestaan riitt\u00e4isi voitto ja Norrisin j\u00e4\u00e4minen k\u00e4rkikolmikon ulkopuolelle. Abu Dhabin tilastot paljastavat, ett\u00e4 kymmenen viimeisint\u00e4 paalumiest\u00e4 on ajanut my\u00f6s kisan voittoon.<\/p>\n<p>\u2013\u2009Olen totta kai erinomaisen iloinen t\u00e4st\u00e4 (paalusta). Hienoa ty\u00f6t\u00e4 kaikilta (tallissa), l\u00e4hdet\u00e4\u00e4n pit\u00e4m\u00e4\u00e4n v\u00e4h\u00e4n hauskaa sunnuntain kisaan, Verstappen sanaili.<\/p>\n<p>V\u00e4hemm\u00e4n iloinen oli Lewis Hamilton. Heikosti sujuneen debyyttikauden Ferrarin riveiss\u00e4 p\u00e4\u00e4tt\u00e4v\u00e4 Hamilton j\u00e4i aika-ajoissa avausosioon jo kolmannessa kisassa per\u00e4kk\u00e4in. F1-legenda starttaa kauden p\u00e4\u00e4t\u00f6skisaan vasta 16. ruudusta.<\/p>\n","protected":false},"excerpt":{"rendered":"Red Bullin Max Verstappen l\u00e4htee paalupaikalta formula ykk\u00f6sten kauden sunnuntaina p\u00e4\u00e4tt\u00e4v\u00e4\u00e4n Abu Dhabin gp-kisaan. Verstappen kukisti aika-ajoissa McLarenin&hellip;\n","protected":false},"author":2,"featured_media":109852,"comment_status":"","ping_status":"","sticky":false,"template":"","format":"standard","meta":{"footnotes":""},"categories":[158],"tags":[648,2810,33,31,30,3437,10753,83,2811,6530,159,32,160],"class_list":{"0":"post-109851","1":"post","2":"type-post","3":"status-publish","4":"format-standard","5":"has-post-thumbnail","7":"category-urheilu","8":"tag-autot","9":"tag-autourheilu-ja-urheiluautot","10":"tag-fi","11":"tag-finland","12":"tag-finnish","13":"tag-formula-1","14":"tag-formula-1-kuljettajat","15":"tag-moottoriurheilu","16":"tag-rata-autoilu","17":"tag-red-bull","18":"tag-sports","19":"tag-suomi","20":"tag-urheilu"},"share_on_mastodon":{"url":"https:\/\/pubeurope.com\/@fi\/115676935937295615","error":""},"_links":{"self":[{"href":"https:\/\/www.europesays.com\/fi\/wp-json\/wp\/v2\/posts\/109851","targetHints":{"allow":["GET"]}}],"collection":[{"href":"https:\/\/www.europesays.com\/fi\/wp-json\/wp\/v2\/posts"}],"about":[{"href":"https:\/\/www.europesays.com\/fi\/wp-json\/wp\/v2\/types\/post"}],"author":[{"embeddable":true,"href":"https:\/\/www.europesays.com\/fi\/wp-json\/wp\/v2\/users\/2"}],"replies":[{"embeddable":true,"href":"https:\/\/www.europesays.com\/fi\/wp-json\/wp\/v2\/comments?post=109851"}],"version-history":[{"count":0,"href":"https:\/\/www.europesays.com\/fi\/wp-json\/wp\/v2\/posts\/109851\/revisions"}],"wp:featuredmedia":[{"embeddable":true,"href":"https:\/\/www.europesays.com\/fi\/wp-json\/wp\/v2\/media\/109852"}],"wp:attachment":[{"href":"https:\/\/www.europesays.com\/fi\/wp-json\/wp\/v2\/media?parent=109851"}],"wp:term":[{"taxonomy":"category","embeddable":true,"href":"https:\/\/www.europesays.com\/fi\/wp-json\/wp\/v2\/categories?post=109851"},{"taxonomy":"post_tag","embeddable":true,"href":"https:\/\/www.europesays.com\/fi\/wp-json\/wp\/v2\/tags?post=109851"}],"curies":[{"name":"wp","href":"https:\/\/api.w.org\/{rel}","templated":true}]}}