{"id":109856,"date":"2025-12-07T06:49:08","date_gmt":"2025-12-07T06:49:08","guid":{"rendered":"https:\/\/www.europesays.com\/fi\/109856\/"},"modified":"2025-12-07T06:49:08","modified_gmt":"2025-12-07T06:49:08","slug":"paakirjoitus-ronkainen-ja-kari-eivat-turhaan-reissanneet-virginiassa-vaikuttamistyosta-tuli-palkinto-paakirjoitus-mielipide","status":"publish","type":"post","link":"https:\/\/www.europesays.com\/fi\/109856\/","title":{"rendered":"P\u00e4\u00e4kirjoitus | Ronkainen ja Kari eiv\u00e4t turhaan reissanneet Virginiassa \u2013\u2009vaikuttamisty\u00f6st\u00e4 tuli palkinto | P\u00e4\u00e4kirjoitus &#038; mielipide"},"content":{"rendered":"<p>Suomi sai itsen\u00e4isyysp\u00e4iv\u00e4\u00e4n sopivan lahjan Natolta perjantaina. Suomi yhdess\u00e4 Ruotsin ja Tanskan kanssa siirrettiin Naton Norfolkin yhteisoperaatiojohtoportaan vastuulle. Puolustusliiton j\u00e4seneksi tultuaan vuonna 2023 Suomi sijoitettiin ensin Brunssumin johdon alaisuuteen.<\/p>\n<p>Alkuvaiheessa t\u00e4m\u00e4 oli loogista, sill\u00e4 Norfolkin johtoporras on perustettu vasta vuonna 2018 ja se oli viel\u00e4 rakenteellisesti keskener\u00e4inen.<\/p>\n<p>Natolla on kaikkiaan kolme yhteisoperaatiojohtoporrasta. Norfolk sijaitsee Yhdysvalloissa, Brunssum Hollannissa ja Napoli Italiassa.<\/p>\n<blockquote class=\"voice-no-read rs_skip diks-blockquote\">\n<p class=\"diks-blockquote__text\">Norfolkin alaisuuteen siirtyminen oli t\u00e4rke\u00e4 asia Suomelle.<\/p>\n<\/blockquote>\n<p>Brunssumin vastuualueeseen kuuluvat erityisesti Naton it\u00e4laidan maat, jotka ovat entisi\u00e4 Neuvostoliiton miehitt\u00e4mi\u00e4 valtioita tai Varsovan liiton j\u00e4seni\u00e4 kuten Viro, Unkari, Latvia, Liettua, Puola ja Slovakia.<\/p>\n<p>Suomen kannalta on strategisesti viisasta kuulua Brunssumin sijasta Norfolkin alaisuuteen. T\u00e4lt\u00e4 osin tavoite saavutettiin ja se oli t\u00e4rke\u00e4 muutos. Kyseess\u00e4 oli my\u00f6s iso ty\u00f6voitto puolustushallinnolle ja poliitikoille, jotka ovat lobanneet Suomea Norfolkiin koko j\u00e4senyytens\u00e4 ajan. Muun muassa eduskunnan t\u00e4k\u00e4l\u00e4iset puolustusvaliokunnan j\u00e4senet, kansanedustajat Mika Kari (sd.) ja Jari Ronkainen (ps.) ovat tehneet vaikuttamisty\u00f6t\u00e4 aktiivisesti. Nyt on kiitoksen paikka siit\u00e4.<\/p>\n<p>Paitsi ett\u00e4 Suomi asemoi itsens\u00e4 Natossa ulos entisten it\u00e4blokin maiden leirist\u00e4, se korostaa omaa sijaintiaan enemm\u00e4n osana arktista aluetta kuin pohjoisena Ven\u00e4j\u00e4n rajanaapurina. Ideologisesti t\u00e4m\u00e4 on merkitt\u00e4v\u00e4 ero aiempaan.<\/p>\n<p>Maantieteelle emme voi mit\u00e4\u00e4n ja raja ei mihink\u00e4\u00e4n h\u00e4vi\u00e4. Kuitenkin Suomi ja muut Pohjoismaat sek\u00e4 Iso-Britannia muodostavat Natossa alueen, joka huolehtii eritoten arktisen alueen turvallisuudesta. Suomelle muutos on t\u00e4rke\u00e4 my\u00f6s maantieteellisesti. Jatkossa pohjoisten j\u00e4senmaiden maa-, meri- ja ilmavalvonta saadaan yhten\u00e4iseksi. T\u00e4m\u00e4n voisi odottaa parantavan ja j\u00e4ntev\u00f6itt\u00e4v\u00e4n valvontaa my\u00f6s meille t\u00e4rke\u00e4ll\u00e4 It\u00e4meren alueella.<\/p>\n<p>Yhteinen johtoporras my\u00f6s helpottaa puolustusyhteisty\u00f6t\u00e4, operaatioiden koordinointia, joukkojen liikkeit\u00e4 ja yhteist\u00e4 reagointia kriisitilanteisiin. Kun komento- ja johtorakenne yhdistet\u00e4\u00e4n muiden pohjoismaiden kanssa, Nato-liittolaisten joukkojen nopea saapuminen ja operatiivinen yhteisty\u00f6 helpottuvat. Se parantaa Suomen valmiutta ja toimintakyky\u00e4 yhdess\u00e4 liittolaisten kanssa.<\/p>\n<p>Norfolkin alaisuuteen siirtyminen oli t\u00e4rke\u00e4 asia Suomelle.<\/p>\n","protected":false},"excerpt":{"rendered":"Suomi sai itsen\u00e4isyysp\u00e4iv\u00e4\u00e4n sopivan lahjan Natolta perjantaina. Suomi yhdess\u00e4 Ruotsin ja Tanskan kanssa siirrettiin Naton Norfolkin yhteisoperaatiojohtoportaan vastuulle.&hellip;\n","protected":false},"author":2,"featured_media":109857,"comment_status":"","ping_status":"","sticky":false,"template":"","format":"standard","meta":{"footnotes":""},"categories":[14],"tags":[22,23,26,27,33,31,30,17,24,25,28,29,2579,15,18,4357,21,1399,637,888,887,32,19,20,56,16,4029,59,60,61],"class_list":{"0":"post-109856","1":"post","2":"type-post","3":"status-publish","4":"format-standard","5":"has-post-thumbnail","7":"category-ulkomaat","8":"tag-breaking-news","9":"tag-breakingnews","10":"tag-featured-news","11":"tag-featurednews","12":"tag-fi","13":"tag-finland","14":"tag-finnish","15":"tag-headlines","16":"tag-latest-news","17":"tag-latestnews","18":"tag-main-news","19":"tag-mainnews","20":"tag-nato","21":"tag-news","22":"tag-otsikot","23":"tag-paakirjoitukset","24":"tag-paauutiset","25":"tag-pohjoismaat","26":"tag-politiikka","27":"tag-suomalaiset-poliitikot","28":"tag-suomen-politiikka","29":"tag-suomi","30":"tag-top-stories","31":"tag-topstories","32":"tag-ulkomaat","33":"tag-uutiset","34":"tag-viro","35":"tag-world","36":"tag-world-news","37":"tag-worldnews"},"share_on_mastodon":{"url":"https:\/\/pubeurope.com\/@fi\/115676955485583363","error":""},"_links":{"self":[{"href":"https:\/\/www.europesays.com\/fi\/wp-json\/wp\/v2\/posts\/109856","targetHints":{"allow":["GET"]}}],"collection":[{"href":"https:\/\/www.europesays.com\/fi\/wp-json\/wp\/v2\/posts"}],"about":[{"href":"https:\/\/www.europesays.com\/fi\/wp-json\/wp\/v2\/types\/post"}],"author":[{"embeddable":true,"href":"https:\/\/www.europesays.com\/fi\/wp-json\/wp\/v2\/users\/2"}],"replies":[{"embeddable":true,"href":"https:\/\/www.europesays.com\/fi\/wp-json\/wp\/v2\/comments?post=109856"}],"version-history":[{"count":0,"href":"https:\/\/www.europesays.com\/fi\/wp-json\/wp\/v2\/posts\/109856\/revisions"}],"wp:featuredmedia":[{"embeddable":true,"href":"https:\/\/www.europesays.com\/fi\/wp-json\/wp\/v2\/media\/109857"}],"wp:attachment":[{"href":"https:\/\/www.europesays.com\/fi\/wp-json\/wp\/v2\/media?parent=109856"}],"wp:term":[{"taxonomy":"category","embeddable":true,"href":"https:\/\/www.europesays.com\/fi\/wp-json\/wp\/v2\/categories?post=109856"},{"taxonomy":"post_tag","embeddable":true,"href":"https:\/\/www.europesays.com\/fi\/wp-json\/wp\/v2\/tags?post=109856"}],"curies":[{"name":"wp","href":"https:\/\/api.w.org\/{rel}","templated":true}]}}