{"id":109872,"date":"2025-12-07T07:16:08","date_gmt":"2025-12-07T07:16:08","guid":{"rendered":"https:\/\/www.europesays.com\/fi\/109872\/"},"modified":"2025-12-07T07:16:08","modified_gmt":"2025-12-07T07:16:08","slug":"trumpin-uusi-kansallisen-turvallisuuden-strategia-laksyttaa-eurooppalaisia-liittolaisia-kovin-sanoin","status":"publish","type":"post","link":"https:\/\/www.europesays.com\/fi\/109872\/","title":{"rendered":"Trumpin uusi kansallisen turvallisuuden strategia l\u00e4ksytt\u00e4\u00e4 eurooppalaisia liittolaisia kovin sanoin"},"content":{"rendered":"<p>Valkoisen talon linjapaperissa on murskakritiikki\u00e4 muun muassa \u201deurooppalaisille eliiteille\u201d ja ilmastotoimille. T\u00e4yslaidallisen saa my\u00f6s Euroopan haluttomuus rauhaan Ukrainassa. Naton ovet asiakirja sulkee.<\/p>\n<p>Varapresidentti J.D. Vancen puhe M\u00fcnchenin turvallisuuskonferenssissa oli osoitus Trumpin hallinnon <\/p>\n<p>Lue tiivistelm\u00e4<\/p>\n<p>Tiivistelm\u00e4 on teko\u00e4lyn tekem\u00e4 ja ihmisen tarkistama.<\/p>\n<p class=\"article-body mb-nof-24 px-nof-16 sndp-summary-bullet-point-font\">Yhdysvaltain presidentti Donald Trumpin hallinto on julkaissut uuden kansallisen turvallisuuden strategian, joka kritisoi voimakkaasti eurooppalaisia liittolaisia.<\/p>\n<p class=\"article-body mb-nof-24 px-nof-16 sndp-summary-bullet-point-font\">Strategiassa vastustetaan \u201deurooppalaisten eliittien\u201d ajamia rajoituksia sananvapaudelle ja ilmastotoimia, joiden v\u00e4itet\u00e4\u00e4n vahingoittaneen Eurooppaa.<\/p>\n<p class=\"article-body mb-nof-24 px-nof-16 sndp-summary-bullet-point-font\">Asiakirja my\u00f6s sulkee ovet Naton laajentumiselle.<\/p>\n<p class=\"article-body mb-nof-24 px-nof-16 sndp-summary-bullet-point-font\">Yhdysvaltain sotilaallinen painopiste siirtyy Euroopasta l\u00e4ntiselle pallonpuoliskolle ja Aasian-Tyynenmeren alueelle.<\/p>\n<p class=\"article-body mb-nof-24 px-nof-16\">Ruotsin entinen p\u00e4\u00e4ministeri <a class=\"article-personlink\" href=\"https:\/\/www.is.fi\/haku\/?query=Carl%20Bildt\" rel=\"nofollow noopener\" target=\"_blank\">Carl Bildt<\/a> ei ollut lainkaan huvittunut lukiessaan presidentti <a class=\"article-personlink\" href=\"https:\/\/www.is.fi\/haku\/?query=Donald%20Trumpin\" rel=\"nofollow noopener\" target=\"_blank\">Donald Trumpin<\/a> hallinnon uutta kansallisen turvallisuuden strategiaa.<\/p>\n<p class=\"article-body mb-nof-24 px-nof-16\">Valkoisen talon torstaina kaikessa hiljaisuudessa<a class=\"article-genericlink\" href=\"https:\/\/www.whitehouse.gov\/wp-content\/uploads\/2025\/12\/2025-National-Security-Strategy.pdf\" rel=\"nofollow noopener\" target=\"_blank\"> julkaisema asiakirja<\/a> l\u00e4ksytt\u00e4\u00e4 kovin sanoin Yhdysvaltain eurooppalaisia liittolaisia ja suuntaa supervallan sotilaallisen katseen l\u00e4ntiselle pallonpuoliskolle ja indopasifiselle alueelle.<\/p>\n<p class=\"article-body mb-nof-24 px-nof-16\">\u201dUusi turvallisuusstrategia julistaa, muiden merkitt\u00e4vien asioiden lis\u00e4ksi, ett\u00e4 Yhdysvaltain politiikan tarkoituksena on \u2019kasvattaa Euroopan valtioiden sis\u00e4ll\u00e4 vastustusta Euroopan nykyiselle suunnalle\u201d, Bildt kirjoittaa viestipalvelu X:ss\u00e4.<\/p>\n<p class=\"article-body mb-nof-24 px-nof-16\">\u201dSe on steroidein pumpattua <a class=\"article-personlink\" href=\"https:\/\/www.is.fi\/haku\/?query=J.D.%20Vancea\" rel=\"nofollow noopener\" target=\"_blank\">J.D. Vancea<\/a>.\u201d<\/p>\n<p class=\"article-body mb-nof-24 px-nof-16\">Strategia on monessa mieless\u00e4 t\u00e4ystyrm\u00e4ys Euroopalle. Se ottaa kantaa muun muassa rauhanhankkeisiin Ukrainassa.<\/p>\n<p class=\"article-body mb-nof-24 px-nof-16\">\u201dSuuri eurooppalainen enemmist\u00f6 haluaa rauhaa, mutta t\u00e4m\u00e4 halu ei muutu poliittisiksi linjauksiksi suurelta osin siksi, ett\u00e4 [Euroopan] hallitukset horjuttavat demokraattisia prosesseja. T\u00e4m\u00e4 on Yhdysvalloille strategisesti t\u00e4rke\u00e4\u00e4 juuri sen vuoksi, etteiv\u00e4t eurooppalaiset valtiot pysty uudistamaan itse\u00e4\u00e4n joutuessaan syv\u00e4\u00e4n poliittiseen kriisiin\u201d, paperissa sanotaan.<\/p>\n<p class=\"article-body mb-nof-24 px-nof-16\">Natosta on strategiassa kirjaus, jossa \u201dtiettyjen j\u00e4senmaiden\u201d n\u00e4hd\u00e4\u00e4n muuttuvan muutamassa vuosikymmeness\u00e4 \u201dei-eurooppalaisiksi\u201d.<\/p>\n<p class=\"article-body mb-nof-24 px-nof-16\">\u201dOn avoin kysymys, n\u00e4kev\u00e4tk\u00f6 ne paikkansa maailmassa ja liittosuhteen Yhdysvaltain kanssa samalla tavalla kuin ne maat, jotka allekirjoittivat Naton peruskirjan.\u201d<\/p>\n<p class=\"article-body mb-nof-24 px-nof-16\">Asiakirjan mukaan Yhdysvaltain Euroopan-politiikan pit\u00e4isi lopettaa ajattelu siit\u00e4, ett\u00e4 Nato on laajentuva liittokunta. N\u00e4in linjaus sulkisi Ukrainan tien Natoon. Sit\u00e4 Ven\u00e4j\u00e4 on halunnut.<\/p>\n<p class=\"article-body mb-nof-24 px-nof-16\">Lue lis\u00e4\u00e4: <a class=\"article-genericlink\" href=\"https:\/\/www.is.fi\/ulkomaat\/art-2000011621951.html\" rel=\"nofollow noopener\" target=\"_blank\">Kommentti: Washingtonista on pian tulossa jobinpostia \u2013 kuinka paljon joukkoja Yhdysvallat j\u00e4tt\u00e4\u00e4 Eurooppaan?<\/a><\/p>\n<p class=\"article-body mb-nof-24 px-nof-16\">Yksi Yhdysvaltain strategian painopisteist\u00e4 on keskeisten kansalais\u00adoikeuksien ja -vapauksien puolustaminen. Niihin kuuluvat ilmaisunvapaus, uskonnonvapaus ja oman\u00adtunnonvapaus.<\/p>\n<p class=\"article-body mb-nof-24 px-nof-16\">\u201dMit\u00e4 tulee valtioihin, jotka jakavat tai sanovat jakavansa n\u00e4m\u00e4 peri\u00adaatteet, Yhdysvallat kannustaa voimakkaasti sek\u00e4 niiden kirjaimen ett\u00e4 hengen noudattamista. Me vastustamme eliittien ajamia ja ep\u00e4demokraattisia rajoituksia keskeisiin vapauksiin Euroopassa, englanninkielisiss\u00e4 maissa ja my\u00f6s muualla demokraattisessa maailmassa, erityisesti liittolaistemme parissa\u201d, lukee strategiassa.<\/p>\n<p class=\"article-body mb-nof-24 px-nof-16\">N\u00e4in Bildt kommentoi linjauksia X:ss\u00e4:<\/p>\n<p class=\"article-body mb-nof-24 px-nof-16\">\u201dAinoa osa maailmasta, jossa uusi turvallisuusstrategia n\u00e4kee uhkia demokratialle, n\u00e4ytt\u00e4\u00e4 olevan Eurooppa. Hyvin kummallista.\u201d<\/p>\n<blockquote class=\"citation\">\n<p>\u201d<\/p>\n<p>Ainoa osa maailmasta, jossa uusi turvallisuusstrategia n\u00e4kee uhkia demokratialle, n\u00e4ytt\u00e4\u00e4 olevan Eurooppa.<\/p>\n<\/blockquote>\n<p class=\"article-body mb-nof-24 px-nof-16\">Tiedossa ei ole, kuinka paljon Vance on vaikuttanut strategiapaperin sis\u00e4lt\u00f6\u00f6n ja muotoiluihin.<\/p>\n<p class=\"article-body mb-nof-24 px-nof-16\">Vance piti M\u00fcnchenin turvallisuuskokouksessa viime talvena puheen, jossa h\u00e4n hy\u00f6kk\u00e4si voimakkaasti l\u00e4ntist\u00e4 Eurooppaa vastaan v\u00e4itt\u00e4en muun muassa, ett\u00e4 sananvapaus on vaarassa eurooppalaisissa demokratioissa.<\/p>\n<p><img decoding=\"async\" src=\"https:\/\/www.europesays.com\/fi\/wp-content\/uploads\/2025\/12\/1765091768_589_468.jpg\" alt=\"Yhdysvallat on viime kuukausina siirt\u00e4nyt sotilaallista voimaa l\u00e4helle Etel\u00e4-Amerikkaa \u201dhuumeiden vastaisen sodan\u201d varjolla.\" class=\"_Img_1rerz_1\" style=\"aspect-ratio:1.5\" loading=\"eager\"\/><\/p>\n<p class=\"article-picture-caption\">Yhdysvallat on viime kuukausina siirt\u00e4nyt sotilaallista voimaa l\u00e4helle Etel\u00e4-Amerikkaa \u201dhuumeiden vastaisen sodan\u201d varjolla. Kuva:\u00a0Marco Bello\/Reuters<\/p>\n<p class=\"article-body mb-nof-24 px-nof-16\">Lue lis\u00e4\u00e4: <a class=\"article-genericlink\" href=\"https:\/\/www.is.fi\/ulkomaat\/art-2000011651075.html\" rel=\"nofollow noopener\" target=\"_blank\">Kiinan uhkaama Taiwan: Iso panostus puolustukseen<\/a><\/p>\n<p class=\"article-body mb-nof-24 px-nof-16\">Uusi strategiapaperi korostaa my\u00f6s Yhdysvaltain \u201denergiadominanssia\u201d ja murskaa toimet ilmastonmuutoksen hillitsemiseksi.<\/p>\n<p class=\"article-body mb-nof-24 px-nof-16\">\u201dMe vastustamme tuhoisia \u2019ilmastonmuutosta\u2019 ja \u2019nettonollap\u00e4\u00e4st\u00f6j\u00e4\u2019 korostavia ideologioita, jotka ovat vahingoittaneet suuresti Eurooppaa, uhanneet Yhdysvaltoja ja antaneet tukea meid\u00e4n vastustajillemme\u201d, linjapaperi kuittaa.<\/p>\n<p class=\"article-body mb-nof-24 px-nof-16\">Trumpin strategian ydin on linjauksen mukaan \u201cAmerica First\u201d. Yhdysvallat keskittyy ajamaan omia kansallisia etujaan sek\u00e4 takaamaan suvereniteettinsa ja turvallisuutensa. Keskeist\u00e4 paperissa on rajaturvallisuus.<\/p>\n<p class=\"article-body mb-nof-24 px-nof-16\">Sotilaallisesti uusi strategia merkitsee painopisteen muutosta. Euroopan turvallisuus otetaan toki huomioon, mutta p\u00e4\u00e4vastuu siit\u00e4 on paperin mukaan eurooppalaisilla valtioilla. Yhdysvaltain katse siirtyy l\u00e4ntiselle pallonpuoliskolle ja Aasian-Tyynenmeren alueelle. L\u00e4hi-it\u00e4\u00e4n ja Afrikkaan kiinnitet\u00e4\u00e4n Washingtonissa entist\u00e4 v\u00e4hemm\u00e4n huomiota.<\/p>\n<blockquote class=\"citation\">\n<p>\u201d<\/p>\n<p>Me vastustamme tuhoisia \u2019ilmastonmuutosta\u2019 ja \u2019nettonollap\u00e4\u00e4st\u00f6j\u00e4\u2019 korostavia ideologioita.<\/p>\n<\/blockquote>\n<p class=\"article-body mb-nof-24 px-nof-16\">Taiwania strategia pit\u00e4\u00e4 t\u00e4rke\u00e4n\u00e4 Yhdysvaltain eduille. Linjapaperin mukaan Taiwanin merkitys on suuri siksi, ett\u00e4 se hallitsee maailman puolijohdetuotantoa, on osa Yhdysvaltain niin sanottua saariketjustrategiaa ja jakaa alueen kahteen selke\u00e4\u00e4n sotan\u00e4ytt\u00e4m\u00f6\u00f6n, Koillis- ja Kaakkois-Aasiaan.<\/p>\n<p class=\"article-body mb-nof-24 px-nof-16\">\u201dSiksi Taiwanista puhkeavan konfliktin est\u00e4minen, mieluiten s\u00e4ilytt\u00e4m\u00e4ll\u00e4 sotilaallinen ylivoima, on prioriteetti.\u201d<\/p>\n","protected":false},"excerpt":{"rendered":"Valkoisen talon linjapaperissa on murskakritiikki\u00e4 muun muassa \u201deurooppalaisille eliiteille\u201d ja ilmastotoimille. T\u00e4yslaidallisen saa my\u00f6s Euroopan haluttomuus rauhaan Ukrainassa.&hellip;\n","protected":false},"author":2,"featured_media":109873,"comment_status":"","ping_status":"","sticky":false,"template":"","format":"standard","meta":{"footnotes":""},"categories":[14],"tags":[22,23,26,27,33,31,30,17,34,24,25,28,29,15,18,21,32,19,20,56,16,59,60,61],"class_list":{"0":"post-109872","1":"post","2":"type-post","3":"status-publish","4":"format-standard","5":"has-post-thumbnail","7":"category-ulkomaat","8":"tag-breaking-news","9":"tag-breakingnews","10":"tag-featured-news","11":"tag-featurednews","12":"tag-fi","13":"tag-finland","14":"tag-finnish","15":"tag-headlines","16":"tag-ilta-sanomat","17":"tag-latest-news","18":"tag-latestnews","19":"tag-main-news","20":"tag-mainnews","21":"tag-news","22":"tag-otsikot","23":"tag-paauutiset","24":"tag-suomi","25":"tag-top-stories","26":"tag-topstories","27":"tag-ulkomaat","28":"tag-uutiset","29":"tag-world","30":"tag-world-news","31":"tag-worldnews"},"share_on_mastodon":{"url":"https:\/\/pubeurope.com\/@fi\/115677061939038033","error":""},"_links":{"self":[{"href":"https:\/\/www.europesays.com\/fi\/wp-json\/wp\/v2\/posts\/109872","targetHints":{"allow":["GET"]}}],"collection":[{"href":"https:\/\/www.europesays.com\/fi\/wp-json\/wp\/v2\/posts"}],"about":[{"href":"https:\/\/www.europesays.com\/fi\/wp-json\/wp\/v2\/types\/post"}],"author":[{"embeddable":true,"href":"https:\/\/www.europesays.com\/fi\/wp-json\/wp\/v2\/users\/2"}],"replies":[{"embeddable":true,"href":"https:\/\/www.europesays.com\/fi\/wp-json\/wp\/v2\/comments?post=109872"}],"version-history":[{"count":0,"href":"https:\/\/www.europesays.com\/fi\/wp-json\/wp\/v2\/posts\/109872\/revisions"}],"wp:featuredmedia":[{"embeddable":true,"href":"https:\/\/www.europesays.com\/fi\/wp-json\/wp\/v2\/media\/109873"}],"wp:attachment":[{"href":"https:\/\/www.europesays.com\/fi\/wp-json\/wp\/v2\/media?parent=109872"}],"wp:term":[{"taxonomy":"category","embeddable":true,"href":"https:\/\/www.europesays.com\/fi\/wp-json\/wp\/v2\/categories?post=109872"},{"taxonomy":"post_tag","embeddable":true,"href":"https:\/\/www.europesays.com\/fi\/wp-json\/wp\/v2\/tags?post=109872"}],"curies":[{"name":"wp","href":"https:\/\/api.w.org\/{rel}","templated":true}]}}