{"id":109878,"date":"2025-12-07T07:22:12","date_gmt":"2025-12-07T07:22:12","guid":{"rendered":"https:\/\/www.europesays.com\/fi\/109878\/"},"modified":"2025-12-07T07:22:12","modified_gmt":"2025-12-07T07:22:12","slug":"intialaiset-astronomit-ovat-loytaneet-15-miljardin-galaksin-alaknandan-jolla-on-kaksi-selvasti-erottuvaa-kierrehaaraa","status":"publish","type":"post","link":"https:\/\/www.europesays.com\/fi\/109878\/","title":{"rendered":"Intialaiset astronomit ovat l\u00f6yt\u00e4neet 1,5 miljardin galaksin Alaknandan, jolla on kaksi selv\u00e4sti erottuvaa kierrehaaraa"},"content":{"rendered":"<p>\u201dT\u00e4llaisen hyvin j\u00e4rjest\u00e4ytyneen galaksin l\u00f6yt\u00e4minen t\u00e4ss\u00e4 vaiheessa maailmankaikkeuden historiaa kertoo meille, ett\u00e4 galaksien muodostumista ohjaavat fysikaaliset prosessit voivat toimia paljon tehokkaammin kuin nykyiset mallit ennustavat\u201d, sanoo astronomi Rashi Jain lehdist\u00f6tiedotteessa.<\/p>\n<p>Toisin sanoen, Alaknandan l\u00f6yt\u00e4minen haastaa k\u00e4sityksemme galaksien kehityksest\u00e4.<\/p>\n<p><strong>Nasa seuraa jatkuvasti asteroideja, jotka ovat t\u00f6rm\u00e4yskurssilla Maahan. Katso t\u00e4\u00e4lt\u00e4, milloin viisi vaarallisinta halkaisijaltaan yli 100-metrist\u00e4 asteroidia voivat t\u00f6rm\u00e4t\u00e4 meihin:<\/strong><\/p>\n","protected":false},"excerpt":{"rendered":"\u201dT\u00e4llaisen hyvin j\u00e4rjest\u00e4ytyneen galaksin l\u00f6yt\u00e4minen t\u00e4ss\u00e4 vaiheessa maailmankaikkeuden historiaa kertoo meille, ett\u00e4 galaksien muodostumista ohjaavat fysikaaliset prosessit voivat&hellip;\n","protected":false},"author":2,"featured_media":109879,"comment_status":"","ping_status":"","sticky":false,"template":"","format":"standard","meta":{"footnotes":""},"categories":[114],"tags":[453,33,31,30,118,452,32,119],"class_list":{"0":"post-109878","1":"post","2":"type-post","3":"status-publish","4":"format-standard","5":"has-post-thumbnail","7":"category-avaruus","8":"tag-avaruus","9":"tag-fi","10":"tag-finland","11":"tag-finnish","12":"tag-science","13":"tag-space","14":"tag-suomi","15":"tag-tiede"},"share_on_mastodon":{"url":"https:\/\/pubeurope.com\/@fi\/115677085257138052","error":""},"_links":{"self":[{"href":"https:\/\/www.europesays.com\/fi\/wp-json\/wp\/v2\/posts\/109878","targetHints":{"allow":["GET"]}}],"collection":[{"href":"https:\/\/www.europesays.com\/fi\/wp-json\/wp\/v2\/posts"}],"about":[{"href":"https:\/\/www.europesays.com\/fi\/wp-json\/wp\/v2\/types\/post"}],"author":[{"embeddable":true,"href":"https:\/\/www.europesays.com\/fi\/wp-json\/wp\/v2\/users\/2"}],"replies":[{"embeddable":true,"href":"https:\/\/www.europesays.com\/fi\/wp-json\/wp\/v2\/comments?post=109878"}],"version-history":[{"count":0,"href":"https:\/\/www.europesays.com\/fi\/wp-json\/wp\/v2\/posts\/109878\/revisions"}],"wp:featuredmedia":[{"embeddable":true,"href":"https:\/\/www.europesays.com\/fi\/wp-json\/wp\/v2\/media\/109879"}],"wp:attachment":[{"href":"https:\/\/www.europesays.com\/fi\/wp-json\/wp\/v2\/media?parent=109878"}],"wp:term":[{"taxonomy":"category","embeddable":true,"href":"https:\/\/www.europesays.com\/fi\/wp-json\/wp\/v2\/categories?post=109878"},{"taxonomy":"post_tag","embeddable":true,"href":"https:\/\/www.europesays.com\/fi\/wp-json\/wp\/v2\/tags?post=109878"}],"curies":[{"name":"wp","href":"https:\/\/api.w.org\/{rel}","templated":true}]}}