{"id":109899,"date":"2025-12-07T08:04:10","date_gmt":"2025-12-07T08:04:10","guid":{"rendered":"https:\/\/www.europesays.com\/fi\/109899\/"},"modified":"2025-12-07T08:04:10","modified_gmt":"2025-12-07T08:04:10","slug":"ex-tv-kuuluttaja-anna-liisa-tilus-puhuu-nykyisesta-tyostaan","status":"publish","type":"post","link":"https:\/\/www.europesays.com\/fi\/109899\/","title":{"rendered":"Ex-tv-kuuluttaja Anna-Liisa Tilus puhuu nykyisest\u00e4 ty\u00f6st\u00e4\u00e4n"},"content":{"rendered":"<p>            Pasi Murto\n        <\/p>\n<p class=\"subtitle \">Kev\u00e4\u00e4ll\u00e4 n\u00e4htiin yhden aikakauden loppu, kun muutosneuvottelujen my\u00f6t\u00e4 Yle p\u00e4\u00e4tti lopettaa tv-kuuluttajien toimen.<\/p>\n<p class=\"article-content article-content-width !bg-background\"> on legendaarinen Ylen televisiokuuluttaja ja entinen Miss Suomi.<\/p>\n<p class=\"article-content article-content-width !bg-background\">Tiara aseteltiin Anna-Liisan p\u00e4\u00e4h\u00e4n vuonna 1984 h\u00e4nen ollessaan vasta 19-vuotias.<\/p>\n<p class=\"article-content article-content-width !bg-background\">Kev\u00e4\u00e4ll\u00e4 n\u00e4htiin yhden aikakauden loppu, kun muutosneuvottelujen my\u00f6t\u00e4 Yle p\u00e4\u00e4tti lopettaa tv-kuuluttajien toimen.<\/p>\n<p class=\"article-content article-content-width !bg-background\">Anna-Liisa on jatkanut TV1:n kanava\u00e4\u00e4nen\u00e4. Vaikka h\u00e4nt\u00e4 ei en\u00e4\u00e4 n\u00e4hd\u00e4 kuuluttajana, h\u00e4net kyll\u00e4 kuullaan.<\/p>\n<p>        <a itemprop=\"url\" href=\"https:\/\/www.seiska.fi\/katso\/ylen-rakastettu-osio-jaa-tanaan-historiaan\/1652675\" rel=\"nofollow noopener\" target=\"_blank\"><\/p>\n<p>\nYlen rakastettu osio\n<\/p>\n<p class=\"section-date\">\n        <strong class=\"article-section\" data-section=\"katso\"><br \/>\n            katso<br \/>\n        <\/strong><br \/>\n        23.3. 12:00\n    <\/p>\n<p>Ylen rakastettu osio j\u00e4\u00e4 t\u00e4n\u00e4\u00e4n historiaan\n    <\/p>\n<p itemprop=\"description\" class=\"subtitle \">\n    Ylen tv-kuuluttajat n\u00e4hd\u00e4\u00e4n ruudussa viimeist\u00e4 kertaa.\n<\/p>\n<p>        <\/a><\/p>\n<p>                <img decoding=\"async\" src=\"https:\/\/www.europesays.com\/fi\/wp-content\/uploads\/2025\/12\/2012398.webp\" width=\"576\" height=\"322\" alt=\"Anna-Liisa on ottanut osaa erin\u00e4isiin hyv\u00e4ntekev\u00e4isyystapahtumiin. Kuva parin vuoden takaa Mannerheimin Lastensuojeluliiton Uudenmaan piirin muotin\u00e4yt\u00f6ksest\u00e4.\" loading=\"lazy\" \/>            <\/p>\n<p>\n            Anna-Liisa on ottanut osaa erin\u00e4isiin hyv\u00e4ntekev\u00e4isyystapahtumiin. Kuva parin vuoden takaa Mannerheimin Lastensuojeluliiton Uudenmaan piirin muotin\u00e4yt\u00f6ksest\u00e4.<br \/>\n            Atte Kajova\n        <\/p>\n<p>&#8221;Samaa kuin ennenkin&#8221;<\/p>\n<p class=\"article-content article-content-width !bg-background\">Katso tapasi Anna-Liisan keskiviikkona Vantaan Martinlaaksossa sijaitsevassa Kulttuuritalo Martinuksessa.<\/p>\n<p class=\"article-content article-content-width !bg-background\">Hyv\u00e4ntuulinen Anna-Liisa osallistui Lastenklinikoiden Kummit ry:n JouluMielelle-konserttiin.<\/p>\n<p class=\"article-content article-content-width !bg-background\">\u2013 K\u00e4yt\u00e4nn\u00f6ss\u00e4 ty\u00f6 on tosiaan samaa kuin ennenkin, mutta vain ilman kameraa. Se ei en\u00e4\u00e4 painosta ja rytmit\u00e4, Anna-Liisa kuvaa nykyist\u00e4 ty\u00f6t\u00e4\u00e4n.<\/p>\n<p class=\"article-content article-content-width !bg-background\">\u2013 Tosi ty\u00f6l\u00e4st\u00e4, mutta olen tosi iloinen siit\u00e4, ett\u00e4 on edelleen ty\u00f6paikka ja saa edelleen palvella katsojia.<\/p>\n<p>        <a itemprop=\"url\" href=\"https:\/\/www.seiska.fi\/katso\/nama-olivat-ylen-tv-kuuluttajien-viimeiset-sanat-anna-liisa-tilukselta-kuitti\/1652979\" rel=\"nofollow noopener\" target=\"_blank\"><\/p>\n<p>\nTv-kuuluttajien hyv\u00e4stit\n<\/p>\n<p class=\"section-date\">\n        <strong class=\"article-section\" data-section=\"katso\"><br \/>\n            katso<br \/>\n        <\/strong><br \/>\n        24.3. 09:05\n    <\/p>\n<p>N\u00e4m\u00e4 olivat Ylen tv-kuuluttajien viimeiset sanat \u2013 Anna-Liisa Tilukselta kuitti\n    <\/p>\n<p itemprop=\"description\" class=\"subtitle \">\n    Kuuluttajat n\u00e4htiin viimeist\u00e4 kertaa tv-ruuduilla 23. maaliskuuta. Jatkossa TV1:n kanava\u00e4\u00e4nen\u00e4 kuullaan Anna-Liisa Tilusta.\n<\/p>\n<p>        <\/a><\/p>\n<p>                <img decoding=\"async\" src=\"https:\/\/www.europesays.com\/fi\/wp-content\/uploads\/2025\/12\/2012399.webp\" width=\"576\" height=\"720\" alt=\"Anna-Liisa on tuttu upeasta hymyst\u00e4\u00e4n sek\u00e4 lyhyest\u00e4 tukastaan.\" loading=\"lazy\" \/>            <\/p>\n<p>\n            Anna-Liisa on tuttu upeasta hymyst\u00e4\u00e4n sek\u00e4 lyhyest\u00e4 tukastaan.<br \/>\n            Atte Kajova\n        <\/p>\n<p>&#8221;Osaanko en\u00e4\u00e4 j\u00e4nnitt\u00e4\u00e4&#8221;<\/p>\n<p class=\"article-content article-content-width !bg-background\">My\u00f6hemmin joulukuussa 61 vuotta t\u00e4ytt\u00e4v\u00e4n Anna-Liisan el\u00e4m\u00e4 on hyv\u00e4\u00e4.\u00a0Siit\u00e4 pit\u00e4v\u00e4t huolen sek\u00e4 lapset ett\u00e4 lapsenlapset.<\/p>\n<p class=\"article-content article-content-width !bg-background\">Kolmesta lapsesta kaksi pelaa ammatikseen jalkapalloa:  Ilveksess\u00e4 ja  ruotsalaisessa H\u00e4ckeniss\u00e4.<\/p>\n<p class=\"article-content article-content-width !bg-background\">\u2013 En tied\u00e4, osaanko en\u00e4\u00e4 j\u00e4nnitt\u00e4\u00e4, mutta hauskahan sit\u00e4 on seurata, Anna-Liisa huokaa palloilijapojistaan.<\/p>\n<p>        <a itemprop=\"url\" href=\"https:\/\/www.seiska.fi\/katso\/katsojat-kaipaavat-anna-liisa-tilusta-takaisin-tv-ruutuun-se-ihana-rauhallinen-aani\/1674998\" rel=\"nofollow noopener\" target=\"_blank\"><\/p>\n<p>\nAnna-Liisa Tilus\n<\/p>\n<p class=\"section-date\">\n        <strong class=\"article-section\" data-section=\"katso\"><br \/>\n            katso<br \/>\n        <\/strong><br \/>\n        15.4. 10:22\n    <\/p>\n<p>Katsojat kaipaavat Anna-Liisa Tilusta takaisin tv-ruutuun: &#8221;Se ihana rauhallinen \u00e4\u00e4ni&#8221;\n    <\/p>\n<p itemprop=\"description\" class=\"subtitle \">\n    Ylen pitk\u00e4aikainen kuuluttaja Anna-Liisa Tilus jakaa yh\u00e4 tv-vinkkej\u00e4 sosiaalisessa mediassa.\n<\/p>\n<p>        <\/a><\/p>\n<p>                <img decoding=\"async\" src=\"https:\/\/www.europesays.com\/fi\/wp-content\/uploads\/2025\/12\/2012402.webp\" width=\"576\" height=\"720\" alt=\"Tv-kuuluttajat ovat suomalaisten rakastama instituutio. Kuvassa Anna-Liisa ja edesmennyt Maria Jungner vuonna 2018.\" loading=\"lazy\" \/>            <\/p>\n<p>\n            Tv-kuuluttajat ovat suomalaisten rakastama instituutio. Kuvassa Anna-Liisa ja edesmennyt Maria Jungner vuonna 2018.<br \/>\n            Pasi Murto\n        <\/p>\n<p>Mummu<\/p>\n<p class=\"article-content article-content-width !bg-background\">Samalla h\u00e4n toteaa, ett\u00e4 hauskaa on my\u00f6s seurata lastenlasten el\u00e4m\u00e4\u00e4.<\/p>\n<p class=\"article-content article-content-width !bg-background\">\u2013 Ihanaa, ett\u00e4 oma tarina jatkuu pieniss\u00e4 ihmisiss\u00e4.<\/p>\n<p class=\"article-content article-content-width !bg-background\">Lapsenlapsia on niin ik\u00e4\u00e4n kolme, ja \u201dkaikki k\u00e4velev\u00e4t\u201d.<\/p>\n<p class=\"article-content article-content-width !bg-background\">\u2013 Osa juokseekin, mummuksi kutsuttava Anna-Liisa naurahtaa.<\/p>\n<p class=\"article-content article-content-width !bg-background\">Anna-Liisa on edelleen upea ilmestys, mutta ei suurin surminkaan halua kuvattavaksi.<\/p>\n<p class=\"article-content article-content-width !bg-background\">\u2013 En min\u00e4, lady, h\u00e4n p\u00e4\u00e4tt\u00e4\u00e4 hihitt\u00e4en.<\/p>\n<p>        <a itemprop=\"url\" href=\"https:\/\/www.seiska.fi\/katso\/ylen-kanavatoimittaja-avautui-uusinnoista-katsojilta-valiton-palaute\/1856921\" rel=\"nofollow noopener\" target=\"_blank\"><\/p>\n<p>\nKatsojilta v\u00e4lit\u00f6n palaute\n<\/p>\n<p class=\"section-date\">\n        <strong class=\"article-section\" data-section=\"katso\"><br \/>\n            katso<br \/>\n        <\/strong><br \/>\n        3.7. 09:15\n    <\/p>\n<p>Ylen kanavatoimittaja avautui uusinnoista \u2013 katsojilta v\u00e4lit\u00f6n palaute\n    <\/p>\n<p itemprop=\"description\" class=\"subtitle \">\n    Anna-Liisa Tilus jakoi kuunteluvinkin, jossa k\u00e4sitell\u00e4\u00e4n suuria tunteita \u2013 riemusta vihastumiseen.\n<\/p>\n<p>        <\/a><\/p>\n","protected":false},"excerpt":{"rendered":"Pasi Murto Kev\u00e4\u00e4ll\u00e4 n\u00e4htiin yhden aikakauden loppu, kun muutosneuvottelujen my\u00f6t\u00e4 Yle p\u00e4\u00e4tti lopettaa tv-kuuluttajien toimen. on legendaarinen Ylen&hellip;\n","protected":false},"author":2,"featured_media":109900,"comment_status":"","ping_status":"","sticky":false,"template":"","format":"standard","meta":{"footnotes":""},"categories":[130],"tags":[20478,137,33,31,30,43,3458,32,20477,109,1149],"class_list":{"0":"post-109899","1":"post","2":"type-post","3":"status-publish","4":"format-standard","5":"has-post-thumbnail","7":"category-viihde","8":"tag-anna-liisa-tilus","9":"tag-entertainment","10":"tag-fi","11":"tag-finland","12":"tag-finnish","13":"tag-jalkapallo","14":"tag-miss-suomi","15":"tag-suomi","16":"tag-televisiokuuluttaja","17":"tag-viihde","18":"tag-yle"},"share_on_mastodon":{"url":"https:\/\/pubeurope.com\/@fi\/115677250556689839","error":""},"_links":{"self":[{"href":"https:\/\/www.europesays.com\/fi\/wp-json\/wp\/v2\/posts\/109899","targetHints":{"allow":["GET"]}}],"collection":[{"href":"https:\/\/www.europesays.com\/fi\/wp-json\/wp\/v2\/posts"}],"about":[{"href":"https:\/\/www.europesays.com\/fi\/wp-json\/wp\/v2\/types\/post"}],"author":[{"embeddable":true,"href":"https:\/\/www.europesays.com\/fi\/wp-json\/wp\/v2\/users\/2"}],"replies":[{"embeddable":true,"href":"https:\/\/www.europesays.com\/fi\/wp-json\/wp\/v2\/comments?post=109899"}],"version-history":[{"count":0,"href":"https:\/\/www.europesays.com\/fi\/wp-json\/wp\/v2\/posts\/109899\/revisions"}],"wp:featuredmedia":[{"embeddable":true,"href":"https:\/\/www.europesays.com\/fi\/wp-json\/wp\/v2\/media\/109900"}],"wp:attachment":[{"href":"https:\/\/www.europesays.com\/fi\/wp-json\/wp\/v2\/media?parent=109899"}],"wp:term":[{"taxonomy":"category","embeddable":true,"href":"https:\/\/www.europesays.com\/fi\/wp-json\/wp\/v2\/categories?post=109899"},{"taxonomy":"post_tag","embeddable":true,"href":"https:\/\/www.europesays.com\/fi\/wp-json\/wp\/v2\/tags?post=109899"}],"curies":[{"name":"wp","href":"https:\/\/api.w.org\/{rel}","templated":true}]}}