{"id":10990,"date":"2025-08-20T08:25:11","date_gmt":"2025-08-20T08:25:11","guid":{"rendered":"https:\/\/www.europesays.com\/fi\/10990\/"},"modified":"2025-08-20T08:25:11","modified_gmt":"2025-08-20T08:25:11","slug":"gojira-paatti-summer-breeze-open-airin-toisen-paivan-brutaalisti","status":"publish","type":"post","link":"https:\/\/www.europesays.com\/fi\/10990\/","title":{"rendered":"Gojira p\u00e4\u00e4tti Summer Breeze Open Airin toisen p\u00e4iv\u00e4n brutaalisti"},"content":{"rendered":"<p>Ranskalainen progressiivisen death metallin j\u00e4tti <strong>Gojira<\/strong> vei Summer Breeze Open Airin toisen p\u00e4iv\u00e4n p\u00e4\u00e4t\u00f6kseen eeppisen p\u00e4\u00e4numeron voimin eilen illalla. Mario ja Joe Duplantier -veljesten johtama yhtye tarjosi yleis\u00f6lle armottoman n\u00e4yt\u00f6ksen teknisest\u00e4 virtuositeetista ja ymp\u00e4rist\u00f6teemaisista viesteist\u00e4\u00e4n. Mario ja Joe Duplantierin johtama yhtye tarjosi yleis\u00f6lle yhdistelm\u00e4n niin teknist\u00e4 virtuositeettia kuin my\u00f6s kantaaottavia viestej\u00e4. <strong>Gojira<\/strong>n esitys oli t\u00e4ydellinen osoitus siit\u00e4, miksi yhtye on noussut yhdeksi modernin extreme metallin arvostetuimmista nimist\u00e4. Toinen festivaalip\u00e4iv\u00e4 p\u00e4\u00e4ttyi unohtumattomaan kokemukseen, joka j\u00e4tti tuhannet metallifanit kaipaamaan lis\u00e4\u00e4.<\/p>\n<p><a href=\"https:\/\/kaaoszine.fi\/wp-content\/uploads\/2025\/08\/warmen-summerbreeze-25-86942465314001362805-975x1300.jpg\" data-slb-active=\"1\" data-slb-asset=\"269916399\" data-slb-internal=\"0\" data-slb-group=\"715947\" rel=\"nofollow noopener\" target=\"_blank\"><img decoding=\"async\"  alt=\"\" data-height=\"2000\" data-id=\"715907\" data-link=\"https:\/\/kaaoszine.fi\/warmen-summerbreeze-25-86942465314001362805-jpg\/\" data-url=\"https:\/\/kaaoszine.fi\/wp-content\/uploads\/2025\/08\/warmen-summerbreeze-25-86942465314001362805-975x1300.jpg\" data-width=\"1500\" src=\"https:\/\/www.europesays.com\/fi\/wp-content\/uploads\/2025\/08\/warmen-summerbreeze-25-86942465314001362805-975x1300.jpg\" data-amp-layout=\"responsive\"\/><\/a><\/p>\n<p>Kuvat: <strong>Silvio Colombo<\/strong>.<\/p>\n<p><a class=\"gofollow\" data-track=\"MjY0OCw0OCwxLDYw\" href=\"https:\/\/allthingslive.fi\/event\/gorgoroth-supports\" rel=\"nofollow noopener\" target=\"_blank\"><img decoding=\"async\" src=\"https:\/\/www.europesays.com\/fi\/wp-content\/uploads\/2025\/08\/gorgoroth-980-x-400.jpg\"\/><\/a><br \/>\nArtikkeli jatkuu mainoksen j\u00e4lkeen<a class=\"gofollow\" data-track=\"MjY0OCw0MCwxLDYw\" href=\"https:\/\/allthingslive.fi\/event\/gorgoroth-supports\" rel=\"nofollow noopener\" target=\"_blank\"><img decoding=\"async\" src=\"https:\/\/www.europesays.com\/fi\/wp-content\/uploads\/2025\/08\/gorgoroth-980-x-400.jpg\"\/><\/a>Mainos p\u00e4\u00e4ttyy<\/p>\n","protected":false},"excerpt":{"rendered":"Ranskalainen progressiivisen death metallin j\u00e4tti Gojira vei Summer Breeze Open Airin toisen p\u00e4iv\u00e4n p\u00e4\u00e4t\u00f6kseen eeppisen p\u00e4\u00e4numeron voimin eilen&hellip;\n","protected":false},"author":2,"featured_media":10991,"comment_status":"","ping_status":"","sticky":false,"template":"","format":"standard","meta":{"footnotes":""},"categories":[132],"tags":[137,33,31,30,195,47,32,109],"class_list":{"0":"post-10990","1":"post","2":"type-post","3":"status-publish","4":"format-standard","5":"has-post-thumbnail","7":"category-musiikki","8":"tag-entertainment","9":"tag-fi","10":"tag-finland","11":"tag-finnish","12":"tag-music","13":"tag-musiikki","14":"tag-suomi","15":"tag-viihde"},"share_on_mastodon":{"url":"","error":""},"_links":{"self":[{"href":"https:\/\/www.europesays.com\/fi\/wp-json\/wp\/v2\/posts\/10990","targetHints":{"allow":["GET"]}}],"collection":[{"href":"https:\/\/www.europesays.com\/fi\/wp-json\/wp\/v2\/posts"}],"about":[{"href":"https:\/\/www.europesays.com\/fi\/wp-json\/wp\/v2\/types\/post"}],"author":[{"embeddable":true,"href":"https:\/\/www.europesays.com\/fi\/wp-json\/wp\/v2\/users\/2"}],"replies":[{"embeddable":true,"href":"https:\/\/www.europesays.com\/fi\/wp-json\/wp\/v2\/comments?post=10990"}],"version-history":[{"count":0,"href":"https:\/\/www.europesays.com\/fi\/wp-json\/wp\/v2\/posts\/10990\/revisions"}],"wp:featuredmedia":[{"embeddable":true,"href":"https:\/\/www.europesays.com\/fi\/wp-json\/wp\/v2\/media\/10991"}],"wp:attachment":[{"href":"https:\/\/www.europesays.com\/fi\/wp-json\/wp\/v2\/media?parent=10990"}],"wp:term":[{"taxonomy":"category","embeddable":true,"href":"https:\/\/www.europesays.com\/fi\/wp-json\/wp\/v2\/categories?post=10990"},{"taxonomy":"post_tag","embeddable":true,"href":"https:\/\/www.europesays.com\/fi\/wp-json\/wp\/v2\/tags?post=10990"}],"curies":[{"name":"wp","href":"https:\/\/api.w.org\/{rel}","templated":true}]}}