{"id":109921,"date":"2025-12-07T08:35:08","date_gmt":"2025-12-07T08:35:08","guid":{"rendered":"https:\/\/www.europesays.com\/fi\/109921\/"},"modified":"2025-12-07T08:35:08","modified_gmt":"2025-12-07T08:35:08","slug":"han-on-sdp-vaikuttajien-suosikki-antti-lindtmanin-seuraajaksi-niukka-voitto","status":"publish","type":"post","link":"https:\/\/www.europesays.com\/fi\/109921\/","title":{"rendered":"H\u00e4n on SDP-vaikuttajien suosikki Antti Lindtmanin seuraajaksi \u2013 Niukka voitto"},"content":{"rendered":"<p>Iltalehden kyselyst\u00e4 SDP:n vaikuttajille selvi\u00e4\u00e4, ett\u00e4 puheenjohtaja Antti Lindtmanin asema on t\u00e4ll\u00e4 hetkell\u00e4 hyvin vahva.<\/p>\n<p class=\"paragraph\">SDP kokoontuu ensi vuoden lokakuussa puoluekokoukseen Tampereelle. Puoluekokous edelt\u00e4\u00e4 seuraavan vuoden eduskuntavaaleja.<\/p>\n<p class=\"paragraph\">Iltalehti kysyi SDP:n keskeisilt\u00e4 vaikuttajilta, toivovatko he, ett\u00e4 Tampereella puolueen puheenjohtajaksi olisi ehdolla useita tunnettuja sosialidemokraattisia vaikuttajia.<\/p>\n<p class=\"paragraph\">Noin 60 prosenttia vastasi kysymykseen kielteisesti, 40 prosenttia my\u00f6nteisesti. Toisin sanoen enemmist\u00f6 ei halua nykyiselle puheenjohtajalle <a href=\"https:\/\/www.iltalehti.fi\/henkilot\/Antti Lindtman\" class=\"article-link-person-page\" rel=\"nofollow noopener\" target=\"_blank\">Antti Lindtmanille<\/a> haastajaa.<\/p>\n<p class=\"paragraph\">\u2013 Voittavaa hevosta ei kannata vaihtaa, er\u00e4s kyselyyn vastanneista kommentoi anonyymisti.<\/p>\n<p class=\"paragraph\">\u2013 En toivo kisaa puheenjohtajan pestist\u00e4 SDP:n seuraavassa puoluekokouksessa. Antti Lindtman on onnistunut ty\u00f6ss\u00e4\u00e4n puolueen puheenjohtajana ja onnistunut vakuuttamaan laajat kansanosat siit\u00e4, ett\u00e4 SDP on heid\u00e4n puolellaan. SDP voitti kunta- ja aluevaalit ja kyselyiden mukaan entist\u00e4 useampi kansalainen luottaa demareihin. Puolueella on my\u00f6s uskottava ja toteuttamiskelpoinen vaihtoehto paremmasta huomisesta hallituksen kurjimukselle ja suurty\u00f6tt\u00f6myydelle, toinen vastaaja kommentoi.<\/p>\n<p class=\"paragraph\">P\u00e4invastaisiakin n\u00e4kemyksi\u00e4 on.<\/p>\n<p class=\"paragraph\">\u2013 Toivon, ett\u00e4 puoluejohto vastaisi puolueen linjaa, mik\u00e4 tilanne ei nyt ole. Puolueen johtaja on n\u00e4kym\u00e4t\u00f6n ja n\u00e4kemykset\u00f6n.<\/p>\n<p class=\"paragraph\">\u2013 Minulle mieluisempi oli <strong>Sanna Marinin<\/strong> aika, avoimuus, uudistuminen ja oma linja. Nykyinen johto tuntuu vain varmistelevan, eik\u00e4 omia avauksia juurikaan ole, jopa niill\u00e4, jotka toimivat johdossa my\u00f6s Sannan aikana. Itse toivoisin johtoon muutosta, henkil\u00f6it\u00e4 joilla itsen\u00e4ist\u00e4 ajattelua, omia avauksia ja reilua toimintatapaa.<\/p>\n<p>Lindtmanilla iso etumatka mahdollisiin haastajiin<\/p>\n<p class=\"paragraph\">Iltalehti kysyi SDP-vaikuttajilta my\u00f6s, kenet seuraavista sosialidemokraateista he valitsisivat mieluiten SDP:n puheenjohtajaksi ensi kes\u00e4n puoluekokouksessa, jos kyseiset henkil\u00f6t olisivat ehdolla.<\/p>\n<p class=\"paragraph\">T\u00e4ss\u00e4 Lindtman ker\u00e4\u00e4 ylivoimaisen 69,2 prosentin kannatuksen. Ero toisena tulevaan varapuheenjohtaja <strong>Nasima Razmyariin<\/strong> (10,6 prosenttia) on selke\u00e4.<\/p>\n<p class=\"paragraph\">\u2013 Antti Lindtmanissa on luontaista johtajuutta ja h\u00e4nell\u00e4 kyky muodostaa hallitus, joka saa aikaan k\u00e4\u00e4nteen Suomen taloustilanteeseen oikeudenmukaisesti niin, ett\u00e4 kaikkia kirpaisee, muttei kohtuuttomasti, Varsinais-Suomen sosialidemokraattien 1. varapuheenjohtaja <strong>Antti Kotti<\/strong> Somerolta vastaa kyselyss\u00e4.<\/p>\n<p class=\"paragraph\">SDP on t\u00e4m\u00e4n hetken gallup-ykk\u00f6nen, mutta vaalien tullen tilanne on tupannut tasoittumaan.<\/p>\n<p class=\"paragraph\">Kansanedustaja <a href=\"https:\/\/www.iltalehti.fi\/henkilot\/Timo Suhonen\" class=\"article-link-person-page\" rel=\"nofollow noopener\" target=\"_blank\">Timo Suhonen<\/a> toteaa kyselyn vastauksessaan, ett\u00e4 Lindtman on onnistunut puheenjohtajan teht\u00e4v\u00e4ss\u00e4 erinomaisesti.<\/p>\n<p class=\"paragraph\">\u2013 T\u00e4ss\u00e4 tilanteessa ei siis tarvetta edes pohtia puheenjohtajan vaihtoa, Suhonen jatkaa.<\/p>\n<p class=\"paragraph\">\u2013 Sanna Marin tuskin on asettumassa ehdolle. Nasima Razmyarissa on viisautta, karismaa ja l\u00e4mp\u00f6\u00e4. Todella upea ihminen johtamaan meid\u00e4n kansanliikett\u00e4, er\u00e4s anonyymi vastaaja puolestaan kommentoi.<\/p>\n<p>Kansainv\u00e4list\u00e4 uraa tekev\u00e4ll\u00e4 entisell\u00e4 puheenjohtajalla Sanna Marinilla on vankkaa kannatusta, vaikka h\u00e4n ei ole viestinyt aikeista pyrki\u00e4 takaisin SDP:n johtoon. MATTI MATIKAINEN<\/p>\n<p class=\"paragraph\">Kolmanneksi eniten kannatusta saa entinen p\u00e4\u00e4ministeri ja puheenjohtaja Sanna Marin (7,7 prosenttia).<\/p>\n<p class=\"paragraph\">Seuraavana tulevat varapuheenjohtajat <a href=\"https:\/\/www.iltalehti.fi\/henkilot\/Matias M\u00e4kynen\" class=\"article-link-person-page\" rel=\"nofollow noopener\" target=\"_blank\">Matias M\u00e4kynen<\/a> (4,8 prosenttia) ja <a href=\"https:\/\/www.iltalehti.fi\/henkilot\/Niina Malm\" class=\"article-link-person-page\" rel=\"nofollow noopener\" target=\"_blank\">Niina Malm<\/a> (2,9 prosenttia).<\/p>\n<p>Kaksintaistelut<\/p>\n<p class=\"paragraph\">Iltalehden kyselyss\u00e4 oli my\u00f6s kaksintaistelutilanteet eli kysymykset, joilla selvitettiin, kumpaa kahdesta vaihtoehdosta vastaaja \u00e4\u00e4nest\u00e4isi, jos n\u00e4m\u00e4 kisaisivat puheenjohtajan paikasta.<\/p>\n<p class=\"paragraph\">Alla kyselyn parit ja tulokset:<\/p>\n<p class=\"paragraph\">Antti Lindtman 89,1 % vs. Eveliina Hein\u00e4luoma 10,9 %<\/p>\n<p class=\"paragraph\">Antti Lindtman 78,6 % vs. Nasima Razmyar 21,4 %<\/p>\n<p class=\"paragraph\">Antti Lindtman 76,8 % vs. Sanna Marin 23,2 %<\/p>\n<p class=\"paragraph\">Eveliina Hein\u00e4luoma 52,1 % vs. Nasima Razmyar 47,9 %<\/p>\n<p class=\"paragraph\">Parhaiten Lindtmania haastaisi t\u00e4ll\u00e4 hetkell\u00e4 entinen puheenjohtaja Sanna Marin, joka tosin ei ole haikaillut takaisin SDP:n puikkoihin.<\/p>\n<p>\u201dJos vaaleissa tulee kunnolla pataan\u201d<\/p>\n<p class=\"paragraph\">Kyselyss\u00e4 oli my\u00f6s seuraava v\u00e4ite: jos SDP ei ole kev\u00e4\u00e4n 2027 eduskuntavaaleissa suurin puolue, toivon puolueen puheenjohtajan vaihtuvan ylim\u00e4\u00e4r\u00e4isess\u00e4 puoluekokouksessa vuoden 2027 aikana.<\/p>\n<p class=\"paragraph\">T\u00e4llaisessa tilanteessa 79,6 prosenttia ei laittaisi Lindtmania vaihtoon. Sen sijaan reilu viidennes vastanneista lemppaisi h\u00e4net, jos vaaleissa ei tulla ykk\u00f6sen\u00e4 maaliin.<\/p>\n<p class=\"paragraph\">\u2013 Kyll\u00e4h\u00e4n tapana on, ett\u00e4 jos vaaleissa tulee kunnolla pataan, puheenjohtaja vet\u00e4\u00e4 omat johtop\u00e4\u00e4t\u00f6ksens\u00e4. Tosin silloin kyll\u00e4 pit\u00e4\u00e4 kaikkien mietti\u00e4, ett\u00e4 miss\u00e4 meni pieleen, anonyymi vastaaja kuittaa.<\/p>\n<p>Kuka on Lindtmanin seuraaja?<\/p>\n<p class=\"paragraph\">Kyselyss\u00e4 selvitettiin my\u00f6s, kenet vastaajat n\u00e4kisiv\u00e4t puolueen puheenjohtajana, kun Lindtmanin aikakausi joskus p\u00e4\u00e4ttyy.<\/p>\n<p>Moni n\u00e4kisi varapuheenjohtaja, kansanedustaja Nasima Razmyarin hyv\u00e4n\u00e4 valintana Antti Lindtmanin seuraajaksi. Jenni G\u00e4stgivar<\/p>\n<p class=\"paragraph\">Annetuista vaihtoehdoista sai valikoida enint\u00e4\u00e4n kolme mieluisinta ehdokasta.<\/p>\n<p class=\"paragraph\">K\u00e4rkiviisikon j\u00e4rjestys on seuraava:<\/p>\n<p class=\"paragraph\">SDP:n varapuheenjohtaja Nasima Razmyar 38,4 %<\/p>\n<p class=\"paragraph\">Kansanedustaja Eveliina Hein\u00e4luoma 33,3 %<\/p>\n<p class=\"paragraph\">Varapuheenjohtaja Matias M\u00e4kynen 29,3 %<\/p>\n<p class=\"paragraph\">Entinen puheenjohtaja Sanna Marin 23,2 %<\/p>\n<p class=\"paragraph\">Varapuheenjohtaja Niina Malm 22,2 %<\/p>\n<p class=\"paragraph\">\u2013 Matias on lahjakas ja rohkea, <a href=\"https:\/\/www.iltalehti.fi\/henkilot\/Tytti Tuppurainen\" class=\"article-link-person-page\" rel=\"nofollow noopener\" target=\"_blank\">Tytti [Tuppurainen]<\/a> osaava, taitava ja m\u00e4\u00e4r\u00e4tietoinen ja Niina on j\u00e4mer\u00e4 oikeudenmukaisuuden puolustaja, er\u00e4s vastaaja kommentoi.<\/p>\n<p class=\"paragraph\">\u2013 <a href=\"https:\/\/www.iltalehti.fi\/henkilot\/Krista Kiuru\" class=\"article-link-person-page\" rel=\"nofollow noopener\" target=\"_blank\">Krista [Kiuru]<\/a> edustaa perinteisemp\u00e4\u00e4 demarilinjaa. Lindtman on turhan oikealla, sanoo toinen.<\/p>\n<p class=\"paragraph\">IL-kyselyn vastaajat ovat SDP:n puoluehallituksen, puoluevaltuuston ja piirihallitusten j\u00e4seni\u00e4 sek\u00e4 paikallisyhdistysten puheenjohtajia ja varapuheenjohtajia.<\/p>\n<p class=\"paragraph\">Kyselyyn vastasi 104 vaikuttajaa. Moni vastaajista k\u00e4ytt\u00e4\u00e4 valtaa my\u00f6s SDP:n puoluekokouksessa. Vastausprosentti kohosi 38:aan.<\/p>\n<p class=\"paragraph\">Kysely l\u00e4hetettiin 274 SDP:n vaikuttajalle.<\/p>\n","protected":false},"excerpt":{"rendered":"Iltalehden kyselyst\u00e4 SDP:n vaikuttajille selvi\u00e4\u00e4, ett\u00e4 puheenjohtaja Antti Lindtmanin asema on t\u00e4ll\u00e4 hetkell\u00e4 hyvin vahva. SDP kokoontuu ensi&hellip;\n","protected":false},"author":2,"featured_media":109922,"comment_status":"","ping_status":"","sticky":false,"template":"","format":"standard","meta":{"footnotes":""},"categories":[12],"tags":[35,22,23,26,27,33,31,30,17,24,25,28,29,15,18,21,637,886,888,885,887,32,19,20,16],"class_list":{"0":"post-109921","1":"post","2":"type-post","3":"status-publish","4":"format-standard","5":"has-post-thumbnail","7":"category-suomi","8":"tag-24h","9":"tag-breaking-news","10":"tag-breakingnews","11":"tag-featured-news","12":"tag-featurednews","13":"tag-fi","14":"tag-finland","15":"tag-finnish","16":"tag-headlines","17":"tag-latest-news","18":"tag-latestnews","19":"tag-main-news","20":"tag-mainnews","21":"tag-news","22":"tag-otsikot","23":"tag-paauutiset","24":"tag-politiikka","25":"tag-puolueet","26":"tag-suomalaiset-poliitikot","27":"tag-suomen-poliittiset-puolueet","28":"tag-suomen-politiikka","29":"tag-suomi","30":"tag-top-stories","31":"tag-topstories","32":"tag-uutiset"},"share_on_mastodon":{"url":"https:\/\/pubeurope.com\/@fi\/115677372392197567","error":""},"_links":{"self":[{"href":"https:\/\/www.europesays.com\/fi\/wp-json\/wp\/v2\/posts\/109921","targetHints":{"allow":["GET"]}}],"collection":[{"href":"https:\/\/www.europesays.com\/fi\/wp-json\/wp\/v2\/posts"}],"about":[{"href":"https:\/\/www.europesays.com\/fi\/wp-json\/wp\/v2\/types\/post"}],"author":[{"embeddable":true,"href":"https:\/\/www.europesays.com\/fi\/wp-json\/wp\/v2\/users\/2"}],"replies":[{"embeddable":true,"href":"https:\/\/www.europesays.com\/fi\/wp-json\/wp\/v2\/comments?post=109921"}],"version-history":[{"count":0,"href":"https:\/\/www.europesays.com\/fi\/wp-json\/wp\/v2\/posts\/109921\/revisions"}],"wp:featuredmedia":[{"embeddable":true,"href":"https:\/\/www.europesays.com\/fi\/wp-json\/wp\/v2\/media\/109922"}],"wp:attachment":[{"href":"https:\/\/www.europesays.com\/fi\/wp-json\/wp\/v2\/media?parent=109921"}],"wp:term":[{"taxonomy":"category","embeddable":true,"href":"https:\/\/www.europesays.com\/fi\/wp-json\/wp\/v2\/categories?post=109921"},{"taxonomy":"post_tag","embeddable":true,"href":"https:\/\/www.europesays.com\/fi\/wp-json\/wp\/v2\/tags?post=109921"}],"curies":[{"name":"wp","href":"https:\/\/api.w.org\/{rel}","templated":true}]}}