{"id":109947,"date":"2025-12-07T09:22:10","date_gmt":"2025-12-07T09:22:10","guid":{"rendered":"https:\/\/www.europesays.com\/fi\/109947\/"},"modified":"2025-12-07T09:22:10","modified_gmt":"2025-12-07T09:22:10","slug":"nain-laulaja-marion-rungista-tuli-tahti-ujo-tytto-josta-piti-tulla-kampaaja","status":"publish","type":"post","link":"https:\/\/www.europesays.com\/fi\/109947\/","title":{"rendered":"N\u00e4in laulaja Marion Rungista tuli t\u00e4hti: Ujo tytt\u00f6, josta piti tulla kampaaja"},"content":{"rendered":"<p class=\"article-content article-content-width !bg-background\"> ei muista itse olleensa erityisen innostunut, kun  alkoi puhua iskelm\u00e4laulun SM-kisoihin osallistumisesta vuonna 1961. V\u00e4re<br \/>\noli Kipparikvartetin kakkostenori ja perhetuttu, jonka luona Marion oli k\u00e4ynyt<br \/>\nlaulutunneilla.<\/p>\n<p class=\"article-content article-content-width !bg-background\">\u2013\u2009En ole ollut se lapsi, joka nousee<br \/>\nkolmevuotiaana seisomaan ja esiintyy kaikille. Olen periaatteessa hyvin ujo,<br \/>\nsis\u00e4\u00e4np\u00e4in k\u00e4\u00e4ntynytkin osin. En oikeastaan tajunnut silloin, mist\u00e4 oli kyse.<br \/>\nOlin 14 tai 15, ja hyvin naiivi ja lapsellinen viel\u00e4. Ajattelin, ett\u00e4 okei,<br \/>\nt\u00e4m\u00e4 voi olla kiva ilta, Marion kertaa.<\/p>\n<p>                <img decoding=\"async\" src=\"https:\/\/www.europesays.com\/fi\/wp-content\/uploads\/2025\/12\/2004465.webp\" width=\"576\" height=\"639\" alt=\"Marion kertoo olleensa ujo lapsi.\" loading=\"lazy\" \/>            <\/p>\n<p>\n            Marion kertoo olleensa ujo lapsi.<br \/>\n            Marionin kotialbumi\n        <\/p>\n<p class=\"article-content article-content-width !bg-background\">Joulukuun 7. p\u00e4iv\u00e4n\u00e4 80 vuotta t\u00e4ytt\u00e4v\u00e4n Marionin \u00e4iti oli esiintynyt laulajana, mutta \u00e4idin ja tytt\u00e4ren<br \/>\nyhteinen esiintyminen Helsingin juutalaisen yhteiskoulun juhlassa oli j\u00e4\u00e4nyt Marionin mieleen siksi, ettei h\u00e4n uskaltanut nostaa katsettaan lattiasta<br \/>\nyleis\u00f6\u00f6n.<\/p>\n<p class=\"article-content article-content-width !bg-background\">\u2013\u2009\u00c4itini oli toista maata. H\u00e4n esiintyi mielell\u00e4\u00e4n<br \/>\nja otti yleis\u00f6n hienosti. J\u00e4lkeenp\u00e4in olen kuullut, ett\u00e4 monet \u00e4idin yst\u00e4v\u00e4t<br \/>\nihmetteliv\u00e4t, miten minusta tuli esiintyj\u00e4.<\/p>\n<p>Ensilevytys kertoi BB:st\u00e4<\/p>\n<p class=\"article-content article-content-width !bg-background\">Mutta niin vain Marion sijoittui iskelm\u00e4laulun SM-kisoissa toiseksi<br \/>\nja sai ensimm\u00e4isen levytyssopimuksensa. Ensilevytys oli ajan suuren<br \/>\nelokuvat\u00e4hden nime\u00e4 kantanut single Brigitte Bardot.<\/p>\n<p class=\"article-content article-content-width !bg-background\">Seuraavana vuonna Marion l\u00e4hti 16-vuotiaan uteliaisuudella<br \/>\nedustamaan Suomea Euroviisuihin kappaleella Tipi-tii.<\/p>\n<p>                <img decoding=\"async\" src=\"https:\/\/www.europesays.com\/fi\/wp-content\/uploads\/2025\/12\/2004503.webp\" width=\"576\" height=\"480\" alt=\"Marion l\u00e4hti 16-vuotiaana Luxemburgiin euroviisumatkalle ja menestyi hienosti Tipi-tiill\u00e4\u00e4n.\" loading=\"lazy\" \/>            <\/p>\n<p>\n            Marion l\u00e4hti 16-vuotiaana Luxemburgiin euroviisumatkalle ja menestyi hienosti Tipi-tiill\u00e4\u00e4n.<br \/>\n            Museovirasto\n        <\/p>\n<p class=\"article-content article-content-width !bg-background\">\u2013\u2009L\u00e4hdin samanlaisella fiiliksell\u00e4 kuin vuotta<br \/>\naiemmin iskelm\u00e4laulun SM-kisoihin, ett\u00e4 t\u00e4m\u00e4 on varmaan kiva matka ja kokemus, Marion\u00a0 muistelee.<\/p>\n<p class=\"article-content article-content-width !bg-background\">Marion lauloi Suomen seitsem\u00e4nneksi. Se poiki esiintymisi\u00e4 ja<br \/>\njulkisuutta. Neuvoteltuaan vanhempiensa kanssa nuori laulaja j\u00e4tti harjoittelijan<br \/>\npaikkansa Helsingin Fredrikinkadulla sijainneessa kampaamossa.<\/p>\n<p>                <img decoding=\"async\" src=\"https:\/\/www.europesays.com\/fi\/wp-content\/uploads\/2025\/12\/2004484.webp\" width=\"576\" height=\"605\" alt=\"Marion opiskeli kampaajaksi, mutta kohtalo p\u00e4\u00e4tti valitsi toisen uran.\" loading=\"lazy\" \/>            <\/p>\n<p>\n            Marion opiskeli kampaajaksi, mutta kohtalo p\u00e4\u00e4tti valitsi toisen uran.<br \/>\n            Museovirasto\n        <\/p>\n<p class=\"article-content article-content-width !bg-background\">\u2013\u2009Siihen aikaan kukaan ei ajatellut, ett\u00e4<br \/>\nlaulamisella voisi el\u00e4tt\u00e4\u00e4 itsens\u00e4, vaan oli itsest\u00e4\u00e4n selv\u00e4\u00e4, ett\u00e4 piti olla<br \/>\nammatti. Sill\u00e4 tiell\u00e4 olen.<\/p>\n<p class=\"article-content article-content-width !bg-background\">\u2013\u2009Minut on ik\u00e4\u00e4n kuin nostettu t\u00e4lle polulle. Kuin<br \/>\njokin korkeampi voima olisi sen tehnyt ja sanonut: t\u00e4m\u00e4 on sinun polkusi. En<br \/>\nolisi varmaankaan valinnut t\u00e4t\u00e4, koska luonteeni ei ollut esiintyj\u00e4n luonne.<br \/>\nTietenkin luonne on ajan mittaan muuttunut, mutta se ujo ja vet\u00e4ytyv\u00e4 puoli<br \/>\nminussa on edelleen.<\/p>\n<p class=\"article-content article-content-width !bg-background\">\u2013\u2009En ole uskonnollinen, mutta uskon johonkin<br \/>\nkorkeampaan voimaan.<\/p>\n<p>&#8221;Min\u00e4 selvi\u00e4n&#8221;<\/p>\n<p class=\"article-content article-content-width !bg-background\">Marionin musiikkiteatteriesiintymiset alkoivat 1960-luvun puolimaissa. H\u00e4n aloitti my\u00f6s<br \/>\nravintolashow&#8217;t ensimm\u00e4isten suomalaislaulajien joukossa. Ensimm\u00e4inen oma<br \/>\nravintolashow oli vuoden 1968 Marion on onnellinen.<\/p>\n<p class=\"article-content article-content-width !bg-background\">\u2013\u2009En ole ikin\u00e4 pel\u00e4nnyt hyp\u00e4t\u00e4 oman laatikkoni<br \/>\nulkopuolelle. Vasta kotona olen alkanut mietti\u00e4, osaanko ja pystynk\u00f6. Omasta<br \/>\nmielest\u00e4ni tietenkin pystyn, siksi t\u00e4n\u00e4kin p\u00e4iv\u00e4n\u00e4 olen t\u00e4ss\u00e4. Se on sis\u00e4syntyinen<br \/>\nasenteeni, ett\u00e4 min\u00e4 selvi\u00e4n.<\/p>\n<p class=\"article-content article-content-width !bg-background\">Kokemukset isoilta lavoilta ja isojen orkesterien kanssa kantoivat<br \/>\nhedelm\u00e4\u00e4 1970-luvulla. Vuonna 1973 Rung oli toisen kerran Suomen edustaja<br \/>\nEuroviisuissa ja sijoittui kuudenneksi  kappaleella Tom tom tom.<\/p>\n<p class=\"article-content article-content-width !bg-background\">Seuraavana vuonna h\u00e4n voitti Sopotin laulufestivaalikisan, mik\u00e4<br \/>\npoiki usean vuoden yhteisty\u00f6n saksalaisen tuottajan Gerd Thumserin kanssa.<\/p>\n<p class=\"article-content article-content-width !bg-background\">Marion levytti useita saksankielisi\u00e4 iskelmi\u00e4 Keski-Euroopan<br \/>\nmarkkinoille, kenties tunnetuimpana El Bimbon. Samaan aikaan l\u00e4pi 1970-luvun<br \/>\nh\u00e4n takoi kultalevyn toisensa per\u00e4\u00e4n Suomessa.<\/p>\n<p>        <a itemprop=\"url\" href=\"https:\/\/www.seiska.fi\/katso\/marion-rung-79-avoimena-suhdestatuksestaan\/1992997\" rel=\"nofollow noopener\" target=\"_blank\"><\/p>\n<p>\nKolme avioeroa takana\n<\/p>\n<p class=\"section-date\">\n        <strong class=\"article-section\" data-section=\"katso\"><br \/>\n            katso<br \/>\n        <\/strong><br \/>\n        18.11. 06:15\n    <\/p>\n<p>Marion Rung, 79, avoimena suhdestatuksestaan\n    <\/p>\n<p itemprop=\"description\" class=\"subtitle \">\n    Marion Rung vastaa auliisti seurustelu-uteluihin Vain el\u00e4m\u00e4\u00e4 -ohjelmassa.\n<\/p>\n<p>        <\/a><\/p>\n<p class=\"article-content article-content-width !bg-background\">\u2013\u2009Se oli maailman ihaninta, mutta en ajatellut<br \/>\nniin. Minun annettiin ymm\u00e4rt\u00e4\u00e4, ett\u00e4 olisit t\u00e4\u00e4ll\u00e4 Saksassa enemm\u00e4n, ett\u00e4<br \/>\nvoisimme rakentaa t\u00e4t\u00e4 uraa lis\u00e4\u00e4. En taaskaan haaveillut, ett\u00e4 minusta voisi<br \/>\ntulla iso t\u00e4hti siell\u00e4. En ole koskaan ajatellut niin.<\/p>\n<p class=\"article-content article-content-width !bg-background\">Vuosikymmen vaihduttua 1980-luvuksi Marion voitti it\u00e4blokin<br \/>\nEuroviisujen vastineeksi j\u00e4rjest\u00e4m\u00e4t viimeiset Intervision laulukilpailut<br \/>\nPuolan Sopotissa. Kappale oli  s\u00e4velt\u00e4m\u00e4 ja sanoittama Hyv\u00e4sti<br \/>\ny\u00f6.<\/p>\n<p>                <img decoding=\"async\" src=\"https:\/\/www.europesays.com\/fi\/wp-content\/uploads\/2025\/12\/2004507.webp\" width=\"576\" height=\"725\" alt=\"Marion on menestyineimpi\u00e4 artistejamme Euroopassa. Erityisesti Saksassa h\u00e4n oli eritt\u00e4in suosittu artisti, koska lauloi my\u00f6s saksaksi.\" loading=\"lazy\" \/>            <\/p>\n<p>\n            Marion on menestyineimpi\u00e4 artistejamme Euroopassa. Erityisesti Saksassa h\u00e4n oli eritt\u00e4in suosittu artisti, koska lauloi my\u00f6s saksaksi.<br \/>\n            Museovirasto\n        <\/p>\n<p class=\"article-content article-content-width !bg-background\">\u2013\u2009Se on yksi suosikeistani, mahtava laulu, l\u00e4mminhenkinen<br \/>\nja toivoa antava. Kerran jossakin maaseudulla nuori tytt\u00f6 tuli keikan j\u00e4lkeen<br \/>\nsanomaan, ett\u00e4 h\u00e4n pelastui itsemurhalta kuuntelemalla Hyv\u00e4sti y\u00f6t\u00e4.<\/p>\n<p class=\"article-content article-content-width !bg-background\">1980-luvun alussa Marion sai tytt\u00e4ren, mutta pian sen j\u00e4lkeen<br \/>\nalkoivat vaikeat vuodet. H\u00e4n j\u00e4i avioeron j\u00e4lkeen yksinhuoltajaksi.<\/p>\n<p class=\"article-content article-content-width !bg-background\">\u2013\u2009El\u00e4m\u00e4ss\u00e4 oli kaikenlaista turbulenssia. Olin<br \/>\nhuonossa hapessa ja k\u00e4vin terapiassa viitisen vuotta.<\/p>\n<p>        <a itemprop=\"url\" href=\"https:\/\/www.seiska.fi\/kotimaa\/marion-rung-77-jatettiin-kylmasti-avautuu-sinkkuudestaan-seiskalle\/1126216\" rel=\"nofollow noopener\" target=\"_blank\"><\/p>\n<p class=\"section-date\">\n        <strong class=\"article-section\" data-section=\"kotimaa\"><br \/>\n            kotimaa<br \/>\n        <\/strong><br \/>\n        31.8.2023 14:30\n    <\/p>\n<p>Marion Rung, 77, j\u00e4tettiin kylm\u00e4sti! Avautuu sinkkuudestaan Seiskalle\n    <\/p>\n<p itemprop=\"description\" class=\"subtitle \">\n    11 vuoden avioliitto lensi romukoppaan, kun Marionin ex-managerimies Kalle Munck teki kylm\u00e4nviile\u00e4n peliliikkeen.\n<\/p>\n<p>        <\/a><\/p>\n<p class=\"article-content article-content-width !bg-background\">Sitten tuli 1990-luvun alun lama, ja ty\u00f6t v\u00e4heniv\u00e4t. Marion p\u00e4\u00e4tti<br \/>\nalkaa opiskella uutta ammattia. Musiikkiterapeutin opintoihin ei ollut asiaa<br \/>\nilman ylioppilastutkintoa, mutta taideterapeutin opinnot h\u00e4n ehti aloittaa.<\/p>\n<p class=\"article-content article-content-width !bg-background\">Sitten h\u00e4n sai levytett\u00e4v\u00e4kseen uuden albumin: Nuo silm\u00e4t.<\/p>\n<p class=\"article-content article-content-width !bg-background\">\u2013\u2009Se myi melkein kultaa ja muutti kaiken. Olen<br \/>\nkiitollinen siit\u00e4.<\/p>\n<p>&#8221;Olen todella kiitollinen&#8221;<\/p>\n<p class=\"article-content article-content-width !bg-background\">Vuosituhannen vaihteessa Marion yhdisti voimansa kolmen kollegansa \u2013<br \/>\n,  ja  \u2013 kanssa menestyksekk\u00e4\u00e4ll\u00e4<br \/>\nLeidit lavalla -kiertueella.<\/p>\n<p class=\"article-content article-content-width !bg-background\">\u2013\u2009Se oli yksi ihanimpia aikoja urallani. Kaikki<br \/>\nsiin\u00e4 oli ihanaa. Oli mahtavaa tehd\u00e4 yhdess\u00e4, ja meill\u00e4 oli mahtavia<br \/>\nkeskusteluja. Olen aina tyk\u00e4nnyt tehd\u00e4 ryhm\u00e4ss\u00e4 t\u00f6it\u00e4.<\/p>\n<p class=\"article-content article-content-width !bg-background\">Kun ik\u00e4toveri Katri Helena t\u00e4m\u00e4n vuoden elokuussa hyv\u00e4steli<br \/>\nj\u00e4\u00e4hyv\u00e4iskonsertissaan yleis\u00f6n Olympiastadionilla, Marion istui yleis\u00f6n joukossa.<\/p>\n<p class=\"article-content article-content-width !bg-background\">\u2013\u2009Se oli ihanaa. Nautin tosi paljon.<\/p>\n<p class=\"article-content article-content-width !bg-background\">Marion itse ei ole viel\u00e4 j\u00e4tt\u00e4m\u00e4ss\u00e4 j\u00e4\u00e4hyv\u00e4isi\u00e4, vaan l\u00e4htee ensi kev\u00e4\u00e4n\u00e4<br \/>\nkymmenen konsertin kiertueelle. Kiertueen nimi kertoo ehk\u00e4 laulajan tunnelmista:<br \/>\nEl\u00e4m\u00e4lle kiitos!<\/p>\n<p class=\"article-content article-content-width !bg-background\">Vanhimpia levytt\u00e4mi\u00e4\u00e4n kappaleita h\u00e4n on esitt\u00e4nyt jo yli 60<br \/>\nvuotta, mutta ne eiv\u00e4t kyll\u00e4styt\u00e4.<\/p>\n<p>                <img decoding=\"async\" src=\"https:\/\/www.europesays.com\/fi\/wp-content\/uploads\/2025\/12\/2004522.webp\" width=\"576\" height=\"274\" alt=\"Marion on loistava poseeraaja. Kuva vuodelta 1971.\" loading=\"lazy\" \/>            <\/p>\n<p>\n            Marion on loistava poseeraaja. Kuva vuodelta 1971.<br \/>\n            Museovirasto\n        <\/p>\n<p class=\"article-content article-content-width !bg-background\">\u2013\u2009Rakastan kaikkia n\u00e4it\u00e4 lauluja, joita esit\u00e4n.<br \/>\nSuhteeni niihin on vain syventynyt, enk\u00e4 koskaan ole ajatellut, ett\u00e4<br \/>\nhoh-hohhoijaa, en jaksa n\u00e4it\u00e4 samoja. Ne laulut ovat voimavarani ja antaneet<br \/>\nminulle mahdollisuuden esiinty\u00e4 viel\u00e4 t\u00e4n\u00e4kin p\u00e4iv\u00e4n\u00e4. Olen todella<br \/>\nkiitollinen.<\/p>\n<p>        <a itemprop=\"url\" href=\"https:\/\/www.seiska.fi\/kotimaa\/mika-yhdennakoisyys-iskelmalegenda-marion-rung-jakaa-ilot-ja-surut-managerinsa-kanssa\/1178369\" rel=\"nofollow noopener\" target=\"_blank\"><\/p>\n<p class=\"section-date\">\n        <strong class=\"article-section\" data-section=\"kotimaa\"><br \/>\n            kotimaa<br \/>\n        <\/strong><br \/>\n        31.10.2023 17:01\n    <\/p>\n<p>Mik\u00e4 yhdenn\u00e4k\u00f6isyys! Iskelm\u00e4legenda Marion Rung jakaa ilot ja surut managerinsa kanssa\n    <\/p>\n<p itemprop=\"description\" class=\"subtitle \">\n    Iskelm\u00e4legenda ja manageri ovat sek\u00e4 samann\u00e4k\u00f6isi\u00e4 ett\u00e4 samanhenkisi\u00e4. El\u00e4m\u00e4niloinen kaksikko jakaa ilot ja surut.\n<\/p>\n<p>        <\/a><\/p>\n","protected":false},"excerpt":{"rendered":"ei muista itse olleensa erityisen innostunut, kun alkoi puhua iskelm\u00e4laulun SM-kisoihin osallistumisesta vuonna 1961. V\u00e4re oli Kipparikvartetin kakkostenori&hellip;\n","protected":false},"author":2,"featured_media":109948,"comment_status":"","ping_status":"","sticky":false,"template":"","format":"standard","meta":{"footnotes":""},"categories":[130],"tags":[20488,15772,137,909,33,31,30,20487,20486,20485,1034,20490,32,20489,109],"class_list":{"0":"post-109947","1":"post","2":"type-post","3":"status-publish","4":"format-standard","5":"has-post-thumbnail","7":"category-viihde","8":"tag-1960-luku","9":"tag-80-vuotta","10":"tag-entertainment","11":"tag-euroviisut","12":"tag-fi","13":"tag-finland","14":"tag-finnish","15":"tag-hyvasti-yo","16":"tag-iskelmalaulu","17":"tag-leidit-lavalla","18":"tag-marion-rung","19":"tag-sopot","20":"tag-suomi","21":"tag-tipi-tii","22":"tag-viihde"},"share_on_mastodon":{"url":"https:\/\/pubeurope.com\/@fi\/115677557523273177","error":""},"_links":{"self":[{"href":"https:\/\/www.europesays.com\/fi\/wp-json\/wp\/v2\/posts\/109947","targetHints":{"allow":["GET"]}}],"collection":[{"href":"https:\/\/www.europesays.com\/fi\/wp-json\/wp\/v2\/posts"}],"about":[{"href":"https:\/\/www.europesays.com\/fi\/wp-json\/wp\/v2\/types\/post"}],"author":[{"embeddable":true,"href":"https:\/\/www.europesays.com\/fi\/wp-json\/wp\/v2\/users\/2"}],"replies":[{"embeddable":true,"href":"https:\/\/www.europesays.com\/fi\/wp-json\/wp\/v2\/comments?post=109947"}],"version-history":[{"count":0,"href":"https:\/\/www.europesays.com\/fi\/wp-json\/wp\/v2\/posts\/109947\/revisions"}],"wp:featuredmedia":[{"embeddable":true,"href":"https:\/\/www.europesays.com\/fi\/wp-json\/wp\/v2\/media\/109948"}],"wp:attachment":[{"href":"https:\/\/www.europesays.com\/fi\/wp-json\/wp\/v2\/media?parent=109947"}],"wp:term":[{"taxonomy":"category","embeddable":true,"href":"https:\/\/www.europesays.com\/fi\/wp-json\/wp\/v2\/categories?post=109947"},{"taxonomy":"post_tag","embeddable":true,"href":"https:\/\/www.europesays.com\/fi\/wp-json\/wp\/v2\/tags?post=109947"}],"curies":[{"name":"wp","href":"https:\/\/api.w.org\/{rel}","templated":true}]}}