{"id":109951,"date":"2025-12-07T09:26:07","date_gmt":"2025-12-07T09:26:07","guid":{"rendered":"https:\/\/www.europesays.com\/fi\/109951\/"},"modified":"2025-12-07T09:26:07","modified_gmt":"2025-12-07T09:26:07","slug":"nain-asiantuntija-kommentoi-stubbin-ukraina-lausuntoa","status":"publish","type":"post","link":"https:\/\/www.europesays.com\/fi\/109951\/","title":{"rendered":"N\u00e4in asiantuntija kommentoi Stubbin Ukraina-lausuntoa"},"content":{"rendered":"<p>Ukrainan sodan rauhanneuvotteluissa ei ole toistaiseksi saavutettu l\u00e4pimurtoja. Asiantuntija uskoo, ett\u00e4 edess\u00e4 on vaikeiden kompromissien tie.<\/p>\n<p>Risto E.J. Penttil\u00e4: Ukrainalla on edess\u00e4\u00e4n vaikeita kompromisseja.Video: ISTV<\/p>\n<p class=\"article-body mb-nof-24 px-nof-16\">Ukraina joutuu tekem\u00e4\u00e4n kipeit\u00e4 kompromisseja rauhan saavuttamiseksi, arvioi kansainv\u00e4lisen politiikan asiantuntija <a class=\"article-personlink\" href=\"https:\/\/www.is.fi\/haku\/?query=Risto%20E.J.%20Penttil%C3%A4\" rel=\"nofollow noopener\" target=\"_blank\">Risto E.J. Penttil\u00e4<\/a>.<\/p>\n<p class=\"article-body mb-nof-24 px-nof-16\">Penttil\u00e4n mukaan kompromissit voisivat koskea alueluovutuksia tai mahdollisia muita rajoituksia esimerkiksi Ukrainan Nato-j\u00e4senyyden tai asej\u00e4rjestelmien rajoitusten suhteen.<\/p>\n<p class=\"article-body mb-nof-24 px-nof-16\">Ven\u00e4j\u00e4n mukaan erityisesti Ukrainan Nato-suhde on yh\u00e4 ratkaisematon ongelmakohta rauhanneuvotteluissa. Ven\u00e4j\u00e4 on my\u00f6s sit\u00e4 mielt\u00e4, ett\u00e4 sen viimeaikainen menestys taistelukentill\u00e4 on vahvistanut maan neuvotteluasemaa.<\/p>\n<p class=\"article-body mb-nof-24 px-nof-16\">\u2013 N\u00e4m\u00e4h\u00e4n eiv\u00e4t ole oikeudenmukaisia siin\u00e4 mieless\u00e4, ett\u00e4 Ukraina ei t\u00e4t\u00e4 sotaa aloittanut ja kuitenkin joutuu nyt tyytym\u00e4\u00e4n muiden sanelemiin ehtoihin kuten Suomi vuonna 1944, Penttil\u00e4 kommentoi ISTV:n Ukraina-studiossa torstaina.<\/p>\n<p class=\"article-body mb-nof-24 px-nof-16\">Ukrainan sodan rauhanneuvotteluissa ei ole toistaiseksi saavutettu l\u00e4pimurtoja. Yhdysvaltain presidentin <a class=\"article-personlink\" href=\"https:\/\/www.is.fi\/haku\/?query=Donald%20Trumpin\" rel=\"nofollow noopener\" target=\"_blank\">Donald Trumpin<\/a> hallinto on yritt\u00e4nyt maalata neuvottelujen tilanteesta valoisampaa kuvaa kuin Ven\u00e4j\u00e4, joka on ilmaissut, ettei Yhdysvaltain rauhansuunnitelma nykyisess\u00e4 muodossaan kelpaa sille.<\/p>\n<p class=\"article-body mb-nof-24 px-nof-16\">Penttil\u00e4n mukaan tasavallan presidentti <a class=\"article-personlink\" href=\"https:\/\/www.is.fi\/haku\/?query=Alexander%20Stubbin\" rel=\"nofollow noopener\" target=\"_blank\">Alexander Stubbin<\/a> keskiviikkona antama <a class=\"article-genericlink\" href=\"https:\/\/www.is.fi\/politiikka\/art-2000011668236.html\" rel=\"nofollow noopener\" target=\"_blank\">varoitus<\/a> suomalaisille oli oikeansuuntainen arvio nykytilanteesta ja siit\u00e4, mihin Euroopan ja Ukrainan on tulevaisuudessa valmistauduttava.<\/p>\n<p class=\"article-body mb-nof-24 px-nof-16\">Stubbin mukaan Ukrainan sodassa t\u00e4ytyy varautua rauhaan, joka ei tunnu t\u00e4ysin oikeudenmukaiselta.<\/p>\n<p class=\"article-body mb-nof-24 px-nof-16\">\u2013\u2009Luulen, ett\u00e4 t\u00e4m\u00e4 rauha tulee lopulta olemaan kompromissi, ja sen hyv\u00e4ksyminen tulee olemaan monelle meist\u00e4 vaikeaa, Stubb sanoi rauhanv\u00e4litysj\u00e4rjest\u00f6 CMI:n 25-vuotisjuhla\u00adtilaisuudessa Helsingin Finlandia-talolla keskiviikkona.<\/p>\n<p class=\"article-body mb-nof-24 px-nof-16\">Stubbin mukaan mahdollisen kompromissin hyv\u00e4ksyminen tulee olemaan viel\u00e4 vaikeampaa ukrainalaisille.<\/p>\n<p class=\"article-body mb-nof-24 px-nof-16\">\u2013\u2009Siksi meid\u00e4n p\u00e4\u00e4teht\u00e4v\u00e4mme juuri nyt on tukea Ukrainaa, mink\u00e4 tahansa p\u00e4\u00e4t\u00f6ksen he tekev\u00e4tk\u00e4\u00e4n, Stubb sanoi tilaisuudessa.<\/p>\n<p class=\"article-body mb-nof-24 px-nof-16\">Penttil\u00e4 uskoo Stubbin arvioon ellei yll\u00e4tt\u00e4vi\u00e4 k\u00e4\u00e4nteit\u00e4 rauhanneuvotteluissa tapahdu.<\/p>\n<p class=\"article-body mb-nof-24 px-nof-16\">\u2013 T\u00e4ll\u00e4 hetkell\u00e4 ollaan menossa kohti sellaista rauhaa, joka on huono rauha Ukrainan kannalta, mutta parempi kuin viel\u00e4 huonommat vaihtoehdot, Penttil\u00e4 kiteytti.<\/p>\n","protected":false},"excerpt":{"rendered":"Ukrainan sodan rauhanneuvotteluissa ei ole toistaiseksi saavutettu l\u00e4pimurtoja. Asiantuntija uskoo, ett\u00e4 edess\u00e4 on vaikeiden kompromissien tie. Risto E.J.&hellip;\n","protected":false},"author":2,"featured_media":109952,"comment_status":"","ping_status":"","sticky":false,"template":"","format":"standard","meta":{"footnotes":""},"categories":[14],"tags":[22,23,26,27,33,31,30,17,34,24,25,28,29,15,18,21,32,19,20,56,16,59,60,61],"class_list":{"0":"post-109951","1":"post","2":"type-post","3":"status-publish","4":"format-standard","5":"has-post-thumbnail","7":"category-ulkomaat","8":"tag-breaking-news","9":"tag-breakingnews","10":"tag-featured-news","11":"tag-featurednews","12":"tag-fi","13":"tag-finland","14":"tag-finnish","15":"tag-headlines","16":"tag-ilta-sanomat","17":"tag-latest-news","18":"tag-latestnews","19":"tag-main-news","20":"tag-mainnews","21":"tag-news","22":"tag-otsikot","23":"tag-paauutiset","24":"tag-suomi","25":"tag-top-stories","26":"tag-topstories","27":"tag-ulkomaat","28":"tag-uutiset","29":"tag-world","30":"tag-world-news","31":"tag-worldnews"},"share_on_mastodon":{"url":"https:\/\/pubeurope.com\/@fi\/115677572964651600","error":""},"_links":{"self":[{"href":"https:\/\/www.europesays.com\/fi\/wp-json\/wp\/v2\/posts\/109951","targetHints":{"allow":["GET"]}}],"collection":[{"href":"https:\/\/www.europesays.com\/fi\/wp-json\/wp\/v2\/posts"}],"about":[{"href":"https:\/\/www.europesays.com\/fi\/wp-json\/wp\/v2\/types\/post"}],"author":[{"embeddable":true,"href":"https:\/\/www.europesays.com\/fi\/wp-json\/wp\/v2\/users\/2"}],"replies":[{"embeddable":true,"href":"https:\/\/www.europesays.com\/fi\/wp-json\/wp\/v2\/comments?post=109951"}],"version-history":[{"count":0,"href":"https:\/\/www.europesays.com\/fi\/wp-json\/wp\/v2\/posts\/109951\/revisions"}],"wp:featuredmedia":[{"embeddable":true,"href":"https:\/\/www.europesays.com\/fi\/wp-json\/wp\/v2\/media\/109952"}],"wp:attachment":[{"href":"https:\/\/www.europesays.com\/fi\/wp-json\/wp\/v2\/media?parent=109951"}],"wp:term":[{"taxonomy":"category","embeddable":true,"href":"https:\/\/www.europesays.com\/fi\/wp-json\/wp\/v2\/categories?post=109951"},{"taxonomy":"post_tag","embeddable":true,"href":"https:\/\/www.europesays.com\/fi\/wp-json\/wp\/v2\/tags?post=109951"}],"curies":[{"name":"wp","href":"https:\/\/api.w.org\/{rel}","templated":true}]}}