{"id":10996,"date":"2025-08-20T08:29:08","date_gmt":"2025-08-20T08:29:08","guid":{"rendered":"https:\/\/www.europesays.com\/fi\/10996\/"},"modified":"2025-08-20T08:29:08","modified_gmt":"2025-08-20T08:29:08","slug":"yolla-tvssa-tom-hardy-vetaa-vakuuttavan-roolin-tosielaman-rikollisen-roolissa-sai-ylistysta-suorituksestaan","status":"publish","type":"post","link":"https:\/\/www.europesays.com\/fi\/10996\/","title":{"rendered":"Y\u00f6ll\u00e4 tv:ss\u00e4: Tom Hardy vet\u00e4\u00e4 vakuuttavan roolin tosiel\u00e4m\u00e4n rikollisen roolissa &#8211; sai ylistyst\u00e4 suorituksestaan"},"content":{"rendered":"<p>Y\u00f6n tv-tarjonnassa on nyt elokuva Bronson (2008).<\/p>\n<p>Tositapahtumiin perustuva rikoselokuva seuraa Michael \u201dMickey\u201d Petersonin el\u00e4m\u00e4\u00e4. H\u00e4nen rikosuransa alkoi postiry\u00f6st\u00f6ll\u00e4 vuonna 1974, josta alun perin m\u00e4\u00e4r\u00e4tty seitsem\u00e4n vuoden tuomio kasvoi lopulta 34 vuodeksi vankilassa.<\/p>\n<p>Ohjaajana <strong>Nicolas Winding Refn<\/strong>. N\u00e4yttelij\u00f6in\u00e4 <strong>Tom Hardy, Matt King, James Lance, Kelly Adams, Katy Barker<\/strong> sek\u00e4 <strong>Amanda Burton<\/strong>.<\/p>\n<p>Roolia varten Hardy k\u00e4vi puhelinkeskusteluja <strong>Charles Bronsonin<\/strong> kanssa ennen tapaamistaan. Bronson oli vaikuttunut siit\u00e4, kuinka Hardy oli onnistunut rakentamaan itselleen sopivan fysiikan roolia varten ja kuinka hyvin h\u00e4n j\u00e4ljitteli h\u00e4nt\u00e4.<\/p>\n<p>\u2013 Uskon rehellisesti, ettei kukaan muu maailmassa voisi esitt\u00e4\u00e4 minua yht\u00e4 hyvin kuin Tom. H\u00e4n on minua enemm\u00e4n kuin min\u00e4 itse, Bronson kertoi The Timesille.<\/p>\n<p>Elokuva on my\u00f6s Kirjastokinossa, Viaplayssa ja Cineastissa. Alla traileri.<\/p>\n<p>Tulevat l\u00e4hetykset:<\/p>\n<ul class=\"wp-block-list\">\n<li>To 21.8.2025 klo 01.55 \u00b7 STAR Channel<\/li>\n<li>Pe 22.8.2025 klo 22.00 \u00b7 STAR Channel<\/li>\n<\/ul>\n<p>Lue my\u00f6s: <a href=\"https:\/\/www.episodi.fi\/uutiset\/nyt-ilmaiskatselussa-synkkaakin-synkempi-australialaistrilleri-vie-oiselle-matkalle-kohti-kuolemaa\/\" title=\"Nyt ilmaiskatselussa: Synkk\u00e4\u00e4kin synkempi australialaistrilleri vie \u00f6iselle matkalle kohti kuolemaa\" class=\"underline-custom !font-montserrat !font-bold !underline-offset-4 !decoration-4 !decoration-episodi-blue !text-md\" rel=\"nofollow noopener\" target=\"_blank\">Nyt ilmaiskatselussa: Synkk\u00e4\u00e4kin synkempi australialaistrilleri vie \u00f6iselle matkalle kohti kuolemaa<\/a><\/p>\n<p>Lue my\u00f6s: <a href=\"https:\/\/www.episodi.fi\/uutiset\/nyt-netflixissa-dokumentti-kertoo-antwerpenin-timanttikeskuksen-ryostosta-oli-yksi-historian-suurimpia\/\" title=\"Nyt Netflixiss\u00e4: Dokumentti kertoo Antwerpenin timanttikeskuksen ry\u00f6st\u00f6st\u00e4 \u2013 oli yksi historian suurimpia\" class=\"underline-custom !font-montserrat !font-bold !underline-offset-4 !decoration-4 !decoration-episodi-blue !text-md\" rel=\"nofollow noopener\" target=\"_blank\">Nyt Netflixiss\u00e4: Dokumentti kertoo Antwerpenin timanttikeskuksen ry\u00f6st\u00f6st\u00e4 \u2013 oli yksi historian suurimpia<\/a><\/p>\n<p>Lue my\u00f6s: <a href=\"https:\/\/www.episodi.fi\/uutiset\/nyt-suoratoistossa-hotellin-yovahti-nakee-murhan-mutta-ei-uskalla-kertoa-kenellekaan\/\" title=\"Nyt suoratoistossa: Hotellin y\u00f6vahti n\u00e4kee murhan \u2013 mutta ei uskalla kertoa kenellek\u00e4\u00e4n\" class=\"underline-custom !font-montserrat !font-bold !underline-offset-4 !decoration-4 !decoration-episodi-blue !text-md\" rel=\"nofollow noopener\" target=\"_blank\">Nyt suoratoistossa: Hotellin y\u00f6vahti n\u00e4kee murhan \u2013 mutta ei uskalla kertoa kenellek\u00e4\u00e4n<\/a><\/p>\n<p><img loading=\"lazy\" decoding=\"async\" alt=\"YouTube video\" width=\"480\" height=\"360\" data-pin-nopin=\"true\" nopin=\"nopin\" class=\"perfmatters-lazy\" src=\"https:\/\/www.europesays.com\/fi\/wp-content\/uploads\/2025\/08\/1755678548_294_hqdefault.jpg\"\/><\/p>\n<p>L\u00e4hde: <a href=\"https:\/\/www.imdb.com\/title\/tt1172570\/trivia\/?ref_=tt_trv_trv\" target=\"_blank\" rel=\"noreferrer noopener nofollow\">IMDb<\/a><\/p>\n<p>Lue my\u00f6s: <a href=\"https:\/\/www.episodi.fi\/uutiskirje\" title=\"Tilaa Episodin uutiskirje ja tied\u00e4t mit\u00e4 katsoa! Nappaa tv-vinkit suoraan s\u00e4hk\u00f6postiin t\u00e4st\u00e4.\" class=\"underline-custom !font-montserrat !font-bold !underline-offset-4 !decoration-4 !decoration-episodi-blue !text-md\" rel=\"nofollow noopener\" target=\"_blank\">Tilaa Episodin uutiskirje ja tied\u00e4t mit\u00e4 katsoa! Nappaa katseluvinkit suoraan s\u00e4hk\u00f6postiin t\u00e4st\u00e4.<\/a><\/p>\n","protected":false},"excerpt":{"rendered":"Y\u00f6n tv-tarjonnassa on nyt elokuva Bronson (2008). Tositapahtumiin perustuva rikoselokuva seuraa Michael \u201dMickey\u201d Petersonin el\u00e4m\u00e4\u00e4. H\u00e4nen rikosuransa alkoi&hellip;\n","protected":false},"author":2,"featured_media":10997,"comment_status":"","ping_status":"","sticky":false,"template":"","format":"standard","meta":{"footnotes":""},"categories":[130],"tags":[137,33,31,30,32,139,109],"class_list":{"0":"post-10996","1":"post","2":"type-post","3":"status-publish","4":"format-standard","5":"has-post-thumbnail","7":"category-viihde","8":"tag-entertainment","9":"tag-fi","10":"tag-finland","11":"tag-finnish","12":"tag-suomi","13":"tag-tv-ohjelmat","14":"tag-viihde"},"share_on_mastodon":{"url":"","error":""},"_links":{"self":[{"href":"https:\/\/www.europesays.com\/fi\/wp-json\/wp\/v2\/posts\/10996","targetHints":{"allow":["GET"]}}],"collection":[{"href":"https:\/\/www.europesays.com\/fi\/wp-json\/wp\/v2\/posts"}],"about":[{"href":"https:\/\/www.europesays.com\/fi\/wp-json\/wp\/v2\/types\/post"}],"author":[{"embeddable":true,"href":"https:\/\/www.europesays.com\/fi\/wp-json\/wp\/v2\/users\/2"}],"replies":[{"embeddable":true,"href":"https:\/\/www.europesays.com\/fi\/wp-json\/wp\/v2\/comments?post=10996"}],"version-history":[{"count":0,"href":"https:\/\/www.europesays.com\/fi\/wp-json\/wp\/v2\/posts\/10996\/revisions"}],"wp:featuredmedia":[{"embeddable":true,"href":"https:\/\/www.europesays.com\/fi\/wp-json\/wp\/v2\/media\/10997"}],"wp:attachment":[{"href":"https:\/\/www.europesays.com\/fi\/wp-json\/wp\/v2\/media?parent=10996"}],"wp:term":[{"taxonomy":"category","embeddable":true,"href":"https:\/\/www.europesays.com\/fi\/wp-json\/wp\/v2\/categories?post=10996"},{"taxonomy":"post_tag","embeddable":true,"href":"https:\/\/www.europesays.com\/fi\/wp-json\/wp\/v2\/tags?post=10996"}],"curies":[{"name":"wp","href":"https:\/\/api.w.org\/{rel}","templated":true}]}}