{"id":109967,"date":"2025-12-07T09:54:08","date_gmt":"2025-12-07T09:54:08","guid":{"rendered":"https:\/\/www.europesays.com\/fi\/109967\/"},"modified":"2025-12-07T09:54:08","modified_gmt":"2025-12-07T09:54:08","slug":"bussikuskit-jattavat-lapsia-pysakille-kaikki-osalliset-ovat-pahoillaan-ja-syyttavat-toisiaan","status":"publish","type":"post","link":"https:\/\/www.europesays.com\/fi\/109967\/","title":{"rendered":"Bussikuskit j\u00e4tt\u00e4v\u00e4t lapsia pys\u00e4kille \u2013 Kaikki osalliset ovat pahoillaan ja syytt\u00e4v\u00e4t toisiaan"},"content":{"rendered":"<p>Helsinki|Koululaislipuissa oli k\u00e4yt\u00f6ss\u00e4 syksyll\u00e4 hetken aikaa poikkeusj\u00e4rjestely j\u00e4rjestelm\u00e4uudistuksen vuoksi. Se on aiheuttanut harmia It\u00e4-Helsingiss\u00e4.<\/p>\n<p>Lue tiivistelm\u00e4<\/p>\n<p>Tiivistelm\u00e4 on teko\u00e4lyn tekem\u00e4 ja ihmisen tarkistama.<\/p>\n<p class=\"article-body mb-nof-24 px-nof-16 sndp-summary-bullet-point-font\">HSL:n bussikuskit ovat j\u00e4tt\u00e4neet toistuvasti koululaisia pys\u00e4kille It\u00e4-Helsingiss\u00e4, koska lapset eiv\u00e4t ole leimautuneet sis\u00e4\u00e4n vaan n\u00e4ytt\u00e4neet korttia tarran kanssa.<\/p>\n<p class=\"article-body mb-nof-24 px-nof-16 sndp-summary-bullet-point-font\">HSL otti syksyll\u00e4 k\u00e4ytt\u00f6\u00f6n poikkeusj\u00e4rjestelyn, jossa koululaiset n\u00e4ytt\u00e4v\u00e4t korttia kuskeille tarran kanssa j\u00e4rjestelm\u00e4uudistuksen vuoksi.<\/p>\n<p class=\"article-body mb-nof-24 px-nof-16 sndp-summary-bullet-point-font\">Liikenn\u00f6itsij\u00e4 Koiviston Auto on ohjeistamassa kuskejaan hyv\u00e4ksym\u00e4\u00e4n kaikki lipputekeleet, ja HSL:n mukaan tarraj\u00e4rjestelyst\u00e4 on jo luovuttu marraskuusta alkaen.<\/p>\n<p class=\"article-body mb-nof-24 px-nof-16\">Helsinkil\u00e4is\u00e4idin lapset ovat toistuvasti j\u00e4tetty bussipys\u00e4kille It\u00e4-Helsingiss\u00e4.<\/p>\n<p class=\"article-body mb-nof-24 px-nof-16\">Helsingin seudun liikenne (HSL) otti syksyn alussa k\u00e4ytt\u00f6\u00f6n osassa kouluja poikkeusj\u00e4rjestelyn, jossa lapsi voi osoittaa liikkuvansa koululaislipulla kiinnitt\u00e4m\u00e4ll\u00e4 HSL-korttiinsa tarran.<\/p>\n<p class=\"article-body mb-nof-24 px-nof-16\">Tavallisesti koululaiset leimaavat kortillaan itsens\u00e4 sis\u00e4\u00e4n aivan kuin muutkin matkustajat, mutta syksyn ajan lapsia on ohjeistettu n\u00e4ytt\u00e4m\u00e4\u00e4n korttia sinisiss\u00e4 busseissa kuskeille.<\/p>\n<p class=\"article-body mb-nof-24 px-nof-16\">Koiviston auton liikenn\u00f6im\u00e4ll\u00e4 linjalla 95 kuskit eiv\u00e4t kuitenkaan toisinaan ole p\u00e4\u00e4st\u00e4neet korttia heiluttaneita lapsia sis\u00e4\u00e4n. Tapauksia on toistakymment\u00e4, sanoo alakouluik\u00e4isten lasten \u00e4iti <a class=\"article-personlink\" href=\"https:\/\/www.hs.fi\/haku\/?query=Marianna%20Wesamaa\" rel=\"nofollow noopener\" target=\"_blank\">Marianna Wesamaa<\/a>. Linja 95 kulkee It\u00e4keskuksen ja Kontulan v\u00e4lill\u00e4.<\/p>\n<p class=\"article-body mb-nof-24 px-nof-16\">Wesamaan omille lapsille tilanne on toistunut muutaman kerran syksyn aikana.<\/p>\n<p class=\"article-body mb-nof-24 px-nof-16\">\u201dMy\u00f6s meid\u00e4n tytt\u00e4ren koulukaverille oli k\u00e4ynyt niin, ett\u00e4 kuski oli heitt\u00e4nyt lapsen pihalle. Lapsi oli ruvennut itkem\u00e4\u00e4n, eik\u00e4 ollut halunnut menn\u00e4 en\u00e4\u00e4 bussilla kouluun.\u201d<\/p>\n<p class=\"article-body mb-nof-24 px-nof-16\">\u201dKuski oli sanonut lapselle, ett\u00e4 etk\u00f6 tajua, ett\u00e4 sun pit\u00e4\u00e4 piipata se tuossa vehkeess\u00e4.\u201d<\/p>\n<p><img decoding=\"async\" src=\"https:\/\/www.europesays.com\/fi\/wp-content\/uploads\/2025\/12\/1765101248_350_468.jpg\" alt=\"Botby Grundskolassa k\u00e4yt\u00f6ss\u00e4 oleva kortti ja siihen liimattu tarra. Peukalo peitt\u00e4\u00e4 lapsen nimen. Ruotsinkielinen peruskoulu sijaitsee Vartiokyl\u00e4ss\u00e4.\" class=\"_Img_1rerz_1\" style=\"aspect-ratio:0.8328125\" loading=\"eager\"\/><\/p>\n<p class=\"article-picture-caption\">Botby Grundskolassa k\u00e4yt\u00f6ss\u00e4 oleva kortti ja siihen liimattu tarra. Peukalo peitt\u00e4\u00e4 lapsen nimen. Ruotsinkielinen peruskoulu sijaitsee Vartiokyl\u00e4ss\u00e4. Kuva:\u00a0Lukijan kuva<\/p>\n<p class=\"article-body mb-nof-24 px-nof-16\">Wesamaan mukaan vanhemmat ovat n\u00e4rk\u00e4styneet tilanteesta. He ovat yritt\u00e4neet olla yhteydess\u00e4 muun muassa liikenn\u00f6itsij\u00e4\u00e4n, joka on luvannut ohjata kuskeja toimimaan toisin.<\/p>\n<p class=\"article-body mb-nof-24 px-nof-16\">Koiviston Auto Helsingin operatiivinen johtaja <a class=\"article-personlink\" href=\"https:\/\/www.hs.fi\/haku\/?query=Mika%20Sepp%C3%A4nen\" rel=\"nofollow noopener\" target=\"_blank\">Mika Sepp\u00e4nen<\/a> vahvistaa, ett\u00e4 heille on kantautunut valituksia kuskien k\u00e4yt\u00f6ksest\u00e4, mink\u00e4 j\u00e4lkeen kuskeja ohjeistettiin.<\/p>\n<p class=\"article-body mb-nof-24 px-nof-16\">\u201dOllaan k\u00e4yty kuskeille l\u00e4pi, ett\u00e4 lapsia ei j\u00e4tet\u00e4 tien poskeen ja hyv\u00e4ksyt\u00e4\u00e4n kaikki lipputekeleet kyytiin. Eritoten teroitettiin muutamalle kuskille, jotka olivat olleet hyvin tarkkoja.\u201d<\/p>\n<p class=\"article-body mb-nof-24 px-nof-16\">HSL:n mukaan palautetta on tullut koululaislipun m\u00e4\u00e4r\u00e4\u00e4n n\u00e4hden \u201dmaltillisesti\u201d eli yksitt\u00e4isist\u00e4 tilanteista. Lipulla liikkuu noin 10\u202f000 lasta.<\/p>\n<p class=\"article-body mb-nof-24 px-nof-16\">HSL:n viestinn\u00e4n mukaan v\u00e4liaikaiset tarrat otettiin k\u00e4ytt\u00f6\u00f6n syksyn alussa taustaj\u00e4rjestelmien uudistuksen vuoksi.<\/p>\n<p class=\"article-body mb-nof-24 px-nof-16\">Mutta tarraj\u00e4rjestelyst\u00e4 on jo luovuttu.<\/p>\n<p class=\"article-body mb-nof-24 px-nof-16\">Marraskuusta alkaen koululaisten korttien on pit\u00e4nyt toimia entiseen tapaan ja asiasta on tiedotettu kouluille, HSL:n viestinn\u00e4st\u00e4 kerrotaan HS:lle.<\/p>\n<p class=\"article-body mb-nof-24 px-nof-16\">Uudistuksen my\u00f6t\u00e4 koulut siirtyv\u00e4t my\u00f6nt\u00e4m\u00e4\u00e4n koululaislippuja HSL yritysportaalin kautta.<\/p>\n<p class=\"article-body mb-nof-24 px-nof-16\">\u201dIk\u00e4v\u00e4, ett\u00e4 lapsilla on ollut matkustamisen kanssa haasteita. Suosittelemme olemaan meihin yhteydess\u00e4, niin hoidetaan asia kuntoon\u201d, sanoo HSL:n viestint\u00e4suunnittelija <a class=\"article-personlink\" href=\"https:\/\/www.hs.fi\/haku\/?query=Vilma%20Aho\" rel=\"nofollow noopener\" target=\"_blank\">Vilma Aho<\/a>.<\/p>\n<p class=\"article-body mb-nof-24 px-nof-16\">Ainakaan Botby Grundskolan oppilaiden kortit eiv\u00e4t edelleenk\u00e4\u00e4n toimi, vaan he ovat tarrojen varassa, vanhemmat kertovat HS:lle.<\/p>\n<p class=\"article-body mb-nof-24 px-nof-16\">Koululaisen HSL-kortti on tarkoitettu koulumatkoja varten, ja sen my\u00f6nt\u00e4\u00e4 koululaisen kotikunta. Lapsi voi matkustaa lipulla koulup\u00e4ivisin eli kello 4.30\u201318.00 v\u00e4lill\u00e4.<\/p>\n","protected":false},"excerpt":{"rendered":"Helsinki|Koululaislipuissa oli k\u00e4yt\u00f6ss\u00e4 syksyll\u00e4 hetken aikaa poikkeusj\u00e4rjestely j\u00e4rjestelm\u00e4uudistuksen vuoksi. Se on aiheuttanut harmia It\u00e4-Helsingiss\u00e4. Lue tiivistelm\u00e4 Tiivistelm\u00e4 on&hellip;\n","protected":false},"author":2,"featured_media":109968,"comment_status":"","ping_status":"","sticky":false,"template":"","format":"standard","meta":{"footnotes":""},"categories":[5],"tags":[22,23,26,27,33,31,30,17,46,24,25,28,29,15,18,21,32,19,20,16],"class_list":{"0":"post-109967","1":"post","2":"type-post","3":"status-publish","4":"format-standard","5":"has-post-thumbnail","7":"category-otsikot","8":"tag-breaking-news","9":"tag-breakingnews","10":"tag-featured-news","11":"tag-featurednews","12":"tag-fi","13":"tag-finland","14":"tag-finnish","15":"tag-headlines","16":"tag-helsingin-sanomat","17":"tag-latest-news","18":"tag-latestnews","19":"tag-main-news","20":"tag-mainnews","21":"tag-news","22":"tag-otsikot","23":"tag-paauutiset","24":"tag-suomi","25":"tag-top-stories","26":"tag-topstories","27":"tag-uutiset"},"share_on_mastodon":{"url":"https:\/\/pubeurope.com\/@fi\/115677683009388335","error":""},"_links":{"self":[{"href":"https:\/\/www.europesays.com\/fi\/wp-json\/wp\/v2\/posts\/109967","targetHints":{"allow":["GET"]}}],"collection":[{"href":"https:\/\/www.europesays.com\/fi\/wp-json\/wp\/v2\/posts"}],"about":[{"href":"https:\/\/www.europesays.com\/fi\/wp-json\/wp\/v2\/types\/post"}],"author":[{"embeddable":true,"href":"https:\/\/www.europesays.com\/fi\/wp-json\/wp\/v2\/users\/2"}],"replies":[{"embeddable":true,"href":"https:\/\/www.europesays.com\/fi\/wp-json\/wp\/v2\/comments?post=109967"}],"version-history":[{"count":0,"href":"https:\/\/www.europesays.com\/fi\/wp-json\/wp\/v2\/posts\/109967\/revisions"}],"wp:featuredmedia":[{"embeddable":true,"href":"https:\/\/www.europesays.com\/fi\/wp-json\/wp\/v2\/media\/109968"}],"wp:attachment":[{"href":"https:\/\/www.europesays.com\/fi\/wp-json\/wp\/v2\/media?parent=109967"}],"wp:term":[{"taxonomy":"category","embeddable":true,"href":"https:\/\/www.europesays.com\/fi\/wp-json\/wp\/v2\/categories?post=109967"},{"taxonomy":"post_tag","embeddable":true,"href":"https:\/\/www.europesays.com\/fi\/wp-json\/wp\/v2\/tags?post=109967"}],"curies":[{"name":"wp","href":"https:\/\/api.w.org\/{rel}","templated":true}]}}