{"id":109981,"date":"2025-12-07T10:18:10","date_gmt":"2025-12-07T10:18:10","guid":{"rendered":"https:\/\/www.europesays.com\/fi\/109981\/"},"modified":"2025-12-07T10:18:10","modified_gmt":"2025-12-07T10:18:10","slug":"nama-nelja-naista-vaikuttavat-venajan-johdossa-mutta-vain-yksi-heista-uskaltaa-sanoa-suorat-sanat-putinille-ulkomaat","status":"publish","type":"post","link":"https:\/\/www.europesays.com\/fi\/109981\/","title":{"rendered":"N\u00e4m\u00e4 nelj\u00e4 naista vaikuttavat Ven\u00e4j\u00e4n johdossa, mutta vain yksi heist\u00e4 uskaltaa sanoa suorat sanat Putinille | Ulkomaat"},"content":{"rendered":"<ul class=\"aw-1jjocuh iJTSwP yle__article__list yle__article__list--ul\">\n<li class=\"aw-1j7gwms gNYKfi\">Ven\u00e4j\u00e4n hallinnon huipulla on vain v\u00e4h\u00e4n naisia.<\/li>\n<li class=\"aw-1j7gwms gNYKfi\">T\u00e4rkein heist\u00e4 on keskuspankin johtaja Elvira Nabiullina, joka on onnistunut pit\u00e4m\u00e4\u00e4n Ven\u00e4j\u00e4n talouden pystyss\u00e4 pakotteista huolimatta.<\/li>\n<li class=\"aw-1j7gwms gNYKfi\">Kaikki ovat uskollisia Putinille ja l\u00e4nnen asettamien pakotteiden kohteena. Useita heist\u00e4 on my\u00f6s syytetty korruptiosta.<\/li>\n<\/ul>\n<p class=\"aw-1gybjub aw-1p7kakr kEtdKx cEmitX yle__article__paragraph\">T\u00e4m\u00e4 on teko\u00e4lyn avulla tuotettu, toimittajan tarkistama tiivistelm\u00e4.<\/p>\n<p class=\"aw-1gybjub aw-1p7kakr kEtdKx cEmitX yle__article__paragraph\">Ven\u00e4j\u00e4\u00e4 johtavat harmaap\u00e4isten miesten j\u00e4yk\u00e4t rivit. Naisia hallinnon huipulla on kourallinen.<\/p>\n<p class=\"aw-1gybjub aw-1p7kakr kEtdKx cEmitX yle__article__paragraph\">Otimme tarkasteluun Ven\u00e4j\u00e4n nelj\u00e4 vaikutusvaltaisinta naista.<\/p>\n<p>Elvira Nabiullina, 62<img decoding=\"async\" alt=\"Ven\u00e4j\u00e4n keskuspankin puheenjohtaja Elvira Nabiullina.\" src=\"https:\/\/www.europesays.com\/fi\/wp-content\/uploads\/2025\/12\/39-1564647693281091d94e.jpeg\" loading=\"lazy\" class=\"aw-1l9m598 hKVVvP\"\/><\/p>\n<p>Avaa kuvien katselu<\/p>\n<p>Nabiullina kuvattuna Moskovassa 16.4.2025. Kuva: Maxim Shipenkov \/ EPA<\/p>\n<p class=\"aw-1gybjub aw-1p7kakr kEtdKx cEmitX yle__article__paragraph\">Ven\u00e4j\u00e4n keskuspankin tiukkailmeinen <strong class=\"aw-ak79eh KyCXm yle__article__strong\">Elvira Nabiullina<\/strong> on nainen Ven\u00e4j\u00e4n sotatalouden takana &#8211; joidenkin tietojen mukaan vasten tahtoaan.<\/p>\n<p class=\"aw-1gybjub aw-1p7kakr kEtdKx cEmitX yle__article__paragraph\">H\u00e4nen v\u00e4itet\u00e4\u00e4n halunneen erota teht\u00e4v\u00e4st\u00e4\u00e4n, kun Ven\u00e4j\u00e4 oli hy\u00f6k\u00e4nnyt Ukrainaan. Presidentti <strong class=\"aw-ak79eh KyCXm yle__article__strong\">Vladimir Putin<\/strong> kuitenkin nimitti h\u00e4net kolmannelle viisivuotiskaudelleen huhtikuussa 2022.<\/p>\n<p class=\"aw-1gybjub aw-1p7kakr kEtdKx cEmitX yle__article__paragraph\">Ennen sotaa Nabiullina oli tunnettu lehdist\u00f6tilaisuuksissa k\u00e4ytt\u00e4mist\u00e4\u00e4n rintakoruista.<\/p>\n<p class=\"aw-1gybjub aw-1p7kakr kEtdKx cEmitX yle__article__paragraph\">Toimittajat ja markkinoiden edustajat tulkitsivat koruja: rintapieleen kiinnitetyn sadepilven analysoitiin kuvastavan talouden ylikuumenemisen est\u00e4mist\u00e4, kyyhkysen alhaisempia korkoja, talon muotoisen korun koronarajoituksia ja kotona pysymist\u00e4.<\/p>\n<p><img decoding=\"async\" alt=\"Ven\u00e4j\u00e4n keskuspankin puheenjohtaja Elvira Nabiullina.\" src=\"https:\/\/www.europesays.com\/fi\/wp-content\/uploads\/2025\/12\/39-15646526932834f4bfd7.jpeg\" loading=\"lazy\" class=\"aw-1l9m598 hKVVvP\"\/><\/p>\n<p>Avaa kuvien katselu<\/p>\n<p>Nabiullina on k\u00e4ytt\u00e4nyt my\u00f6s perhosrintakorua ja kalan muotoista korua.  Kuva: Getty Images<\/p>\n<p class=\"aw-1gybjub aw-1p7kakr kEtdKx cEmitX yle__article__paragraph\">Ven\u00e4j\u00e4n hy\u00f6k\u00e4tty\u00e4 Ukrainaan Nabiullina saapui lehdist\u00f6tilaisuuteen pukeutuneena kokomustaan &#8211; ilman rintaneulaa.<\/p>\n<p><img decoding=\"async\" alt=\"Ven\u00e4j\u00e4n keskuspankin puheenjohtaja Elvira Nabiullina ja Ven\u00e4j\u00e4n presidentin avustaja Maksim Ore\u0161kin.\" src=\"https:\/\/www.europesays.com\/fi\/wp-content\/uploads\/2025\/12\/39-156463669327cea3d264.jpeg\" loading=\"lazy\" class=\"aw-1l9m598 hKVVvP\"\/><\/p>\n<p>Avaa kuvien katselu<\/p>\n<p>Ven\u00e4j\u00e4n keskuspankin johtaja Elvira Nabiullina ja presidentin avustaja Maksim Ore\u0161kin Kremliss\u00e4 28.2.2022, kun Ven\u00e4j\u00e4 oli hy\u00f6k\u00e4nnyt Ukrainaan.  Kuva: Alexei Nikolsky \/ Lehtikuva<\/p>\n<p class=\"aw-1gybjub aw-1p7kakr kEtdKx cEmitX yle__article__paragraph\">Siin\u00e4 miss\u00e4 muiden Putinia l\u00e4hell\u00e4 olevien talousasiantuntijoiden kerrotaan my\u00f6t\u00e4ilev\u00e4n presidentti\u00e4, Nabiullinaa kuvataan yhten\u00e4 harvoista, jolla on \u201doikeus kertoa Putinille suoraan my\u00f6s sellaista, mit\u00e4 t\u00e4m\u00e4 ei halua kuulla\u201d.<\/p>\n<p class=\"aw-1gybjub aw-1p7kakr kEtdKx cEmitX yle__article__paragraph\">Nabiullina on varoittanut sodan aiheuttavan ty\u00f6voimapulaa ja puolustusmenojen rasittavan taloutta. H\u00e4n on my\u00f6s vastustanut Putinin hallinnon p\u00e4\u00e4omaan kohdistamia rajoituksia ja osakkeiden takavarikointeja.<\/p>\n<p class=\"aw-1gybjub aw-1p7kakr kEtdKx cEmitX yle__article__paragraph\">Vaikka Putin ei l\u00e4hesk\u00e4\u00e4n aina toimi Nabullinan ohjeiden mukaisesti, h\u00e4nen kerrotaan luottavan t\u00e4h\u00e4n.<\/p>\n<p class=\"aw-1gybjub aw-1p7kakr kEtdKx cEmitX yle__article__paragraph\">Katso video Nabiullinan julkisista esiintymisist\u00e4:<\/p>\n<p class=\"aw-1gybjub aw-1p7kakr kEtdKx cEmitX yle__article__paragraph\">Nabiullinaa arvostetaan my\u00f6s kansainv\u00e4lisesti yhten\u00e4 maailman parhaista keskuspankkiireista. Toisaalta h\u00e4nt\u00e4 my\u00f6s arvostellaan sodan mahdollistajana.<\/p>\n<p class=\"aw-1gybjub aw-1p7kakr kEtdKx cEmitX yle__article__paragraph\">Nabiullinan ansioina pidet\u00e4\u00e4n sit\u00e4, ett\u00e4 h\u00e4n on onnistunut pit\u00e4m\u00e4\u00e4n Ven\u00e4j\u00e4n talouden jokseenkin raiteillaan hy\u00f6kk\u00e4yssodan aiheuttamista pakotteista ja kuluista huolimatta. Keskeisi\u00e4 keinoja on ollut ohjauskoron s\u00e4\u00e4tely ja inflaation hillitseminen.<\/p>\n<p class=\"aw-1gybjub aw-1p7kakr kEtdKx cEmitX yle__article__paragraph\">Nabiullina on useiden l\u00e4ntisten pakotteiden kohteena.<\/p>\n<p>Valentina Matvijenko, 76<img decoding=\"async\" alt=\"Valentina Matvijenko puhuu kansainv\u00e4lisess\u00e4 kongressissa toukokuussa.\" src=\"https:\/\/www.europesays.com\/fi\/wp-content\/uploads\/2025\/12\/39-8608136155b9719df1c.jpeg\" loading=\"lazy\" class=\"aw-1l9m598 hKVVvP\"\/><\/p>\n<p>Avaa kuvien katselu<\/p>\n<p>Ven\u00e4j\u00e4n yl\u00e4huoneen puheenjohtajana Valentina Matvijenko on muodollisesti Ven\u00e4j\u00e4ll\u00e4 korkeimpana heti presidentin ja p\u00e4\u00e4ministerin j\u00e4lkeen.  Kuva: Peter Kovalev \/ AOP<\/p>\n<p class=\"aw-1gybjub aw-1p7kakr kEtdKx cEmitX yle__article__paragraph\">Ven\u00e4j\u00e4n vaikutusvaltaisimpana naisena pidet\u00e4\u00e4n <strong class=\"aw-ak79eh KyCXm yle__article__strong\">Valentina Matvijenkoa<\/strong>. H\u00e4n toimii Ven\u00e4j\u00e4n liittokokouksen eli parlamentin yl\u00e4huoneen puheenjohtajana.<\/p>\n<p class=\"aw-1gybjub aw-1p7kakr kEtdKx cEmitX yle__article__paragraph\">Teht\u00e4v\u00e4\u00e4 pidet\u00e4\u00e4n Ven\u00e4j\u00e4n hallinnossa kolmanneksi korkeimpana heti presidentin ja p\u00e4\u00e4ministerin j\u00e4lkeen.<\/p>\n<p class=\"aw-1gybjub aw-1p7kakr kEtdKx cEmitX yle__article__paragraph\">Valta Ven\u00e4j\u00e4ll\u00e4 keskittyy kuitenkin voimakkaasti Putinin l\u00e4hipiiriin ja turvallisuuspalvelujen johdolle, joten Matvijenkon pesti\u00e4 pidet\u00e4\u00e4n er\u00e4\u00e4nlaisena kumileimasimena.<\/p>\n<p class=\"aw-1gybjub aw-1p7kakr kEtdKx cEmitX yle__article__paragraph\">Matvijenko on Pietarin entinen kuvern\u00f6\u00f6ri. H\u00e4nen poikansa, liikemies ja miljon\u00e4\u00e4ri <strong class=\"aw-ak79eh KyCXm yle__article__strong\">Sergei Matvijenkon<\/strong> kerrotaan rikastuneen julkisen sektorin kanssa tekemill\u00e4 sopimuksilla \u00e4itins\u00e4 kuvern\u00f6\u00f6rikaudella.<\/p>\n<p class=\"aw-1gybjub aw-1p7kakr kEtdKx cEmitX yle__article__paragraph\">Vuonna 2016 Valentina Matvijenko totesi, ett\u00e4 Ven\u00e4j\u00e4n hallinnossa pit\u00e4isi olla enemm\u00e4n naisia, jotka voisivat tuoda politiikkaan \u201dsuvaitsevaisuutta ja humanismia\u201d. Nyt h\u00e4n on Ukrainan sodan vankkumaton kannattaja ja siksi USA:n, EU:n ja useiden muiden maiden pakotelistoilla.<\/p>\n<p class=\"aw-1gybjub aw-1p7kakr kEtdKx cEmitX yle__article__paragraph\">H\u00e4nen poikaansa EU:n pakotteet eiv\u00e4t kohdistu. Sergei Matvijenkon kerrotaan omistavan Italiassa ylellisen huvilan, jossa on yksityinen ranta.<\/p>\n<p class=\"aw-1gybjub aw-1p7kakr kEtdKx cEmitX yle__article__paragraph\">Valentina Matvijenko on ollut Ven\u00e4j\u00e4n hallinnon kasvot perinteisten perhearvojen puolustajana. H\u00e4nen mukaansa lasten saamisesta pit\u00e4isi tehd\u00e4 \u201dmuodikasta\u201d ja nuorten t\u00e4ytyisi saada lapsia heti t\u00e4ysi-ik\u00e4iseksi tultuaan, \u201deik\u00e4 28- tai 29-vuotiaana kuten nyt\u201d.<\/p>\n<p>Tatjana Golikova, 59<img decoding=\"async\" alt=\"Tatjana Golikova puhuu mikrofoniin tiedotustilaisuudessa.\" src=\"https:\/\/www.europesays.com\/fi\/wp-content\/uploads\/2025\/12\/39-156444569318783b16a6.jpeg\" loading=\"lazy\" class=\"aw-1l9m598 hKVVvP\"\/><\/p>\n<p>Avaa kuvien katselu<\/p>\n<p>Varap\u00e4\u00e4ministeri Tatjana Golikova on tehnyt pitk\u00e4n uran valtionhallinnossa.  Kuva: Dmitry Astakhov \/ AOP<\/p>\n<p class=\"aw-1gybjub aw-1p7kakr kEtdKx cEmitX yle__article__paragraph\">Ven\u00e4j\u00e4n varap\u00e4\u00e4ministerin\u00e4 vuodesta 2018 ty\u00f6skennellyt <strong class=\"aw-ak79eh KyCXm yle__article__strong\">Tatjana Golikova<\/strong> vastaa sosiaalipolitiikasta, terveydest\u00e4, ty\u00f6asioista, el\u00e4kkeist\u00e4 ja demografiasta.<\/p>\n<p class=\"aw-1gybjub aw-1p7kakr kEtdKx cEmitX yle__article__paragraph\">Golikovan salkku antaa h\u00e4nelle paljon valtaa tavallisten ven\u00e4l\u00e4isten arkea koskevissa asioissa.<\/p>\n<p class=\"aw-1gybjub aw-1p7kakr kEtdKx cEmitX yle__article__paragraph\">H\u00e4n on ty\u00f6skennellyt valtionhallinnossa koko uransa ja on Yhten\u00e4inen Ven\u00e4j\u00e4 -puolueen edustajana lojaali Putinille.<\/p>\n<p class=\"aw-1gybjub aw-1p7kakr kEtdKx cEmitX yle__article__paragraph\">Ennen varap\u00e4\u00e4ministerin pesti\u00e4 Golikova toimi muun muassa Ven\u00e4j\u00e4n terveysministerin\u00e4 ja varatalousministerin\u00e4. H\u00e4n oli Ven\u00e4j\u00e4n keskeisimpi\u00e4 viranomaisia koronapandemian aikana.<\/p>\n<p class=\"aw-1gybjub aw-1p7kakr kEtdKx cEmitX yle__article__paragraph\">Golikovan puoliso on Ven\u00e4j\u00e4n entinen varap\u00e4\u00e4ministeri <strong class=\"aw-ak79eh KyCXm yle__article__strong\">Viktor Hristenko<\/strong>. Puoliso perusti l\u00e4\u00e4keyhti\u00f6 Nanolekin samaan aikaan, kun Golikova toimi terveysministerin\u00e4. Yhti\u00f6n johdossa toimi Hristenkon poika <strong class=\"aw-ak79eh KyCXm yle__article__strong\">Vladimir Hristenko<\/strong>. Yhti\u00f6n mukaan se toimittaa nelj\u00e4sosan Ven\u00e4j\u00e4n viralliseen rokoteohjelmaan kuuluvista rokotteista.<\/p>\n<p class=\"aw-1gybjub aw-1p7kakr kEtdKx cEmitX yle__article__paragraph\">Golikovan perheell\u00e4 v\u00e4itet\u00e4\u00e4n olevan my\u00f6s omistuksia ven\u00e4l\u00e4ist\u00e4 koronarokotetta Sputnik V:t\u00e4 valmistavassa yhti\u00f6ss\u00e4.<\/p>\n<p class=\"aw-1gybjub aw-1p7kakr kEtdKx cEmitX yle__article__paragraph\">Edesmenneen oppositiopoliitikko <strong class=\"aw-ak79eh KyCXm yle__article__strong\">Aleksei Navalnyin<\/strong> korruption vastaisen j\u00e4rjest\u00f6n selvitysten mukaan Golikovan ja Hristenkon perheell\u00e4 on mittava omaisuus, johon kuuluu muun muassa yksityislentokone, golf-klubeja Espanjassa ja Ven\u00e4j\u00e4ll\u00e4, useita huviloita Espanjassa ja Portugalissa sek\u00e4 kiinteist\u00f6j\u00e4 Ven\u00e4j\u00e4ll\u00e4.<\/p>\n<p class=\"aw-1gybjub aw-1p7kakr kEtdKx cEmitX yle__article__paragraph\">Golikova on muun muassa EU:n, Yhdysvaltojen ja Australian pakotelistoilla.<\/p>\n<p>Maria Zaharova, 49<img decoding=\"async\" alt=\"Maria Zaharova\" src=\"https:\/\/www.europesays.com\/fi\/wp-content\/uploads\/2025\/12\/39-4709315aa6e1acb1780.jpeg\" loading=\"lazy\" class=\"aw-1l9m598 hKVVvP\"\/><\/p>\n<p>Avaa kuvien katselu<\/p>\n<p>Ven\u00e4j\u00e4n ulkomnisteri\u00f6n tiedottaja Maria Zaharova on Ven\u00e4j\u00e4n ulkoministeri\u00f6n virallinen \u00e4\u00e4nitorvi.  Kuva: Maxim Sjipenkov \/ EPA<\/p>\n<p class=\"aw-1gybjub aw-1p7kakr kEtdKx cEmitX yle__article__paragraph\">Ven\u00e4j\u00e4n ulkoministeri\u00f6n tiedottaja <strong class=\"aw-ak79eh KyCXm yle__article__strong\">Maria Zaharova<\/strong> on tullut tutuksi jokaiselle Ven\u00e4j\u00e4n ulkopolitiikkaa seuraavalle. Ulkoministeri\u00f6n viestint\u00e4osaston johtajana Zaharova on Ven\u00e4j\u00e4n virallinen ulkopolitiikan \u00e4\u00e4nitorvi.<\/p>\n<p class=\"aw-1gybjub aw-1p7kakr kEtdKx cEmitX yle__article__paragraph\">Zaharovan tavaramerkki on tiukka ja uhmakas puheenparsi. Lokakuussa h\u00e4n <a class=\"aw-iao6s4 iHOxEa yle__article__link\" href=\"https:\/\/ura.news\/news\/1053007408\" role=\"link\" rel=\"nofollow noopener\" target=\"_blank\">syytti<\/a> ulkoministeri <strong class=\"aw-ak79eh KyCXm yle__article__strong\">Elina Valtosta<\/strong> (kok.) valehtelusta. Marraskuussa h\u00e4n <a class=\"aw-iao6s4 iHOxEa yle__article__link\" href=\"https:\/\/www.is.fi\/ulkomaat\/art-2000011645254.html\" role=\"link\" rel=\"nofollow noopener\" target=\"_blank\">arvosteli<\/a> talvisodan sankarina tunnettua suomalaista tarkka-ampujaa <strong class=\"aw-ak79eh KyCXm yle__article__strong\">Simo H\u00e4yh\u00e4\u00e4<\/strong>.<\/p>\n<p class=\"aw-1gybjub aw-1p7kakr kEtdKx cEmitX yle__article__paragraph\">Vuonna 2017 Ylen toimittaja <strong class=\"aw-ak79eh KyCXm yle__article__strong\">Erkka Mikkonen<\/strong> kysyi Zaharovalta lehdist\u00f6tilaisuudessa homojen oikeuksista T\u0161et\u0161eniassa. Zaharova kielt\u00e4ytyi vastaamasta, syytti Mikkosta aiheen \u201dpolitisoinnista\u201d ja osoitti sanansa yll\u00e4tt\u00e4en T\u0161et\u0161enian presidentille <strong class=\"aw-ak79eh KyCXm yle__article__strong\">Ramzan Kadyroville<\/strong> ja pyysi t\u00e4t\u00e4 j\u00e4rjest\u00e4m\u00e4\u00e4n Mikkoselle matkan T\u0161et\u0161eniaan.<\/p>\n<p class=\"aw-1gybjub aw-1p7kakr kEtdKx cEmitX yle__article__paragraph\"><strong class=\"aw-ak79eh KyCXm yle__article__strong\">Katso, kuinka Zaharova vastasi vuonna 2017 Mikkosen kysymykseen homojen oikeuksista T\u0161et\u0161eniassa:<\/strong><\/p>\n<p class=\"aw-1gybjub aw-1p7kakr kEtdKx cEmitX yle__article__paragraph\">Zaharovalla ei ole varsinaista poliittista valtaa. Mutta h\u00e4n vaikuttaa siihen, kuinka Ven\u00e4j\u00e4n hallinnon poliittiset viestit muotoillaan ja esitet\u00e4\u00e4n. H\u00e4nell\u00e4 on l\u00e4heiset suhteet niin ulkoministeri <strong class=\"aw-ak79eh KyCXm yle__article__strong\">Sergei Lavroviin<\/strong> kuin Kremlin viestint\u00e4\u00e4n.<\/p>\n<p class=\"aw-1gybjub aw-1p7kakr kEtdKx cEmitX yle__article__paragraph\">Ven\u00e4l\u00e4isille Zaharovan esiintymiset viestiv\u00e4t, kuinka Ven\u00e4j\u00e4 haluaa asemoitua suhteessa muihin maailman maihin.<\/p>\n<p class=\"aw-1gybjub aw-1p7kakr kEtdKx cEmitX yle__article__paragraph\">My\u00f6s Zaharova on kansainv\u00e4listen pakotteiden alainen Ukrainan sodan vuoksi.<\/p>\n","protected":false},"excerpt":{"rendered":"Ven\u00e4j\u00e4n hallinnon huipulla on vain v\u00e4h\u00e4n naisia. T\u00e4rkein heist\u00e4 on keskuspankin johtaja Elvira Nabiullina, joka on onnistunut pit\u00e4m\u00e4\u00e4n&hellip;\n","protected":false},"author":2,"featured_media":109982,"comment_status":"","ping_status":"","sticky":false,"template":"","format":"standard","meta":{"footnotes":""},"categories":[14],"tags":[22,23,26,27,33,31,30,17,3553,24,25,28,29,15,18,21,32,19,20,56,16,547,9544,1262,8502,59,60,61],"class_list":{"0":"post-109981","1":"post","2":"type-post","3":"status-publish","4":"format-standard","5":"has-post-thumbnail","7":"category-ulkomaat","8":"tag-breaking-news","9":"tag-breakingnews","10":"tag-featured-news","11":"tag-featurednews","12":"tag-fi","13":"tag-finland","14":"tag-finnish","15":"tag-headlines","16":"tag-korruptio","17":"tag-latest-news","18":"tag-latestnews","19":"tag-main-news","20":"tag-mainnews","21":"tag-news","22":"tag-otsikot","23":"tag-paauutiset","24":"tag-suomi","25":"tag-top-stories","26":"tag-topstories","27":"tag-ulkomaat","28":"tag-uutiset","29":"tag-venaja","30":"tag-venajan-keskuspankki","31":"tag-venajan-politiikka","32":"tag-venajan-talous","33":"tag-world","34":"tag-world-news","35":"tag-worldnews"},"share_on_mastodon":{"url":"https:\/\/pubeurope.com\/@fi\/115677778001462616","error":""},"_links":{"self":[{"href":"https:\/\/www.europesays.com\/fi\/wp-json\/wp\/v2\/posts\/109981","targetHints":{"allow":["GET"]}}],"collection":[{"href":"https:\/\/www.europesays.com\/fi\/wp-json\/wp\/v2\/posts"}],"about":[{"href":"https:\/\/www.europesays.com\/fi\/wp-json\/wp\/v2\/types\/post"}],"author":[{"embeddable":true,"href":"https:\/\/www.europesays.com\/fi\/wp-json\/wp\/v2\/users\/2"}],"replies":[{"embeddable":true,"href":"https:\/\/www.europesays.com\/fi\/wp-json\/wp\/v2\/comments?post=109981"}],"version-history":[{"count":0,"href":"https:\/\/www.europesays.com\/fi\/wp-json\/wp\/v2\/posts\/109981\/revisions"}],"wp:featuredmedia":[{"embeddable":true,"href":"https:\/\/www.europesays.com\/fi\/wp-json\/wp\/v2\/media\/109982"}],"wp:attachment":[{"href":"https:\/\/www.europesays.com\/fi\/wp-json\/wp\/v2\/media?parent=109981"}],"wp:term":[{"taxonomy":"category","embeddable":true,"href":"https:\/\/www.europesays.com\/fi\/wp-json\/wp\/v2\/categories?post=109981"},{"taxonomy":"post_tag","embeddable":true,"href":"https:\/\/www.europesays.com\/fi\/wp-json\/wp\/v2\/tags?post=109981"}],"curies":[{"name":"wp","href":"https:\/\/api.w.org\/{rel}","templated":true}]}}