{"id":110001,"date":"2025-12-07T10:44:10","date_gmt":"2025-12-07T10:44:10","guid":{"rendered":"https:\/\/www.europesays.com\/fi\/110001\/"},"modified":"2025-12-07T10:44:10","modified_gmt":"2025-12-07T10:44:10","slug":"lohduton-teksti-julki-venaja-on-pysahtynyt-iltalehti","status":"publish","type":"post","link":"https:\/\/www.europesays.com\/fi\/110001\/","title":{"rendered":"Lohduton teksti julki: &quot;Ven\u00e4j\u00e4 on pys\u00e4htynyt&quot; &#8211; Iltalehti"},"content":{"rendered":"<ol>\n<li><a href=\"https:\/\/news.google.com\/rss\/articles\/CBMifEFVX3lxTFBuSzlYT2FtSGhyYU9sVnNSaU95QjdmakdxSUhwMmJzc3BfTTJzZHRzbVpPLW9nYm9LOUMwUjRaMFpSLU15SDVMaU5XSVZndUY3UDdvMzFlaDFwSWYyZTZDVkRHMExkdEY3Ykp0c2dQa21PRmlZVUN5eTJReW8?oc=5\" target=\"_blank\" rel=\"nofollow noopener\">Lohduton teksti julki: &#8221;Ven\u00e4j\u00e4 on pys\u00e4htynyt&#8221;<\/a>&nbsp;&nbsp;Iltalehti<\/li>\n<li><a href=\"https:\/\/news.google.com\/rss\/articles\/CBMingFBVV95cUxNM1JybVppTVZJVkF2azRyZHR6SGVnWHpDOENTOS1OaXdLU1ZnaUVud1N4NzFNa1VQYnJfMlNFVDJWODZZVUMyd2hmWENHZFZnNVRYaklOZjJTTjZFVXJzUGNncFZmZmNieVFVWkZuWnZteC02YU5xcGdNQkVLcm45b3NHQXozSTNVUTlnSXlmOVZnSks0LVNDQU1fZ1hrUQ?oc=5\" target=\"_blank\" rel=\"nofollow noopener\">Hyytyyk\u00f6 Kremlin sotakone? N\u00e4in pitk\u00e4\u00e4n taisteluita voidaan jatkaa<\/a>&nbsp;&nbsp;Verkkouutiset<\/li>\n<li><a href=\"https:\/\/news.google.com\/rss\/articles\/CBMifEFVX3lxTE1jejZjNHlQRGFSa0RlNlo3U25rQzlNM2tZZ0VfZlBuMUg3MklPcW83bUo5VWp1RFFVd2NMaDRxZi1WbmNNYVBEUXhxejc4LURYLUtEMDVqNzFuVDQxTXl4TXNmRV9ZSWtuNWxKZkduTEhXeTZpM0JkZFhQeDA?oc=5\" target=\"_blank\" rel=\"nofollow noopener\">EU:n k\u00e4rkimaa: Ven\u00e4j\u00e4 ei saa h\u00e4vit\u00e4 Ukrainassa<\/a>&nbsp;&nbsp;Iltalehti<\/li>\n<li><a href=\"https:\/\/news.google.com\/rss\/articles\/CBMiiwFBVV95cUxPMjNLODR4TzRvVjNwd2RBckMyZHdCOE44djVmbXd2Z0JCa1RORHZyODk0OFd5RFI1MXFYYktRcFUwQmdUTGk4Rm03NFBuOHphUGtJQWxMOE1zdVJuT2lndURzSWxFTF9kRmpKQk1pMW51ZURmWVRiVC1pYm5GNkxuVThLNlpqN2h6NDZn?oc=5\" target=\"_blank\" rel=\"nofollow noopener\">[Analyysi] Voidaanko Ven\u00e4j\u00e4n vuoden 2026 sotilasbudjettia yll\u00e4pit\u00e4\u00e4 rikkomatta yhteiskuntasopimusta ja est\u00e4m\u00e4tt\u00e4 maan kasvua?<\/a>&nbsp;&nbsp;Meta-Defense<\/li>\n<li><a href=\"https:\/\/news.google.com\/rss\/articles\/CBMifEFVX3lxTE5hazFTSE1OZnZNNnZiWlJOU2hiWVBLTG9aUURvazN4YXdPRm1uR3dydkNGandfY1dZUHhSek5UdXE0RXpPQmtsa2RhM1ZhS3laMk1SVEdmY2d5ZWFaLTVyWVBvM3JvNDlZYmV1cHpNMF9vc2dvX21UNGtlWmE?oc=5\" target=\"_blank\" rel=\"nofollow noopener\">Ven\u00e4j\u00e4lle valtava pettymys<\/a>&nbsp;&nbsp;Iltalehti<\/li>\n<\/ol>\n","protected":false},"excerpt":{"rendered":"Lohduton teksti julki: &#8221;Ven\u00e4j\u00e4 on pys\u00e4htynyt&#8221;&nbsp;&nbsp;Iltalehti Hyytyyk\u00f6 Kremlin sotakone? N\u00e4in pitk\u00e4\u00e4n taisteluita voidaan jatkaa&nbsp;&nbsp;Verkkouutiset EU:n k\u00e4rkimaa: Ven\u00e4j\u00e4 ei&hellip;\n","protected":false},"author":2,"featured_media":110002,"comment_status":"","ping_status":"","sticky":false,"template":"","format":"standard","meta":{"footnotes":""},"categories":[14],"tags":[35,802,22,23,26,27,33,31,30,17,24,25,803,28,29,15,18,21,144,805,32,3417,19,20,56,16,59,60,61],"class_list":{"0":"post-110001","1":"post","2":"type-post","3":"status-publish","4":"format-standard","5":"has-post-thumbnail","7":"category-ulkomaat","8":"tag-24h","9":"tag-armeijat-ja-aseelliset-joukot","10":"tag-breaking-news","11":"tag-breakingnews","12":"tag-featured-news","13":"tag-featurednews","14":"tag-fi","15":"tag-finland","16":"tag-finnish","17":"tag-headlines","18":"tag-latest-news","19":"tag-latestnews","20":"tag-levottomuudet-ja-sodat","21":"tag-main-news","22":"tag-mainnews","23":"tag-news","24":"tag-otsikot","25":"tag-paauutiset","26":"tag-presidentti","27":"tag-sota","28":"tag-suomi","29":"tag-toinen-maailmansota","30":"tag-top-stories","31":"tag-topstories","32":"tag-ulkomaat","33":"tag-uutiset","34":"tag-world","35":"tag-world-news","36":"tag-worldnews"},"share_on_mastodon":{"url":"https:\/\/pubeurope.com\/@fi\/115677879587715112","error":""},"_links":{"self":[{"href":"https:\/\/www.europesays.com\/fi\/wp-json\/wp\/v2\/posts\/110001","targetHints":{"allow":["GET"]}}],"collection":[{"href":"https:\/\/www.europesays.com\/fi\/wp-json\/wp\/v2\/posts"}],"about":[{"href":"https:\/\/www.europesays.com\/fi\/wp-json\/wp\/v2\/types\/post"}],"author":[{"embeddable":true,"href":"https:\/\/www.europesays.com\/fi\/wp-json\/wp\/v2\/users\/2"}],"replies":[{"embeddable":true,"href":"https:\/\/www.europesays.com\/fi\/wp-json\/wp\/v2\/comments?post=110001"}],"version-history":[{"count":0,"href":"https:\/\/www.europesays.com\/fi\/wp-json\/wp\/v2\/posts\/110001\/revisions"}],"wp:featuredmedia":[{"embeddable":true,"href":"https:\/\/www.europesays.com\/fi\/wp-json\/wp\/v2\/media\/110002"}],"wp:attachment":[{"href":"https:\/\/www.europesays.com\/fi\/wp-json\/wp\/v2\/media?parent=110001"}],"wp:term":[{"taxonomy":"category","embeddable":true,"href":"https:\/\/www.europesays.com\/fi\/wp-json\/wp\/v2\/categories?post=110001"},{"taxonomy":"post_tag","embeddable":true,"href":"https:\/\/www.europesays.com\/fi\/wp-json\/wp\/v2\/tags?post=110001"}],"curies":[{"name":"wp","href":"https:\/\/api.w.org\/{rel}","templated":true}]}}