{"id":110003,"date":"2025-12-07T10:45:08","date_gmt":"2025-12-07T10:45:08","guid":{"rendered":"https:\/\/www.europesays.com\/fi\/110003\/"},"modified":"2025-12-07T10:45:08","modified_gmt":"2025-12-07T10:45:08","slug":"hurja-takaa-ajo-porvoossa-ilta-sanomat","status":"publish","type":"post","link":"https:\/\/www.europesays.com\/fi\/110003\/","title":{"rendered":"Hurja takaa-ajo Porvoossa &#8211; Ilta-Sanomat"},"content":{"rendered":"<p>Useat poliisipartiot jahtasivat henkil\u00f6autoa moottoritiell\u00e4.<\/p>\n<p>Takaa-ajo tallentui videolle.Video: Lukijan video<\/p>\n<p class=\"article-body mb-nof-24 px-nof-16\">PoLiisilla oli sunnuntaiaamup\u00e4iv\u00e4ll\u00e4 n\u00e4ytt\u00e4v\u00e4 takaa-ajotilanne Porvoossa.<\/p>\n<p class=\"article-body mb-nof-24 px-nof-16\">Lukijan IS:lle l\u00e4hett\u00e4m\u00e4ss\u00e4 videossa vaikuttaa n\u00e4kyv\u00e4n, kuinka tilanne sai alkunsa. Poliisipartiot pys\u00e4yttiv\u00e4t toistaiseksi tuntemattomasta syyst\u00e4 henkil\u00f6auton keskelle moottoritiet\u00e4.<\/p>\n<p class=\"article-body mb-nof-24 px-nof-16\">Poliisien l\u00e4hestyess\u00e4 ajoneuvoa henkil\u00f6auton kuljettaja p\u00e4\u00e4tti l\u00e4hte\u00e4 ajamaan karkuun.<\/p>\n<p class=\"article-body mb-nof-24 px-nof-16\">Lukijan mukaan takaa-ajo p\u00e4\u00e4ttyi lopulta Em\u00e4salon ja Porvoon liittym\u00e4\u00e4n, jonne poliisi sai henkil\u00f6auton pys\u00e4ytetty\u00e4.<\/p>\n<p class=\"article-body mb-nof-24 px-nof-16\">Lukijan l\u00e4hett\u00e4m\u00e4n videon perusteella henkil\u00f6auton pys\u00e4ytt\u00e4miseen osallistui useita poliisipartioita.<\/p>\n<p class=\"article-body mb-nof-24 px-nof-16\">It\u00e4-Uudenmaan poliisilaitoksen tilannekeskuksesta kerrotaan takaa-ajotilanteen saaneen alkunsa rutiinitarkastuksesta Vantaalla.<\/p>\n<p class=\"article-body mb-nof-24 px-nof-16\">Poliisi yritti tarkistaa henkil\u00f6autoa, mutta kuljettaja ei noudattanut poliisin antamaa pys\u00e4htymismerkki\u00e4.<\/p>\n<p class=\"article-body mb-nof-24 px-nof-16\">\u2013 Autoilija l\u00e4hti pakenemaan ja ajoi Keh\u00e4 III:a pitkin seiskatielle ja sielt\u00e4 kohti Porvoota, tilannekeskuksesta kerrotaan.<\/p>\n<p class=\"article-body mb-nof-24 px-nof-16\">Poliisin mukaan autoilija ajoi huomattavaa ylinopeutta, yli 200 kilometrin tuntivahdilla.<\/p>\n<p class=\"article-body mb-nof-24 px-nof-16\">Tilanteesta ei aiheutunut varsinaista vaaraa muulle liikenteelle.<\/p>\n<p class=\"article-body mb-nof-24 px-nof-16\">Poliisi ep\u00e4ilee henkil\u00f6auton kuljettajaa t\u00f6rke\u00e4st\u00e4 liikenneturvallisuuden vaarantamisesta.<\/p>\n<p class=\"article-body nof-ui-body-medium mb-nof-24 px-nof-16\">Juttua muokattu 7.12. kello 12.27: p\u00e4ivitetty poliisin kommenteilla.<\/p>\n","protected":false},"excerpt":{"rendered":"Useat poliisipartiot jahtasivat henkil\u00f6autoa moottoritiell\u00e4. Takaa-ajo tallentui videolle.Video: Lukijan video PoLiisilla oli sunnuntaiaamup\u00e4iv\u00e4ll\u00e4 n\u00e4ytt\u00e4v\u00e4 takaa-ajotilanne Porvoossa. Lukijan IS:lle&hellip;\n","protected":false},"author":2,"featured_media":110004,"comment_status":"","ping_status":"","sticky":false,"template":"","format":"standard","meta":{"footnotes":""},"categories":[12],"tags":[22,23,26,27,33,31,30,17,34,24,25,28,29,15,18,21,32,19,20,16],"class_list":{"0":"post-110003","1":"post","2":"type-post","3":"status-publish","4":"format-standard","5":"has-post-thumbnail","7":"category-suomi","8":"tag-breaking-news","9":"tag-breakingnews","10":"tag-featured-news","11":"tag-featurednews","12":"tag-fi","13":"tag-finland","14":"tag-finnish","15":"tag-headlines","16":"tag-ilta-sanomat","17":"tag-latest-news","18":"tag-latestnews","19":"tag-main-news","20":"tag-mainnews","21":"tag-news","22":"tag-otsikot","23":"tag-paauutiset","24":"tag-suomi","25":"tag-top-stories","26":"tag-topstories","27":"tag-uutiset"},"share_on_mastodon":{"url":"https:\/\/pubeurope.com\/@fi\/115677883553489148","error":""},"_links":{"self":[{"href":"https:\/\/www.europesays.com\/fi\/wp-json\/wp\/v2\/posts\/110003","targetHints":{"allow":["GET"]}}],"collection":[{"href":"https:\/\/www.europesays.com\/fi\/wp-json\/wp\/v2\/posts"}],"about":[{"href":"https:\/\/www.europesays.com\/fi\/wp-json\/wp\/v2\/types\/post"}],"author":[{"embeddable":true,"href":"https:\/\/www.europesays.com\/fi\/wp-json\/wp\/v2\/users\/2"}],"replies":[{"embeddable":true,"href":"https:\/\/www.europesays.com\/fi\/wp-json\/wp\/v2\/comments?post=110003"}],"version-history":[{"count":0,"href":"https:\/\/www.europesays.com\/fi\/wp-json\/wp\/v2\/posts\/110003\/revisions"}],"wp:featuredmedia":[{"embeddable":true,"href":"https:\/\/www.europesays.com\/fi\/wp-json\/wp\/v2\/media\/110004"}],"wp:attachment":[{"href":"https:\/\/www.europesays.com\/fi\/wp-json\/wp\/v2\/media?parent=110003"}],"wp:term":[{"taxonomy":"category","embeddable":true,"href":"https:\/\/www.europesays.com\/fi\/wp-json\/wp\/v2\/categories?post=110003"},{"taxonomy":"post_tag","embeddable":true,"href":"https:\/\/www.europesays.com\/fi\/wp-json\/wp\/v2\/tags?post=110003"}],"curies":[{"name":"wp","href":"https:\/\/api.w.org\/{rel}","templated":true}]}}