{"id":110005,"date":"2025-12-07T10:46:14","date_gmt":"2025-12-07T10:46:14","guid":{"rendered":"https:\/\/www.europesays.com\/fi\/110005\/"},"modified":"2025-12-07T10:46:14","modified_gmt":"2025-12-07T10:46:14","slug":"poliisi-savonlinnan-ruumiit-yha-tunnistamatta","status":"publish","type":"post","link":"https:\/\/www.europesays.com\/fi\/110005\/","title":{"rendered":"Poliisi: Savonlinnan ruumiit yh\u00e4 tunnistamatta"},"content":{"rendered":"<p><strong class=\"typography-bold\">Nelj\u00e4 ihmist\u00e4 l\u00f6ytyi kuolleena palaneesta talosta itsen\u00e4isyysp\u00e4iv\u00e4n\u00e4 Savonlinnassa.\u00a0<\/strong><\/p>\n<p>Savonlinnassa Louhessa Hattukalliontiell\u00e4 palaneesta omakotitalosta l\u00f6ytyneiden nelj\u00e4n ihmisen ruumiit ovat tunnistamatta, kertoo tutkinnanjohtaja, rikoskomisario <strong class=\"typography-bold\">Markku K\u00e4rp\u00e4nen<\/strong> MTV Uutisille.\u00a0<\/p>\n<p>\u2013 Sataprosenttista varmuutta ei ole, sill\u00e4 oikeusl\u00e4\u00e4ketieteellist\u00e4 tutkimusta ei ole viel\u00e4 tehty.\u00a0\u00a0<\/p>\n<p>Koska tutkimusta ei ole tehty, ei vainajien kuolinsyyst\u00e4k\u00e4\u00e4n ole tietoa.\u00a0\u00a0<\/p>\n<p>Julkisuudessa olleiden tietojen mukaan talossa asui \u00e4iti kolmen lapsensa kanssa. Tutkinnanjohtaja ei vahvista tietoa, mutta h\u00e4n sanoo MTV:lle, ett\u00e4 palaneessa talossa asui vuokralla perhe.\u00a0<\/p>\n<p>K\u00e4rp\u00e4nen ei my\u00f6sk\u00e4\u00e4n kommentoi tulipalon syttymissyyt\u00e4 tai sit\u00e4, ep\u00e4ileek\u00f6 poliisi rikosta asiassa.\u00a0\u00a0<\/p>\n<p>\u2013 Kaikki tutkintalinjat ovat auki. Tekninen tutkinta tekee palopaikalla t\u00e4n\u00e4\u00e4n tutkimuksia.\u00a0<\/p>\n<p>Ket\u00e4\u00e4n ei kuitenkaan ole otettu kiinni rikoksesta ep\u00e4iltyn\u00e4?<\/p>\n<p>\u2013 Ei toistaiseksi.\u00a0<\/p>\n<p>Talo tuhoutui asuinkelvottomaksi<\/p>\n<p>Pelastuslaitoksen mukaan noin sataneli\u00f6inen yksikerroksinen omakotitalo tuhoutui palossa asuinkelvottomaksi.\u00a0<\/p>\n<p>Pelastuslaitos sai h\u00e4lytyksen suuresta rakennuspalosta Louhen kyl\u00e4lle Hattukalliontielle lauantaina aamukahdeksalta.\u00a0<\/p>\n<p>Teht\u00e4v\u00e4lle h\u00e4lytettiin toistakymment\u00e4 pelastuslaitoksen yksikk\u00f6\u00e4. Poliisi kertoo, ett\u00e4 talo oli ilmiliekeiss\u00e4 viranomaisten saapuessa paikalle.<\/p>\n<p>Lue my\u00f6s: <a class=\"underline\" data-testid=\"internal-link\" role=\"link\" data-sentry-element=\"Link\" data-sentry-component=\"InternalLink\" data-sentry-source-file=\"InternalLink.tsx\" href=\"https:\/\/www.mtvuutiset.fi\/artikkeli\/talo-palaa-savonlinnassa-henkilovahinkoja\/9266106\" rel=\"nofollow noopener\" target=\"_blank\">Palaneesta omakotitalosta l\u00f6ytyi nelj\u00e4 kuollutta Savonlinnassa \u2013 IL: Talossa asui \u00e4iti ja kolme lasta<\/a><\/p>\n","protected":false},"excerpt":{"rendered":"Nelj\u00e4 ihmist\u00e4 l\u00f6ytyi kuolleena palaneesta talosta itsen\u00e4isyysp\u00e4iv\u00e4n\u00e4 Savonlinnassa.\u00a0 Savonlinnassa Louhessa Hattukalliontiell\u00e4 palaneesta omakotitalosta l\u00f6ytyneiden nelj\u00e4n ihmisen ruumiit ovat&hellip;\n","protected":false},"author":2,"featured_media":109249,"comment_status":"","ping_status":"","sticky":false,"template":"","format":"standard","meta":{"footnotes":""},"categories":[5],"tags":[22,23,26,27,33,31,30,17,24,25,28,29,15,18,21,32,19,20,16],"class_list":{"0":"post-110005","1":"post","2":"type-post","3":"status-publish","4":"format-standard","5":"has-post-thumbnail","7":"category-otsikot","8":"tag-breaking-news","9":"tag-breakingnews","10":"tag-featured-news","11":"tag-featurednews","12":"tag-fi","13":"tag-finland","14":"tag-finnish","15":"tag-headlines","16":"tag-latest-news","17":"tag-latestnews","18":"tag-main-news","19":"tag-mainnews","20":"tag-news","21":"tag-otsikot","22":"tag-paauutiset","23":"tag-suomi","24":"tag-top-stories","25":"tag-topstories","26":"tag-uutiset"},"share_on_mastodon":{"url":"https:\/\/pubeurope.com\/@fi\/115677887379659530","error":""},"_links":{"self":[{"href":"https:\/\/www.europesays.com\/fi\/wp-json\/wp\/v2\/posts\/110005","targetHints":{"allow":["GET"]}}],"collection":[{"href":"https:\/\/www.europesays.com\/fi\/wp-json\/wp\/v2\/posts"}],"about":[{"href":"https:\/\/www.europesays.com\/fi\/wp-json\/wp\/v2\/types\/post"}],"author":[{"embeddable":true,"href":"https:\/\/www.europesays.com\/fi\/wp-json\/wp\/v2\/users\/2"}],"replies":[{"embeddable":true,"href":"https:\/\/www.europesays.com\/fi\/wp-json\/wp\/v2\/comments?post=110005"}],"version-history":[{"count":0,"href":"https:\/\/www.europesays.com\/fi\/wp-json\/wp\/v2\/posts\/110005\/revisions"}],"wp:featuredmedia":[{"embeddable":true,"href":"https:\/\/www.europesays.com\/fi\/wp-json\/wp\/v2\/media\/109249"}],"wp:attachment":[{"href":"https:\/\/www.europesays.com\/fi\/wp-json\/wp\/v2\/media?parent=110005"}],"wp:term":[{"taxonomy":"category","embeddable":true,"href":"https:\/\/www.europesays.com\/fi\/wp-json\/wp\/v2\/categories?post=110005"},{"taxonomy":"post_tag","embeddable":true,"href":"https:\/\/www.europesays.com\/fi\/wp-json\/wp\/v2\/tags?post=110005"}],"curies":[{"name":"wp","href":"https:\/\/api.w.org\/{rel}","templated":true}]}}