{"id":110006,"date":"2025-12-07T10:58:08","date_gmt":"2025-12-07T10:58:08","guid":{"rendered":"https:\/\/www.europesays.com\/fi\/110006\/"},"modified":"2025-12-07T10:58:08","modified_gmt":"2025-12-07T10:58:08","slug":"linnan-jatkoille-satojen-metrien-jono-jenna-simula-ja-joukko-kansanedustajia-jaivat-ulkopuolelle","status":"publish","type":"post","link":"https:\/\/www.europesays.com\/fi\/110006\/","title":{"rendered":"Linnan jatkoille satojen metrien jono \u2013 Jenna Simula ja joukko kansanedustajia j\u00e4iv\u00e4t ulkopuolelle"},"content":{"rendered":"<p>Hotelli K\u00e4mpin Linnan jatkoille osallistui reilu m\u00e4\u00e4r\u00e4 ihmisi\u00e4.<\/p>\n<p><img decoding=\"async\" class=\"image image-show image-preview\" src=\"https:\/\/www.europesays.com\/fi\/wp-content\/uploads\/2025\/12\/0836bd303db7ecb4042be2fb1d4d6339c324488ed7c7b6fa8d880dd08b096c25.jpg\" alt=\"\"\/><img decoding=\"async\" class=\"image image-show\" src=\"https:\/\/www.europesays.com\/fi\/wp-content\/uploads\/2025\/12\/1765105088_179_0836bd303db7ecb4042be2fb1d4d6339c324488ed7c7b6fa8d880dd08b096c25.jpg\" alt=\"\"\/><\/p>\n<p>Osa Linnan juhlien vieraista ei p\u00e4\u00e4ssyt K\u00e4mpin jatkoille. Roosa Br\u00f6ijer<\/p>\n<p class=\"paragraph\">Hotelli K\u00e4mpiss\u00e4 j\u00e4rjestetyt Linnan jatkot ker\u00e4siv\u00e4t paikalle mittavan m\u00e4\u00e4r\u00e4n ihmisi\u00e4, mutta kaikki eiv\u00e4t mahtuneet sis\u00e4lle.<\/p>\n<p class=\"paragraph\">Iltalehden paikalla olleet toimittajat kertoivat, ett\u00e4 jono jatkoille oli yhdess\u00e4 kohtaa yli kaksi tuntia. Lopulta jonossa siihen menness\u00e4 olleet ihmiset k\u00e4\u00e4nnytettiin ovilta pois.<\/p>\n<p class=\"paragraph\">Yksi K\u00e4mpin ulkopuolelle j\u00e4\u00e4neist\u00e4 kansanedustajista on perussuomalaisten <a href=\"https:\/\/www.iltalehti.fi\/henkilot\/Jenna Simula\" class=\"article-link-person-page\" rel=\"nofollow noopener\" target=\"_blank\">Jenna Simula<\/a>. Simula kommentoi Iltalehdelle lyhyesti tekstiviestitse jonon pituutta.<\/p>\n<p class=\"paragraph\">\u2013 Emme lopulta j\u00e4\u00e4neet jonottamaan, kun jono olikin niin pitk\u00e4, Simula viestitt\u00e4\u00e4.<\/p>\n<p class=\"paragraph\">Kysymykseen siit\u00e4, mihin ilta jatkui Simulalla on lyhyt ja ytimek\u00e4s vastaus.<\/p>\n<p class=\"paragraph\">\u2013 Nukkumaan, h\u00e4n toteaa.<\/p>\n<p class=\"paragraph\">My\u00f6s perussuomalaisten kansanedustaja ja ulkomaankauppa- ja kehitysministeri <a href=\"https:\/\/www.iltalehti.fi\/henkilot\/Ville Tavio\" class=\"article-link-person-page\" rel=\"nofollow noopener\" target=\"_blank\">Ville Tavio<\/a> k\u00e4veli lopulta jonon ohi puolisonsa kanssa.<\/p>\n<p class=\"paragraph\">\u2013 K\u00e4velimme ohi, kun n\u00e4imme jonon olevan niin pitk\u00e4.<\/p>\n<p class=\"paragraph\">Iltalehden tietojen mukaan useita kansanedustajia meni K\u00e4mpin sijaan Marskin aulabaariin. Marskissa oli kymmenkunta kansanedustajaa, joista kaikki p\u00e4ivitteliv\u00e4t samaa: K\u00e4mpin valtavaa jonoa.<\/p>\n<p>Hotellin johtaja kommentoi<\/p>\n<p class=\"paragraph\">K\u00e4mpin johtaja <strong>Tuomas Liewendahl<\/strong> perustelee Iltalehdelle puhelimitse ratkaisua k\u00e4\u00e4nnytt\u00e4\u00e4 ihmiset ovilta.<\/p>\n<p class=\"paragraph\">\u2013 Tiloissa on tietty m\u00e4\u00e4r\u00e4 ihmisi\u00e4, joita voidaan samaan aikaan pit\u00e4\u00e4 talon sis\u00e4ll\u00e4. Valitettavasti t\u00e4m\u00e4n takia kaikki eiv\u00e4t p\u00e4\u00e4sseet sis\u00e4lle juuri silloin, kun halusivat, Liewendahl perustelee.<\/p>\n<p class=\"paragraph\">Liewendahl kertoo, ett\u00e4 hotelli K\u00e4mp on halunnut pit\u00e4\u00e4 avoimuuden periaatteen jatkojuhlissaan.<\/p>\n<p class=\"paragraph\">\u2013 Linnan jatkot ovat kaikkien juhlat. Olemme pit\u00e4neet sen periaatteen, ett\u00e4 K\u00e4mp on avoinna kaikille, jotka haluavat juhlistaa Suomen itsen\u00e4isyytt\u00e4 koko p\u00e4iv\u00e4n aikana, Liewendahl sanoo.<\/p>\n<p class=\"paragraph\">Yhteens\u00e4 K\u00e4mpiss\u00e4 oli itsen\u00e4isyysp\u00e4iv\u00e4n\u00e4 noin tuhat ihmist\u00e4, Liewendahl arvioi.<\/p>\n","protected":false},"excerpt":{"rendered":"Hotelli K\u00e4mpin Linnan jatkoille osallistui reilu m\u00e4\u00e4r\u00e4 ihmisi\u00e4. Osa Linnan juhlien vieraista ei p\u00e4\u00e4ssyt K\u00e4mpin jatkoille. Roosa Br\u00f6ijer&hellip;\n","protected":false},"author":2,"featured_media":110007,"comment_status":"","ping_status":"","sticky":false,"template":"","format":"standard","meta":{"footnotes":""},"categories":[136],"tags":[35,407,137,33,31,30,408,142,637,886,885,887,32,109],"class_list":{"0":"post-110006","1":"post","2":"type-post","3":"status-publish","4":"format-standard","5":"has-post-thumbnail","7":"category-julkkikset","8":"tag-24h","9":"tag-celebrities","10":"tag-entertainment","11":"tag-fi","12":"tag-finland","13":"tag-finnish","14":"tag-julkkikset","15":"tag-poliitikot","16":"tag-politiikka","17":"tag-puolueet","18":"tag-suomen-poliittiset-puolueet","19":"tag-suomen-politiikka","20":"tag-suomi","21":"tag-viihde"},"share_on_mastodon":{"url":"https:\/\/pubeurope.com\/@fi\/115677934749414812","error":""},"_links":{"self":[{"href":"https:\/\/www.europesays.com\/fi\/wp-json\/wp\/v2\/posts\/110006","targetHints":{"allow":["GET"]}}],"collection":[{"href":"https:\/\/www.europesays.com\/fi\/wp-json\/wp\/v2\/posts"}],"about":[{"href":"https:\/\/www.europesays.com\/fi\/wp-json\/wp\/v2\/types\/post"}],"author":[{"embeddable":true,"href":"https:\/\/www.europesays.com\/fi\/wp-json\/wp\/v2\/users\/2"}],"replies":[{"embeddable":true,"href":"https:\/\/www.europesays.com\/fi\/wp-json\/wp\/v2\/comments?post=110006"}],"version-history":[{"count":0,"href":"https:\/\/www.europesays.com\/fi\/wp-json\/wp\/v2\/posts\/110006\/revisions"}],"wp:featuredmedia":[{"embeddable":true,"href":"https:\/\/www.europesays.com\/fi\/wp-json\/wp\/v2\/media\/110007"}],"wp:attachment":[{"href":"https:\/\/www.europesays.com\/fi\/wp-json\/wp\/v2\/media?parent=110006"}],"wp:term":[{"taxonomy":"category","embeddable":true,"href":"https:\/\/www.europesays.com\/fi\/wp-json\/wp\/v2\/categories?post=110006"},{"taxonomy":"post_tag","embeddable":true,"href":"https:\/\/www.europesays.com\/fi\/wp-json\/wp\/v2\/tags?post=110006"}],"curies":[{"name":"wp","href":"https:\/\/api.w.org\/{rel}","templated":true}]}}