{"id":110016,"date":"2025-12-07T11:10:08","date_gmt":"2025-12-07T11:10:08","guid":{"rendered":"https:\/\/www.europesays.com\/fi\/110016\/"},"modified":"2025-12-07T11:10:08","modified_gmt":"2025-12-07T11:10:08","slug":"kiinan-raivo-konkretisoitui","status":"publish","type":"post","link":"https:\/\/www.europesays.com\/fi\/110016\/","title":{"rendered":"Kiinan raivo konkretisoitui"},"content":{"rendered":"<p>Japani kertoo kiinalaisten h\u00e4vitt\u00e4jien suunnanneen asej\u00e4rjestelmiens\u00e4 tutkat Japanin h\u00e4vitt\u00e4ji\u00e4 kohtaan lauantaina.<\/p>\n<p><img decoding=\"async\" class=\"image image-show image-preview\" src=\"https:\/\/www.europesays.com\/fi\/wp-content\/uploads\/2025\/12\/9f07fab304f0257fa8ffe1bf535ae3d9307d7089fa5b491d9965955e37ffb1ea.jpg\" alt=\"\"\/><img decoding=\"async\" class=\"image image-show\" src=\"https:\/\/www.europesays.com\/fi\/wp-content\/uploads\/2025\/12\/1765105808_420_9f07fab304f0257fa8ffe1bf535ae3d9307d7089fa5b491d9965955e37ffb1ea.jpg\" alt=\"\"\/><\/p>\n<p>Kiinan ja Japanin v\u00e4lit ovat kiristyneet viime aikoina huomattavasti Japanin Taiwaniin liittyvien julkisten lausuntojen vuoksi. Kiinan presidentti Xi Jinping (kuvassa) on ilmoittanut tavoitteekseen, ett\u00e4 Kiinan armeijalla olisi kyky vallata Taiwan vuoteen 2027 menness\u00e4. ZumaWire \/ MVPHOTOS<\/p>\n<p class=\"paragraph\">Japanin ja Kiinan v\u00e4linen diplomaattinen kriisi kiristyi j\u00e4lleen lauantaina, kun Japani ilmoitti kiinalaisten J-15-h\u00e4vitt\u00e4jien suunnanneen asej\u00e4rjestelmiens\u00e4 tutkat Japanin F-15-h\u00e4vitt\u00e4ji\u00e4 kohtaan.<\/p>\n<p class=\"paragraph\">Japanin puolustusministerin <a href=\"https:\/\/www.iltalehti.fi\/henkilot\/Shinjir\u014d Koizumi\" class=\"article-link-person-page\" rel=\"nofollow noopener\" target=\"_blank\">Shinjir\u014d Koizumin<\/a> mukaan v\u00e4likohtauksia sattui yhteens\u00e4 kaksi. Ensimm\u00e4inen niist\u00e4 tapahtui 6. joulukuuta noin puoli viidelt\u00e4 iltap\u00e4iv\u00e4ll\u00e4 paikallista aikaa ja toinen my\u00f6hemmin noin seitsem\u00e4n aikaan illalla.<\/p>\n<p class=\"paragraph\">Japanin h\u00e4vitt\u00e4j\u00e4t olivat puolustusministerin lausunnon mukaan ilmassa vastauksena kiinalaisen h\u00e4vitt\u00e4j\u00e4n ilmatilaloukkauksiin.<\/p>\n<p class=\"paragraph\">\u2013 N\u00e4m\u00e4 tutkan suuntaamiset ylittiv\u00e4t lentokoneiden turvallisen lent\u00e4misen kannalta v\u00e4ltt\u00e4m\u00e4tt\u00f6m\u00e4n tason, Koizumi kertoo X:ss\u00e4 julkaistussa tiedotteessa.<\/p>\n<p>Japanin puolustusministeri Shinjir\u014d Koizumi on aiemmin linjannut maansa viev\u00e4n ohjuksia Taiwanin l\u00e4heisyyteen. EPA \/ AOP<\/p>\n<p class=\"paragraph\">Kiinalaish\u00e4vitt\u00e4j\u00e4t olivat Koizumin mukaan nousseet ilmaan Okinawan saaren kaakkoispuolella sijaitsevilla kansainv\u00e4lisill\u00e4 vesill\u00e4 seilanneelta lentotukialus Liaoningilta.<\/p>\n<p class=\"paragraph\">Kiina on kiist\u00e4nyt Japanin version tapahtumista.<\/p>\n<p class=\"paragraph\">Maan laivaston tiedottajan <strong>Wang Xuemengin<\/strong> mukaan japanilaiset koneet olivat toistuvasti l\u00e4hestyneet ja h\u00e4irinneet Kiinan laivastoa, kun se suoritti aiemmin ilmoitettua lentotukialusperusteista lentokoulutusta Miyakon salmen it\u00e4puolella.<\/p>\n<p>Kiina on kiist\u00e4nyt Japanin v\u00e4itteet tapahtumista. Kuvassa kiinalaisia J-15-h\u00e4vitt\u00e4ji\u00e4. AOP<\/p>\n<p>Kiristynyt tilanne<\/p>\n<p class=\"paragraph\">V\u00e4likohtaus sattui jo valmiiksi kiristyneess\u00e4 tilanteessa. Taustalla on Japanin osoittama tuki Taiwanille, jota Kiinan johto pit\u00e4\u00e4 kapinoivana maakuntanaan.<\/p>\n<p class=\"paragraph\">Japanin p\u00e4\u00e4ministeri <a href=\"https:\/\/www.iltalehti.fi\/henkilot\/Sanae Takaichi\" class=\"article-link-person-page\" rel=\"nofollow noopener\" target=\"_blank\">Sanae Takaichi<\/a> <a href=\"https:\/\/www.iltalehti.fi\/ulkomaat\/52613a6f-7b63-4e84-bb66-25bfe5739e20\" rel=\"nofollow noopener\" target=\"_blank\">ilmoitti<\/a> marraskuussa Japanin voivan vastata sotilaallisesti, jos Kiina yritt\u00e4\u00e4 hy\u00f6k\u00e4t\u00e4 Taiwaniin.<\/p>\n<p class=\"paragraph\">Kiinan presidentti <a href=\"https:\/\/www.iltalehti.fi\/henkilot\/Xi Jinping\" class=\"article-link-person-page\" rel=\"nofollow noopener\" target=\"_blank\">Xi Jinping<\/a> on ilmoittanut tavoitteekseen, ett\u00e4 Kiinan armeijalla olisi kyky vallata Taiwan vuoteen 2027 menness\u00e4.<\/p>\n<p class=\"paragraph\">Kiina reagoi vahvasti my\u00f6s Japanin ilmoitukseen sijoittaa keskipitk\u00e4n kantaman ohjuksia Taiwanin l\u00e4hell\u00e4 sijaitseviin sotilastukikohtiin.<\/p>\n<p class=\"paragraph\">Kiinan ulkoministeri\u00f6n tiedottaja <a href=\"https:\/\/www.iltalehti.fi\/henkilot\/Mao Ning\" class=\"article-link-person-page\" rel=\"nofollow noopener\" target=\"_blank\">Mao Ning<\/a> kuvaili suunnitelmaa \u201d\u00e4\u00e4rimm\u00e4isen vaaralliseksi\u201d yritykseksi provosoida Kiinaa sotilaalliseen yhteenottoon.<\/p>\n","protected":false},"excerpt":{"rendered":"Japani kertoo kiinalaisten h\u00e4vitt\u00e4jien suunnanneen asej\u00e4rjestelmiens\u00e4 tutkat Japanin h\u00e4vitt\u00e4ji\u00e4 kohtaan lauantaina. Kiinan ja Japanin v\u00e4lit ovat kiristyneet viime&hellip;\n","protected":false},"author":2,"featured_media":110017,"comment_status":"","ping_status":"","sticky":false,"template":"","format":"standard","meta":{"footnotes":""},"categories":[14],"tags":[35,802,22,23,26,27,33,31,30,17,24,25,2910,803,28,29,15,18,21,637,2535,32,19,20,56,16,59,60,61],"class_list":{"0":"post-110016","1":"post","2":"type-post","3":"status-publish","4":"format-standard","5":"has-post-thumbnail","7":"category-ulkomaat","8":"tag-24h","9":"tag-armeijat-ja-aseelliset-joukot","10":"tag-breaking-news","11":"tag-breakingnews","12":"tag-featured-news","13":"tag-featurednews","14":"tag-fi","15":"tag-finland","16":"tag-finnish","17":"tag-headlines","18":"tag-latest-news","19":"tag-latestnews","20":"tag-lentoliikenne-ilmaliikenne","21":"tag-levottomuudet-ja-sodat","22":"tag-main-news","23":"tag-mainnews","24":"tag-news","25":"tag-otsikot","26":"tag-paauutiset","27":"tag-politiikka","28":"tag-puolustuspolitiikka","29":"tag-suomi","30":"tag-top-stories","31":"tag-topstories","32":"tag-ulkomaat","33":"tag-uutiset","34":"tag-world","35":"tag-world-news","36":"tag-worldnews"},"share_on_mastodon":{"url":"https:\/\/pubeurope.com\/@fi\/115677981955232913","error":""},"_links":{"self":[{"href":"https:\/\/www.europesays.com\/fi\/wp-json\/wp\/v2\/posts\/110016","targetHints":{"allow":["GET"]}}],"collection":[{"href":"https:\/\/www.europesays.com\/fi\/wp-json\/wp\/v2\/posts"}],"about":[{"href":"https:\/\/www.europesays.com\/fi\/wp-json\/wp\/v2\/types\/post"}],"author":[{"embeddable":true,"href":"https:\/\/www.europesays.com\/fi\/wp-json\/wp\/v2\/users\/2"}],"replies":[{"embeddable":true,"href":"https:\/\/www.europesays.com\/fi\/wp-json\/wp\/v2\/comments?post=110016"}],"version-history":[{"count":0,"href":"https:\/\/www.europesays.com\/fi\/wp-json\/wp\/v2\/posts\/110016\/revisions"}],"wp:featuredmedia":[{"embeddable":true,"href":"https:\/\/www.europesays.com\/fi\/wp-json\/wp\/v2\/media\/110017"}],"wp:attachment":[{"href":"https:\/\/www.europesays.com\/fi\/wp-json\/wp\/v2\/media?parent=110016"}],"wp:term":[{"taxonomy":"category","embeddable":true,"href":"https:\/\/www.europesays.com\/fi\/wp-json\/wp\/v2\/categories?post=110016"},{"taxonomy":"post_tag","embeddable":true,"href":"https:\/\/www.europesays.com\/fi\/wp-json\/wp\/v2\/tags?post=110016"}],"curies":[{"name":"wp","href":"https:\/\/api.w.org\/{rel}","templated":true}]}}