{"id":110020,"date":"2025-12-07T11:12:08","date_gmt":"2025-12-07T11:12:08","guid":{"rendered":"https:\/\/www.europesays.com\/fi\/110020\/"},"modified":"2025-12-07T11:12:08","modified_gmt":"2025-12-07T11:12:08","slug":"hurja-takaa-ajo-pirkanmaalla","status":"publish","type":"post","link":"https:\/\/www.europesays.com\/fi\/110020\/","title":{"rendered":"Hurja takaa-ajo Pirkanmaalla"},"content":{"rendered":"<p>Virkavaltaa paennut kaksikko oli poliisille entuudestaan tuttu.<\/p>\n<p><img decoding=\"async\" class=\"image image-show image-preview\" src=\"https:\/\/www.europesays.com\/fi\/wp-content\/uploads\/2025\/12\/206f0f6d480803660a5e4a21ff79be290a4a5adae04d0d8f07235ca07d625cce.jpg\" alt=\"\"\/><img decoding=\"async\" class=\"image image-show\" src=\"https:\/\/www.europesays.com\/fi\/wp-content\/uploads\/2025\/12\/1765105928_321_206f0f6d480803660a5e4a21ff79be290a4a5adae04d0d8f07235ca07d625cce.jpg\" alt=\"\"\/><\/p>\n<p>Joni otti kauppareissullaan kuvan risteykseen j\u00e4tetyst\u00e4 pakoautosta ja poliisiautosta. Lukijan kuva<\/p>\n<p class=\"paragraph\"><strong>Joni<\/strong> kertoo Iltalehdelle todistaneensa t\u00e4n\u00e4\u00e4n takaa-ajotilannetta Pirkanmaalla Viialassa. Joni esiintyy jutussa pelk\u00e4ll\u00e4 etunimell\u00e4\u00e4n yksityisyyssyist\u00e4.<\/p>\n<p class=\"paragraph\">\u2013 Lemp\u00e4\u00e4l\u00e4n suunnasta naapurikyl\u00e4st\u00e4 tuli tuo takaa-ajo, siin\u00e4 oli useampi poliisiauto jahtaamassa sit\u00e4 autoa, Joni kertoo.<\/p>\n<p class=\"paragraph\">Joni kertoo kuulleensa naapureiltaan, ett\u00e4 auto oli ajanut kyl\u00e4ll\u00e4 hurjalla tavalla ja aiheuttanut useita vaaratilanteita.<\/p>\n<p class=\"paragraph\">Sis\u00e4-Suomen poliisilaitos tiedotti sunnuntaina puolilta p\u00e4ivin, ett\u00e4 poliisilla oli sunnuntaina hieman ennen aamukymment\u00e4 teht\u00e4v\u00e4, jossa se oli pys\u00e4ytt\u00e4m\u00e4ss\u00e4 henkil\u00f6autoa tarkastusteht\u00e4v\u00e4n vuoksi Tampereen Kaukaj\u00e4rvell\u00e4.<\/p>\n<p class=\"paragraph\">Tiedotteen mukaan henkil\u00f6auto ei pys\u00e4htynyt, vaan l\u00e4hti pakenemaan kovaa vauhtia. Henkil\u00f6auto pakeni ensin moottoritiet\u00e4 pitkin, ja kulki sen j\u00e4lkeen useiden asuinalueiden l\u00e4pi taajama-alueella. Vauhtia oli korkeimmillaan 170 kilometri\u00e4 tunnissa.<\/p>\n<p class=\"paragraph\">Poliisin mukaan takaa-ajo aiheutti useita vaaratilanteita, mutta sivullisille ei koitunut tilanteesta vahinkoja.<\/p>\n<p>Pakeni juosten<\/p>\n<p class=\"paragraph\">Alueella asuvan Jonin mukaan takaa-ajettu auto pys\u00e4htyi lopulta er\u00e4\u00e4seen risteykseen junaradan l\u00e4hell\u00e4 Viialassa, ja kuljettaja oli h\u00e4nen kuulemansa mukaan paennut siit\u00e4 maastoon.<\/p>\n<p class=\"paragraph\">Joni kertoo, ett\u00e4 h\u00e4n huomasi pys\u00e4htyneen henkil\u00f6auton ja poliisiautot, kun h\u00e4n l\u00e4hti lastensa kanssa kauppaan sunnuntaina aamup\u00e4iv\u00e4ll\u00e4.<\/p>\n<p class=\"paragraph\">\u2013 Kun k\u00e4velimme niiden ohi, niin kuulimme, ettei kuljettajaa ole viel\u00e4 l\u00f6ytynyt. N\u00e4in poliisiautoja ajamassa my\u00f6s junaradan toisella puolella.<\/p>\n<p class=\"paragraph\">Poliisi kertoo tiedotteessaan puolilta p\u00e4ivin, ett\u00e4 ep\u00e4illyt on otettu kiinni.<\/p>\n<p class=\"paragraph\">\u2013 Takaa-ajo p\u00e4\u00e4ttyi lopulta Akaan Viialassa, jossa poliisipartio sai pys\u00e4ytetty\u00e4 ajoneuvon. Takaa-ajon p\u00e4\u00e4tytty\u00e4 ajoneuvon kuljettaja ja kyydiss\u00e4 ollut matkustaja l\u00e4htiv\u00e4t pakenemaan poliisia juosten. Poliisi otti molemmat henkil\u00f6t kiinni nopeasti tapahtumapaikan l\u00e4heisyydest\u00e4. Ep\u00e4illyt ovat poliisille entuudestaan tuttuja, t\u00e4ysi-ik\u00e4isi\u00e4 miehi\u00e4.<\/p>\n<p class=\"paragraph\">Poliisi on aloittanut asiassa esitutkinnan. Rikosnimikkein\u00e4 ovat t\u00e4ll\u00e4 hetkell\u00e4 t\u00f6rke\u00e4 liikenneturvallisuuden vaarantaminen, t\u00f6rke\u00e4 rattijuopumus ja t\u00f6rke\u00e4 huumausainerikos.<\/p>\n","protected":false},"excerpt":{"rendered":"Virkavaltaa paennut kaksikko oli poliisille entuudestaan tuttu. Joni otti kauppareissullaan kuvan risteykseen j\u00e4tetyst\u00e4 pakoautosta ja poliisiautosta. Lukijan kuva&hellip;\n","protected":false},"author":2,"featured_media":110021,"comment_status":"","ping_status":"","sticky":false,"template":"","format":"standard","meta":{"footnotes":""},"categories":[5],"tags":[35,22,23,26,27,33,31,30,17,55,24,25,121,28,29,15,18,21,122,54,52,32,19,20,16],"class_list":{"0":"post-110020","1":"post","2":"type-post","3":"status-publish","4":"format-standard","5":"has-post-thumbnail","7":"category-otsikot","8":"tag-24h","9":"tag-breaking-news","10":"tag-breakingnews","11":"tag-featured-news","12":"tag-featurednews","13":"tag-fi","14":"tag-finland","15":"tag-finnish","16":"tag-headlines","17":"tag-lainvalvonta","18":"tag-latest-news","19":"tag-latestnews","20":"tag-liikenne-ja-kuljetus","21":"tag-main-news","22":"tag-mainnews","23":"tag-news","24":"tag-otsikot","25":"tag-paauutiset","26":"tag-pelastaminen","27":"tag-pelastuspalvelut","28":"tag-poliisi","29":"tag-suomi","30":"tag-top-stories","31":"tag-topstories","32":"tag-uutiset"},"share_on_mastodon":{"url":"https:\/\/pubeurope.com\/@fi\/115677989786761235","error":""},"_links":{"self":[{"href":"https:\/\/www.europesays.com\/fi\/wp-json\/wp\/v2\/posts\/110020","targetHints":{"allow":["GET"]}}],"collection":[{"href":"https:\/\/www.europesays.com\/fi\/wp-json\/wp\/v2\/posts"}],"about":[{"href":"https:\/\/www.europesays.com\/fi\/wp-json\/wp\/v2\/types\/post"}],"author":[{"embeddable":true,"href":"https:\/\/www.europesays.com\/fi\/wp-json\/wp\/v2\/users\/2"}],"replies":[{"embeddable":true,"href":"https:\/\/www.europesays.com\/fi\/wp-json\/wp\/v2\/comments?post=110020"}],"version-history":[{"count":0,"href":"https:\/\/www.europesays.com\/fi\/wp-json\/wp\/v2\/posts\/110020\/revisions"}],"wp:featuredmedia":[{"embeddable":true,"href":"https:\/\/www.europesays.com\/fi\/wp-json\/wp\/v2\/media\/110021"}],"wp:attachment":[{"href":"https:\/\/www.europesays.com\/fi\/wp-json\/wp\/v2\/media?parent=110020"}],"wp:term":[{"taxonomy":"category","embeddable":true,"href":"https:\/\/www.europesays.com\/fi\/wp-json\/wp\/v2\/categories?post=110020"},{"taxonomy":"post_tag","embeddable":true,"href":"https:\/\/www.europesays.com\/fi\/wp-json\/wp\/v2\/tags?post=110020"}],"curies":[{"name":"wp","href":"https:\/\/api.w.org\/{rel}","templated":true}]}}