{"id":110022,"date":"2025-12-07T11:24:09","date_gmt":"2025-12-07T11:24:09","guid":{"rendered":"https:\/\/www.europesays.com\/fi\/110022\/"},"modified":"2025-12-07T11:24:09","modified_gmt":"2025-12-07T11:24:09","slug":"alisa-vainio-juoksi-sen-uskomaton-yksityiskohta","status":"publish","type":"post","link":"https:\/\/www.europesays.com\/fi\/110022\/","title":{"rendered":"Alisa Vainio juoksi SE:n \u2013 uskomaton yksityiskohta"},"content":{"rendered":"<p>Suomalaisjuoksija vet\u00e4\u00e4 vertoja miesjuoksijoillekin.<\/p>\n<p>Ilta-Sanomat kysyi lokakuussa Alisa Vainiolta mit\u00e4 h\u00e4n miettii juostessaan.Video: Pete Aarre-Ahtio<\/p>\n<p class=\"article-body mb-nof-24 px-nof-16\">Kest\u00e4vyysjuoksija <a class=\"article-personlink\" href=\"https:\/\/www.is.fi\/haku\/?query=Alisa%20Vainio\" rel=\"nofollow noopener\" target=\"_blank\">Alisa Vainio<\/a> juoksi sunnuntaina uuden maratonin naisten Suomen enn\u00e4tyksen 2.20.48.<\/p>\n<p class=\"article-body mb-nof-24 px-nof-16\">Espanjassa Valencian maratonilla juostu aika oli yli kaksi minuuttia kovempi kuin Vainion edellinen Suomen enn\u00e4tys 2.23.06.<\/p>\n<p class=\"article-body mb-nof-24 px-nof-16\">Vainion juoksusta tekee entist\u00e4 vakuuttavamman se, ett\u00e4 h\u00e4nen tuore aikansa olisi kauden kotimainen k\u00e4rkitulos my\u00f6s miehiss\u00e4. Miesten kauden kotimainen k\u00e4rkitulos maratonilla on <a class=\"article-personlink\" href=\"https:\/\/www.is.fi\/haku\/?query=Julius%20Taskisen\" rel=\"nofollow noopener\" target=\"_blank\">Julius Taskisen<\/a> juoksema 2.20.54.<\/p>\n<p class=\"article-body mb-nof-24 px-nof-16\">T\u00e4ll\u00e4 kaudella naisten kauden kotimainen k\u00e4rkitulos j\u00e4\u00e4 siis maratonilla todenn\u00e4k\u00f6isesti paremmaksi kuin miesten vastaava, koska kisakausi on Suomessa jo ohi ja kalenterivuosi vetelee viimeisi\u00e4\u00e4n. T\u00e4m\u00e4 olisi v\u00e4hint\u00e4\u00e4n \u00e4\u00e4rimm\u00e4isen harvinaista, ellei jopa ainutkertaista.<\/p>\n<p class=\"article-body mb-nof-24 px-nof-16\">Miesten maratonin Suomen enn\u00e4tys on <a class=\"article-personlink\" href=\"https:\/\/www.is.fi\/haku\/?query=Janne%20Holm%C3%A9nin\" rel=\"nofollow noopener\" target=\"_blank\">Janne Holm\u00e9nin<\/a> vuonna 2008 juoksema 2.10.46.<\/p>\n<p class=\"article-body mb-nof-24 px-nof-16\">Vainio rikkoi Suomen enn\u00e4tyksell\u00e4\u00e4n my\u00f6s Pohjoismaiden enn\u00e4tyksen, joka oli aiemmin Norjan <a class=\"article-personlink\" href=\"https:\/\/www.is.fi\/haku\/?query=Ingrid%20Kristiansenin\" rel=\"nofollow noopener\" target=\"_blank\">Ingrid Kristiansenin<\/a> juoksema 2.21.06. Kristiansen juoksi enn\u00e4tyksens\u00e4 vuonna 1985.<\/p>\n<p class=\"article-body mb-nof-24 px-nof-16\">Vainio sijoittui Valencian maratonilla nelj\u00e4nneksi. Kisan voitti Kenian <a class=\"article-personlink\" href=\"https:\/\/www.is.fi\/haku\/?query=Joyciline%20Jepkosgei\" rel=\"nofollow noopener\" target=\"_blank\">Joyciline Jepkosgei<\/a> ajalla 2.14.00.<\/p>\n","protected":false},"excerpt":{"rendered":"Suomalaisjuoksija vet\u00e4\u00e4 vertoja miesjuoksijoillekin. Ilta-Sanomat kysyi lokakuussa Alisa Vainiolta mit\u00e4 h\u00e4n miettii juostessaan.Video: Pete Aarre-Ahtio Kest\u00e4vyysjuoksija Alisa Vainio&hellip;\n","protected":false},"author":2,"featured_media":110023,"comment_status":"","ping_status":"","sticky":false,"template":"","format":"standard","meta":{"footnotes":""},"categories":[136],"tags":[407,137,33,31,30,34,408,32,109],"class_list":{"0":"post-110022","1":"post","2":"type-post","3":"status-publish","4":"format-standard","5":"has-post-thumbnail","7":"category-julkkikset","8":"tag-celebrities","9":"tag-entertainment","10":"tag-fi","11":"tag-finland","12":"tag-finnish","13":"tag-ilta-sanomat","14":"tag-julkkikset","15":"tag-suomi","16":"tag-viihde"},"share_on_mastodon":{"url":"https:\/\/pubeurope.com\/@fi\/115678036814551771","error":""},"_links":{"self":[{"href":"https:\/\/www.europesays.com\/fi\/wp-json\/wp\/v2\/posts\/110022","targetHints":{"allow":["GET"]}}],"collection":[{"href":"https:\/\/www.europesays.com\/fi\/wp-json\/wp\/v2\/posts"}],"about":[{"href":"https:\/\/www.europesays.com\/fi\/wp-json\/wp\/v2\/types\/post"}],"author":[{"embeddable":true,"href":"https:\/\/www.europesays.com\/fi\/wp-json\/wp\/v2\/users\/2"}],"replies":[{"embeddable":true,"href":"https:\/\/www.europesays.com\/fi\/wp-json\/wp\/v2\/comments?post=110022"}],"version-history":[{"count":0,"href":"https:\/\/www.europesays.com\/fi\/wp-json\/wp\/v2\/posts\/110022\/revisions"}],"wp:featuredmedia":[{"embeddable":true,"href":"https:\/\/www.europesays.com\/fi\/wp-json\/wp\/v2\/media\/110023"}],"wp:attachment":[{"href":"https:\/\/www.europesays.com\/fi\/wp-json\/wp\/v2\/media?parent=110022"}],"wp:term":[{"taxonomy":"category","embeddable":true,"href":"https:\/\/www.europesays.com\/fi\/wp-json\/wp\/v2\/categories?post=110022"},{"taxonomy":"post_tag","embeddable":true,"href":"https:\/\/www.europesays.com\/fi\/wp-json\/wp\/v2\/tags?post=110022"}],"curies":[{"name":"wp","href":"https:\/\/api.w.org\/{rel}","templated":true}]}}