{"id":110026,"date":"2025-12-07T11:31:09","date_gmt":"2025-12-07T11:31:09","guid":{"rendered":"https:\/\/www.europesays.com\/fi\/110026\/"},"modified":"2025-12-07T11:31:09","modified_gmt":"2025-12-07T11:31:09","slug":"alisa-vainio-taraytti-maratonin-suomen-ennatyksen-uusiin-lukemiin-urheilu","status":"publish","type":"post","link":"https:\/\/www.europesays.com\/fi\/110026\/","title":{"rendered":"Alisa Vainio t\u00e4r\u00e4ytti maratonin Suomen enn\u00e4tyksen uusiin lukemiin | Urheilu"},"content":{"rendered":"<p>Maratoonari Alisa Vainio on juossut naisten Suomen enn\u00e4tyksen Valencian maratonilla.<\/p>\n<p>Vainio oli kilpailun nelj\u00e4s ajalla 2.20,48. Tokion MM-kisoissa syyskuussa viidenneksi sijoittunut Vainio paranteli omissa nimiss\u00e4 ollutta enn\u00e4tysaikaa yli kahdella minuutilla.<\/p>\n<p>Vainion Vantaan SM-maratonilla lokakuun alussa juoksema edellinen Suomen enn\u00e4tys oli 2.23,07.<\/p>\n<p>Kilpailun voitti Kenian Joyciline Jepkosgei ajalla 2.14,00.<\/p>\n","protected":false},"excerpt":{"rendered":"Maratoonari Alisa Vainio on juossut naisten Suomen enn\u00e4tyksen Valencian maratonilla. Vainio oli kilpailun nelj\u00e4s ajalla 2.20,48. Tokion MM-kisoissa&hellip;\n","protected":false},"author":2,"featured_media":110027,"comment_status":"","ping_status":"","sticky":false,"template":"","format":"standard","meta":{"footnotes":""},"categories":[158],"tags":[3912,33,31,30,405,2987,41,159,32,2676,160,161,162],"class_list":{"0":"post-110026","1":"post","2":"type-post","3":"status-publish","4":"format-standard","5":"has-post-thumbnail","7":"category-urheilu","8":"tag-alisa-vainio","9":"tag-fi","10":"tag-finland","11":"tag-finnish","12":"tag-helsingin-seutukunta","13":"tag-juoksu-urheilu","14":"tag-liikunta-ja-urheilu","15":"tag-sports","16":"tag-suomi","17":"tag-tokio","18":"tag-urheilu","19":"tag-urheilutapahtumat","20":"tag-yleisurheilu"},"share_on_mastodon":{"url":"https:\/\/pubeurope.com\/@fi\/115678064545668966","error":""},"_links":{"self":[{"href":"https:\/\/www.europesays.com\/fi\/wp-json\/wp\/v2\/posts\/110026","targetHints":{"allow":["GET"]}}],"collection":[{"href":"https:\/\/www.europesays.com\/fi\/wp-json\/wp\/v2\/posts"}],"about":[{"href":"https:\/\/www.europesays.com\/fi\/wp-json\/wp\/v2\/types\/post"}],"author":[{"embeddable":true,"href":"https:\/\/www.europesays.com\/fi\/wp-json\/wp\/v2\/users\/2"}],"replies":[{"embeddable":true,"href":"https:\/\/www.europesays.com\/fi\/wp-json\/wp\/v2\/comments?post=110026"}],"version-history":[{"count":0,"href":"https:\/\/www.europesays.com\/fi\/wp-json\/wp\/v2\/posts\/110026\/revisions"}],"wp:featuredmedia":[{"embeddable":true,"href":"https:\/\/www.europesays.com\/fi\/wp-json\/wp\/v2\/media\/110027"}],"wp:attachment":[{"href":"https:\/\/www.europesays.com\/fi\/wp-json\/wp\/v2\/media?parent=110026"}],"wp:term":[{"taxonomy":"category","embeddable":true,"href":"https:\/\/www.europesays.com\/fi\/wp-json\/wp\/v2\/categories?post=110026"},{"taxonomy":"post_tag","embeddable":true,"href":"https:\/\/www.europesays.com\/fi\/wp-json\/wp\/v2\/tags?post=110026"}],"curies":[{"name":"wp","href":"https:\/\/api.w.org\/{rel}","templated":true}]}}