{"id":110028,"date":"2025-12-07T11:32:11","date_gmt":"2025-12-07T11:32:11","guid":{"rendered":"https:\/\/www.europesays.com\/fi\/110028\/"},"modified":"2025-12-07T11:32:11","modified_gmt":"2025-12-07T11:32:11","slug":"vau-mitka-lihakset-talta-raspikurkku-bablo-nayttaa-nyt","status":"publish","type":"post","link":"https:\/\/www.europesays.com\/fi\/110028\/","title":{"rendered":"Vau, mitk\u00e4 lihakset \u2013 t\u00e4lt\u00e4 raspikurkku Bablo n\u00e4ytt\u00e4\u00e4 nyt!"},"content":{"rendered":"<p>            Allerin arkisto\n        <\/p>\n<p class=\"subtitle \">Bablo on kokenut alkoholismin ja el\u00e4m\u00e4n nurjan puolen, mutta viime vuodet h\u00e4nell\u00e4 on mennyt vallan mainiosti.<\/p>\n<p class=\"article-content article-content-width !bg-background\"> tunnetaan paremmin muusikko .<\/p>\n<p class=\"font-weight-bold m-font-weight-bold article-content article-content-width !bg-background\">Video: Viime vuoden Turpaanvetotalakoissa Bablon oli tyytyminen tappioon paikallista mahtimiest\u00e4, &#8221;Jyv\u00e4ukkoa&#8221; eli Matti Lappalaista vastaan k\u00e4ydyss\u00e4 ottelussa.<\/p>\n<p class=\"article-content article-content-width !bg-background\">Iisalmelainen nousi raketin lailla suomalaisen musiikkiviihteen tietoisuuteen, kun sanoittajalegenda  huomasi er\u00e4\u00e4n\u00e4 syyskuisena y\u00f6n\u00e4 vuonna 1990 Bablon r\u00e4mpytt\u00e4m\u00e4ss\u00e4 kitaraansa \u2014 ja loppu on historiaa, kuten jossain on tapana sanoa.<\/p>\n<p class=\"no_italic m-no_italic article-content article-content-width !bg-background\">Raspikurkun suuria hittej\u00e4 ovat muun muassa Syd\u00e4men pieneen huoneeseen, Reissumies, Taivas sinivalkoinen sek\u00e4 Alanyan kuningas.<\/p>\n<p>        <a itemprop=\"url\" href=\"https:\/\/www.seiska.fi\/vain-seiskassa\/nyt-jysahti-tunnettu-muusikko-aikoo-haastaa-stagalan-nyrkkeilyotteluun-vedan-sita-prinsessaa-turpaan\/1693995\" rel=\"nofollow noopener\" target=\"_blank\"><\/p>\n<p>\nTunnettu muusikko aikoo haastaa Stagalan\n<\/p>\n<p class=\"section-date\">\n        <strong class=\"article-section\" data-section=\"vain seiskassa\"><br \/>\n            vain seiskassa<br \/>\n        <\/strong><br \/>\n        7.5. 18:00\n    <\/p>\n<p>Nyt jys\u00e4hti! Tunnettu muusikko aikoo haastaa Stagalan nyrkkeilyotteluun: \u201dVed\u00e4n sit\u00e4 prinsessaa turpaan!\u201d\n    <\/p>\n<p itemprop=\"description\" class=\"subtitle \">\n    Babloa ei haittaa, ett\u00e4 h\u00e4nen ik\u00e4eronsa Stagalan kanssa on viel\u00e4 Immuakin suurempi: &#8221;Pist\u00e4 Immu potenssiin sata, niin aletaan olemaan aika l\u00e4hell\u00e4 minua&#8221;, Bablo lataa itsevarmana.\n<\/p>\n<p>        <\/a><\/p>\n<p>                <img decoding=\"async\" src=\"https:\/\/www.europesays.com\/fi\/wp-content\/uploads\/2025\/12\/2010706.webp\" width=\"576\" height=\"639\" alt=\"Muusikko Bablo eli Marko Junnilainen otteli Kiuruveden Turpaanvetotalakoissa 28.11.2025. Bablo nyrkkeili voitokkaasti toista muusikkoa, Nicky Rothenia vastaan.\" loading=\"lazy\" \/>            <\/p>\n<p>\n            Muusikko Bablo eli Marko Junnilainen otteli Kiuruveden Turpaanvetotalakoissa 28.11.2025. Bablo nyrkkeili voitokkaasti toista muusikkoa, Nicky Rothenia vastaan.<br \/>\n            Miikka Kaskinen\n        <\/p>\n<p>Itsemurhayritys<\/p>\n<p class=\"article-content article-content-width !bg-background\">Bablon el\u00e4m\u00e4 on ollut kaikkea muuta kuin k\u00e4denl\u00e4mp\u00f6inen, sill\u00e4 uraan sek\u00e4 ylip\u00e4\u00e4t\u00e4\u00e4n el\u00e4m\u00e4\u00e4n on mahtunut aimo annos nousuja ja laskuja.<\/p>\n<p class=\"article-content article-content-width !bg-background\">Mies on kamppaillut muun muassa alkoholin kanssa, ja pahimmillaan itsemurhaa on yritetty.<\/p>\n<p>        <a itemprop=\"url\" href=\"https:\/\/www.seiska.fi\/vain-seiskassa\/stagala-vastaa-bablon-nyrkkeilyhaasteeseen\/1694596\" rel=\"nofollow noopener\" target=\"_blank\"><\/p>\n<p>\nKommentoi my\u00f6s Immua!\n<\/p>\n<p class=\"section-date\">\n        <strong class=\"article-section\" data-section=\"vain seiskassa\"><br \/>\n            vain seiskassa<br \/>\n        <\/strong><br \/>\n        8.5. 17:30\n    <\/p>\n<p>Stagala vastaa Bablon nyrkkeilyhaasteeseen\n    <\/p>\n<p itemprop=\"description\" class=\"subtitle \">\n    Stagala kertoo, ett\u00e4 erilaisia haasteita on viikonlopun j\u00e4ljilt\u00e4 tullut \u201djoka tuutista\u201d.\n<\/p>\n<p>        <\/a><\/p>\n<p class=\"article-content article-content-width !bg-background\">Nyt 57-vuotias Bablo on p\u00e4ihitt\u00e4nyt demoninsa ja el\u00e4\u00e4 seesteist\u00e4 el\u00e4m\u00e4\u00e4 Iisalmen kupeessa Kiuruvedell\u00e4.<\/p>\n<p class=\"article-content article-content-width !bg-background\">Kiuruvedell\u00e4 j\u00e4rjestet\u00e4\u00e4n my\u00f6s perinteiset Turpaanvetotalakoot vuoden loppupuolella.<\/p>\n<p>                <img decoding=\"async\" src=\"https:\/\/www.europesays.com\/fi\/wp-content\/uploads\/2025\/12\/2010709.webp\" width=\"576\" height=\"639\" alt=\"'Kemin Costnerilla' paistoi l\u00e4pi ep\u00e4puhtaus, mutta jokusen iskun h\u00e4nkin sai perille.\" loading=\"lazy\" \/>            <\/p>\n<p>\n            &#8221;Kemin Costnerilla&#8221; paistoi l\u00e4pi ep\u00e4puhtaus, mutta jokusen iskun h\u00e4nkin sai perille.<br \/>\n            Miikka Kaskinen\n        <\/p>\n<p>Viime vuonna Jyv\u00e4ukko vei voiton<\/p>\n<p class=\"article-content article-content-width !bg-background\">Viime vuonna Bablo osallistui n\u00e4yt\u00f6sotteluun ensi kertaa, mutta tuolloin paikallinen mahtimies \u201dJyv\u00e4ukko\u201d, eli , osoittautui liian kovaksi vastukseksi.<\/p>\n<p class=\"article-content article-content-width !bg-background\">Perjantaina 28. marraskuuta Bablo otteli toistamiseen talakoissa \u2013 t\u00e4ll\u00e4 kertaa voitokkaasti.<\/p>\n<p class=\"article-content article-content-width !bg-background\">93-kiloinen Bablo sai vastaansa 41-vuotiaan rokkikollegan, .<\/p>\n<p class=\"article-content article-content-width !bg-background\">\u201dKemin Costnerilla\u201d oli ylivoimainen painoetu, sill\u00e4 miehen painoksi ilmoitettiin per\u00e4ti 122 kiloa.<\/p>\n<p>        <a itemprop=\"url\" href=\"https:\/\/www.seiska.fi\/vain-seiskassa\/suosikkilaulaja-sai-turpaansa-kiuruvedella-kuvat\/1538591\" rel=\"nofollow noopener\" target=\"_blank\"><\/p>\n<p class=\"section-date\">\n        <strong class=\"article-section\" data-section=\"vain seiskassa\"><br \/>\n            vain seiskassa<br \/>\n        <\/strong><br \/>\n        2.12.2024 16:00\n    <\/p>\n<p>Suosikkilaulaja sai turpaansa Kiuruvedell\u00e4 \u2013 kuvat\n    <\/p>\n<p itemprop=\"description\" class=\"subtitle \">\n    Pohjois-Savossa n\u00e4htiin todelliset turpaanvetotalkoot.\n<\/p>\n<p>        <\/a><\/p>\n<p>                <img decoding=\"async\" src=\"https:\/\/www.europesays.com\/fi\/wp-content\/uploads\/2025\/12\/2010707.webp\" width=\"576\" height=\"639\" alt=\"Bablon kroppaa katsoessa ei voi kuin ihmetell\u00e4, ett\u00e4 miehell\u00e4 on takanaan useampi syd\u00e4nkohtaus sek\u00e4 muita haasteita el\u00e4m\u00e4n suhteen.\" loading=\"lazy\" \/>            <\/p>\n<p>\n            Bablon kroppaa katsoessa ei voi kuin ihmetell\u00e4, ett\u00e4 miehell\u00e4 on takanaan useampi syd\u00e4nkohtaus sek\u00e4 muita haasteita el\u00e4m\u00e4n suhteen.<br \/>\n            Miikka Kaskinen\n        <\/p>\n<p> Kemin Costner oli kokematon<\/p>\n<p class=\"article-content article-content-width !bg-background\">T\u00e4ll\u00e4 kertaa ylipaino ei kuitenkaan ollut ylivoimaa, sill\u00e4 Nickyn otteista paistoi l\u00e4pi ep\u00e4puhtaus ja kokemattomuus.<\/p>\n<p class=\"article-content article-content-width !bg-background\">Tuomari lopulta keskeytti ottelun, koska ilmeisesti koki Nickyn olevan touhusta sen verran pihalla, ett\u00e4 tilanne oli t\u00e4lle vaarallinen.<\/p>\n<p class=\"article-content article-content-width !bg-background\">Bablo sen sijaan oli yht\u00e4 hymy\u00e4 sek\u00e4 ennen ett\u00e4 j\u00e4lkeen ottelun.<\/p>\n<p class=\"article-content article-content-width !bg-background\">H\u00e4n kertoikin Seiskalle treenanneensa Turpaanvetotalakoita varten todella kovaa.<\/p>\n<p>                <img decoding=\"async\" src=\"https:\/\/www.europesays.com\/fi\/wp-content\/uploads\/2025\/12\/2010708.webp\" width=\"576\" height=\"639\" alt=\"Tuomari lopetti ottelun kesken, sill\u00e4 koki ilmeisesti ottelun vaaralliseksi Nickylle.\" loading=\"lazy\" \/>            <\/p>\n<p>\n            Tuomari lopetti ottelun kesken, sill\u00e4 koki ilmeisesti ottelun vaaralliseksi Nickylle.<br \/>\n            Miikka Kaskinen\n        <\/p>\n<p>Nicky l\u00e4mmitteli Babloa<\/p>\n<p class=\"article-content article-content-width !bg-background\">Puheista p\u00e4\u00e4tellen Bablon nyrkkeilyt eiv\u00e4t j\u00e4\u00e4 kahteen otteluun.<\/p>\n<p class=\"article-content article-content-width !bg-background\">Tapahtuman jatkot j\u00e4rjestettiin Kiuruveden ytimess\u00e4 sijaitsevassa ravintola Peltohovissa.<\/p>\n<p class=\"article-content article-content-width !bg-background\">Jotain kohtalonomaista oli siin\u00e4kin, ett\u00e4 jatkoilla esiintyi Bablo, jota l\u00e4mmitteli Nicky, joka esitti muun muassa Dingon kappaleita.<\/p>\n<p class=\"article-content article-content-width !bg-background\">Turpaanvetotalakoissa n\u00e4htiin my\u00f6s yksi ammattilaisottelu, jossa \u201dHuotarin h\u00e4rk\u00e4\u201d  voitti selv\u00e4sti slovakialaisen .<\/p>\n","protected":false},"excerpt":{"rendered":"Allerin arkisto Bablo on kokenut alkoholismin ja el\u00e4m\u00e4n nurjan puolen, mutta viime vuodet h\u00e4nell\u00e4 on mennyt vallan mainiosti.&hellip;\n","protected":false},"author":2,"featured_media":110029,"comment_status":"","ping_status":"","sticky":false,"template":"","format":"standard","meta":{"footnotes":""},"categories":[130],"tags":[20512,137,33,31,30,20515,20513,32,19719,1700,20514,109],"class_list":{"0":"post-110028","1":"post","2":"type-post","3":"status-publish","4":"format-standard","5":"has-post-thumbnail","7":"category-viihde","8":"tag-bablo","9":"tag-entertainment","10":"tag-fi","11":"tag-finland","12":"tag-finnish","13":"tag-marko-junnilainen","14":"tag-matti-lappalainen","15":"tag-suomi","16":"tag-turpaanvetotalakoot","17":"tag-urheilulaji","18":"tag-vexi-salmi","19":"tag-viihde"},"share_on_mastodon":{"url":"https:\/\/pubeurope.com\/@fi\/115678068701019737","error":""},"_links":{"self":[{"href":"https:\/\/www.europesays.com\/fi\/wp-json\/wp\/v2\/posts\/110028","targetHints":{"allow":["GET"]}}],"collection":[{"href":"https:\/\/www.europesays.com\/fi\/wp-json\/wp\/v2\/posts"}],"about":[{"href":"https:\/\/www.europesays.com\/fi\/wp-json\/wp\/v2\/types\/post"}],"author":[{"embeddable":true,"href":"https:\/\/www.europesays.com\/fi\/wp-json\/wp\/v2\/users\/2"}],"replies":[{"embeddable":true,"href":"https:\/\/www.europesays.com\/fi\/wp-json\/wp\/v2\/comments?post=110028"}],"version-history":[{"count":0,"href":"https:\/\/www.europesays.com\/fi\/wp-json\/wp\/v2\/posts\/110028\/revisions"}],"wp:featuredmedia":[{"embeddable":true,"href":"https:\/\/www.europesays.com\/fi\/wp-json\/wp\/v2\/media\/110029"}],"wp:attachment":[{"href":"https:\/\/www.europesays.com\/fi\/wp-json\/wp\/v2\/media?parent=110028"}],"wp:term":[{"taxonomy":"category","embeddable":true,"href":"https:\/\/www.europesays.com\/fi\/wp-json\/wp\/v2\/categories?post=110028"},{"taxonomy":"post_tag","embeddable":true,"href":"https:\/\/www.europesays.com\/fi\/wp-json\/wp\/v2\/tags?post=110028"}],"curies":[{"name":"wp","href":"https:\/\/api.w.org\/{rel}","templated":true}]}}