{"id":110032,"date":"2025-12-07T11:36:08","date_gmt":"2025-12-07T11:36:08","guid":{"rendered":"https:\/\/www.europesays.com\/fi\/110032\/"},"modified":"2025-12-07T11:36:08","modified_gmt":"2025-12-07T11:36:08","slug":"beninissa-meneillaan-vallankaappausyritys-ulkoministeri-sanoo-tilanteen-olevan-hallussa","status":"publish","type":"post","link":"https:\/\/www.europesays.com\/fi\/110032\/","title":{"rendered":"Beniniss\u00e4 meneill\u00e4\u00e4n vallankaappausyritys, ulkoministeri sanoo tilanteen olevan hallussa"},"content":{"rendered":"<p>Benin|Joukko upseereita v\u00e4itti syrj\u00e4ytt\u00e4neens\u00e4 presidentin. Ulkoministeri v\u00e4itt\u00e4\u00e4 tilanteen olevan hallussa.<\/p>\n<p class=\"article-body mb-nof-24 px-nof-16\">L\u00e4nsiafrikkalaisessa Beninin valtiossa on menossa vallankaappausyritys.<\/p>\n<p class=\"article-body mb-nof-24 px-nof-16\">Beninin valtiontelevisioon ilmestyi sunnuntaina joukko sotilaita, jotka v\u00e4ittiv\u00e4t syrj\u00e4ytt\u00e4neens\u00e4 presidentti <a class=\"article-personlink\" href=\"https:\/\/www.hs.fi\/haku\/?query=Patrice%20Talonin\" rel=\"nofollow noopener\" target=\"_blank\">Patrice Talonin<\/a> ja valtiolliset elimet, <a class=\"article-genericlink\" href=\"https:\/\/edition.cnn.com\/2025\/12\/07\/africa\/benin-soldiers-announce-apparent-coup-intl\" rel=\"nofollow noopener\" target=\"_blank\">kertoi uutiskanava CNN<\/a>.<\/p>\n<p class=\"article-body mb-nof-24 px-nof-16\">Sotilaat perustelivat vallankaappausta Talonin maalle aiheuttamalla vahingolla.<\/p>\n<p class=\"article-body mb-nof-24 px-nof-16\">Sotilasjuntta kertoi valinneensa johtonsa everstiluutnantti <a class=\"article-personlink\" href=\"https:\/\/www.hs.fi\/haku\/?query=Pascal%20Tigrin\" rel=\"nofollow noopener\" target=\"_blank\">Pascal Tigrin<\/a>. Ranskan suurl\u00e4hetyst\u00f6 kertoi Britannian yleisradiolle <a class=\"article-genericlink\" href=\"https:\/\/www.bbc.com\/news\/articles\/c62v7n9wzkyo\" rel=\"nofollow noopener\" target=\"_blank\">BBC:n mukaan<\/a>, ett\u00e4 hallituskaupungin Cotonoun kaduilla oli kuultu laukauksia.<\/p>\n<p class=\"article-body mb-nof-24 px-nof-16\">Ulkoministeri <a class=\"article-personlink\" href=\"https:\/\/www.hs.fi\/haku\/?query=Shegun%20Adjadi%20Bakari\" rel=\"nofollow noopener\" target=\"_blank\">Shegun Adjadi Bakari<\/a> kiisti sotilaiden v\u00e4itteet uutistoimisto Reutersille.<\/p>\n<p class=\"article-body mb-nof-24 px-nof-16\">\u201dTilanne on hallussamme. Suurin osa asevoimista on yh\u00e4 uskollinen, ja otamme ohjat k\u00e4siimme\u201d Bakari sanoi.<\/p>\n<p class=\"article-body mb-nof-24 px-nof-16\">Uutistoimisto AFP:n l\u00e4hde presidentinhallinnossa kiisti, ett\u00e4 presidentti Talon olisi syrj\u00e4ytetty. \u201dT\u00e4m\u00e4 on pieni joukko, jonka hallussa on vain televisio. [Cotonoun] kaupunki ja maa ovat t\u00e4ysin turvassa.\u201d<\/p>\n<p class=\"article-body mb-nof-24 px-nof-16\">Benin koki useita vallankaappauksia sen j\u00e4lkeen, kun se itsen\u00e4istyi Ranskan siirtomaavallasta 1960, mutta 1990-luvulta l\u00e4htien maa on ollut vakaa.<\/p>\n<p class=\"article-body mb-nof-24 px-nof-16\">Presidentti Talon on johtanut maata vuodesta 2016. H\u00e4nen oli m\u00e4\u00e4r\u00e4 astua syrj\u00e4\u00e4n huhtikuussa 2026, kun maassa j\u00e4rjestet\u00e4\u00e4n presidentinvaalit.<\/p>\n<p class=\"article-body mb-nof-24 px-nof-16\">Uutinen p\u00e4ivittyy.<\/p>\n","protected":false},"excerpt":{"rendered":"Benin|Joukko upseereita v\u00e4itti syrj\u00e4ytt\u00e4neens\u00e4 presidentin. Ulkoministeri v\u00e4itt\u00e4\u00e4 tilanteen olevan hallussa. L\u00e4nsiafrikkalaisessa Beninin valtiossa on menossa vallankaappausyritys. Beninin valtiontelevisioon&hellip;\n","protected":false},"author":2,"featured_media":110033,"comment_status":"","ping_status":"","sticky":false,"template":"","format":"standard","meta":{"footnotes":""},"categories":[14],"tags":[22,23,26,27,33,31,30,17,46,24,25,28,29,15,18,21,32,19,20,56,16,59,60,61],"class_list":{"0":"post-110032","1":"post","2":"type-post","3":"status-publish","4":"format-standard","5":"has-post-thumbnail","7":"category-ulkomaat","8":"tag-breaking-news","9":"tag-breakingnews","10":"tag-featured-news","11":"tag-featurednews","12":"tag-fi","13":"tag-finland","14":"tag-finnish","15":"tag-headlines","16":"tag-helsingin-sanomat","17":"tag-latest-news","18":"tag-latestnews","19":"tag-main-news","20":"tag-mainnews","21":"tag-news","22":"tag-otsikot","23":"tag-paauutiset","24":"tag-suomi","25":"tag-top-stories","26":"tag-topstories","27":"tag-ulkomaat","28":"tag-uutiset","29":"tag-world","30":"tag-world-news","31":"tag-worldnews"},"share_on_mastodon":{"url":"https:\/\/pubeurope.com\/@fi\/115678084155087089","error":""},"_links":{"self":[{"href":"https:\/\/www.europesays.com\/fi\/wp-json\/wp\/v2\/posts\/110032","targetHints":{"allow":["GET"]}}],"collection":[{"href":"https:\/\/www.europesays.com\/fi\/wp-json\/wp\/v2\/posts"}],"about":[{"href":"https:\/\/www.europesays.com\/fi\/wp-json\/wp\/v2\/types\/post"}],"author":[{"embeddable":true,"href":"https:\/\/www.europesays.com\/fi\/wp-json\/wp\/v2\/users\/2"}],"replies":[{"embeddable":true,"href":"https:\/\/www.europesays.com\/fi\/wp-json\/wp\/v2\/comments?post=110032"}],"version-history":[{"count":0,"href":"https:\/\/www.europesays.com\/fi\/wp-json\/wp\/v2\/posts\/110032\/revisions"}],"wp:featuredmedia":[{"embeddable":true,"href":"https:\/\/www.europesays.com\/fi\/wp-json\/wp\/v2\/media\/110033"}],"wp:attachment":[{"href":"https:\/\/www.europesays.com\/fi\/wp-json\/wp\/v2\/media?parent=110032"}],"wp:term":[{"taxonomy":"category","embeddable":true,"href":"https:\/\/www.europesays.com\/fi\/wp-json\/wp\/v2\/categories?post=110032"},{"taxonomy":"post_tag","embeddable":true,"href":"https:\/\/www.europesays.com\/fi\/wp-json\/wp\/v2\/tags?post=110032"}],"curies":[{"name":"wp","href":"https:\/\/api.w.org\/{rel}","templated":true}]}}